{"id":19222,"date":"2025-09-02T16:49:19","date_gmt":"2025-09-02T19:49:19","guid":{"rendered":"https:\/\/www.paparazzinews.com.br\/?p=19222"},"modified":"2025-09-02T16:49:22","modified_gmt":"2025-09-02T19:49:22","slug":"policia-militar-ambiental-de-sp-recebe-premio-nacional-por-combate-a-crimes-ambientais-e-uso-de-tecnologia-inovadora","status":"publish","type":"post","link":"https:\/\/www.paparazzinews.com.br\/?p=19222","title":{"rendered":"Pol\u00edcia Militar Ambiental de SP recebe pr\u00eamio nacional por combate a crimes ambientais e uso de tecnologia inovadora"},"content":{"rendered":"\n<p>A <strong>Pol\u00edcia Militar Ambiental do Estado de S\u00e3o Paulo<\/strong> foi reconhecida nacionalmente pelo trabalho de excel\u00eancia no <strong>combate a crimes ambientais<\/strong>, especialmente em inc\u00eandios florestais. O pr\u00eamio foi concedido pelo <strong>Minist\u00e9rio da Justi\u00e7a<\/strong> e pela <strong>Secretaria da Seguran\u00e7a P\u00fablica Nacional (Senasp)<\/strong>, destacando o uso estrat\u00e9gico da plataforma <strong>Brasil Mais \u2013 Meio Ambiente Integrado e Seguro<\/strong>. Foto: Ag\u00eancia SP.<\/p>\n\n\n\n<h3 class=\"wp-block-heading\">Monitoramento em tempo real<\/h3>\n\n\n\n<p>A ferramenta utiliza imagens de sat\u00e9lite para realizar o monitoramento em tempo real do solo, possibilitando identificar de forma \u00e1gil altera\u00e7\u00f5es como <strong>focos de inc\u00eandio, desmatamento, constru\u00e7\u00f5es irregulares em \u00e1reas de dif\u00edcil acesso<\/strong> e at\u00e9 o avan\u00e7o da ocupa\u00e7\u00e3o populacional.<\/p>\n\n\n\n<p>Segundo o <strong>capit\u00e3o Alonso Silva<\/strong>, comandante da 2\u00aa Companhia da PM Ambiental, localizada em <strong>Fernand\u00f3polis<\/strong> e respons\u00e1vel pela fiscaliza\u00e7\u00e3o em <strong>49 munic\u00edpios do noroeste paulista<\/strong>, a tecnologia gera efici\u00eancia e economia:<\/p>\n\n\n\n<blockquote class=\"wp-block-quote is-layout-flow wp-block-quote-is-layout-flow\">\n<p>\u201cA plataforma representa uma economia de tempo e gasto para as for\u00e7as de seguran\u00e7a, j\u00e1 que o policial s\u00f3 \u00e9 deslocado para o local quando realmente h\u00e1 um foco de inc\u00eandio, identificado previamente pela ferramenta.\u201d<\/p>\n<\/blockquote>\n\n\n\n<h3 class=\"wp-block-heading\">Resultados expressivos<\/h3>\n\n\n\n<p>Somente em 2024, primeiro ano de uso da tecnologia, a unidade lavrou <strong>411 autos de infra\u00e7\u00e3o ambiental<\/strong>, relacionados a queimadas e desmatamentos, totalizando <strong>R$ 19 milh\u00f5es em multas<\/strong>. Entre janeiro e julho de 2025, j\u00e1 foram aplicadas san\u00e7\u00f5es que somam <strong>R$ 165 mil<\/strong>.<\/p>\n\n\n\n<p>Os dados ficam dispon\u00edveis na <strong>Central de Comando e Controle da PM Ambiental<\/strong>, que os repassa \u00e0s equipes em campo, permitindo atua\u00e7\u00e3o mais r\u00e1pida e direcionada.<\/p>\n\n\n\n<h3 class=\"wp-block-heading\">Premia\u00e7\u00e3o em Bras\u00edlia<\/h3>\n\n\n\n<p>A homenagem foi entregue durante o <strong>Encontro Nacional de Usu\u00e1rios Rede Mais<\/strong>, em Bras\u00edlia, com men\u00e7\u00e3o honrosa pelo <strong>uso estrat\u00e9gico da plataforma Brasil Mais no Combate ao Fogo e Identifica\u00e7\u00e3o do In\u00edcio do Evento Incendi\u00e1rio<\/strong>.<br>Para o capit\u00e3o Silva, o reconhecimento refor\u00e7a a import\u00e2ncia da tecnologia aliada \u00e0 seguran\u00e7a:<\/p>\n\n\n\n<blockquote class=\"wp-block-quote is-layout-flow wp-block-quote-is-layout-flow\">\n<p>\u201cO pr\u00eamio \u00e9 uma coroa\u00e7\u00e3o do servi\u00e7o realizado pela Pol\u00edcia Militar, que utiliza a tecnologia a servi\u00e7o da popula\u00e7\u00e3o para fazer justi\u00e7a e criminalizar os verdadeiros culpados pelos inc\u00eandios.\u201d<\/p>\n<\/blockquote>\n\n\n\n<h3 class=\"wp-block-heading\">Queda hist\u00f3rica nos focos de queimadas<\/h3>\n\n\n\n<p>A conquista vem em um cen\u00e1rio positivo para o estado de S\u00e3o Paulo, que registrou uma <strong>redu\u00e7\u00e3o de 86% nos focos de inc\u00eandio em agosto de 2025<\/strong> em compara\u00e7\u00e3o ao mesmo per\u00edodo do ano passado. Foram <strong>494 focos<\/strong>, contra <strong>3.612 em 2024<\/strong>, n\u00famero inferior tamb\u00e9m \u00e0 m\u00e9dia hist\u00f3rica de 1.014 focos no m\u00eas.<\/p>\n\n\n\n<p>A queda est\u00e1 diretamente relacionada ao fortalecimento das a\u00e7\u00f5es do Governo de S\u00e3o Paulo com a <strong>Opera\u00e7\u00e3o SP Sem Fogo<\/strong>, realizada em parceria entre as Secretarias de Seguran\u00e7a P\u00fablica, Meio Ambiente, Infraestrutura e Log\u00edstica (Semil), al\u00e9m da Defesa Civil Estadual. Durante o per\u00edodo de estiagem, a opera\u00e7\u00e3o entra na fase vermelha, intensificando as medidas de preven\u00e7\u00e3o e combate.<\/p>\n\n\n\n<p>Com a premia\u00e7\u00e3o e os resultados alcan\u00e7ados, a <strong>PM Ambiental paulista<\/strong> reafirma seu papel como refer\u00eancia nacional no uso de tecnologia e na preserva\u00e7\u00e3o do meio ambiente.<\/p>\n\n\n\n<p><strong><em><strong><em><strong><em><strong><em><strong><em><strong><em><strong><em><strong><em><strong><em><strong><em><strong><em><strong><em><strong><em><strong><em><strong><em><strong><em><strong><em><strong><em><strong><em><strong><em><strong><em><strong><em><strong><em><strong><em><strong><em><strong><em><strong><em><strong><em><strong><em><strong><em><strong><em><strong><em><strong><em><strong><em><strong><em><strong><em><strong><em><strong><em><strong><em><strong><em><strong><em><strong><em><strong><em><strong><em><strong><em><strong><em><strong><em><strong><em><strong><em><strong><em><strong><em><strong><em><strong><em><strong><em><strong><em><strong><em><strong><em><strong><em><strong><em><strong><em><strong><em><strong><em><strong><em><strong><em><strong><em><strong><em><strong><em><strong><em><strong><em><strong><em><strong><em><strong><em><strong><em><strong><em><strong><em><strong><em><strong><em><strong><em><strong><em><strong><em><strong><em><strong><em><strong><em><strong><em><strong><em><strong><em><strong><em><strong><em><strong><em><strong><em><strong><em><strong><em><strong><em><strong><em><strong><em><strong><em><strong><em><strong><em><strong><em><strong><em><strong><em><strong><em><strong><em><strong><em><strong><em><strong><em><strong><em><strong><em><strong><em><strong><em><strong><em><strong><em><strong><em><strong><em><strong><em><strong><em><strong><em><strong><em><strong><em><strong><em><strong><em><strong><em><strong><em><strong><em><strong><em><strong><em><strong><em><strong><em><strong><em><strong><em><strong><em><strong><em><strong><em><strong><em><strong><em><strong><em><strong><em><strong><em><strong><em><strong><em><strong><em><strong><em><strong><em><strong><em><strong><em><strong><em><strong><em><strong><em><strong><em><strong><em><strong><em><strong><em><strong><em><strong><em><strong><em><strong><em><strong><em><strong><em><strong><em><strong><em><strong><em><strong><em><strong><em><strong><em><strong><em><strong><em><strong><em><strong><em><strong><em><strong><em><strong><em><strong><em><strong><em><strong><em><strong><em><strong><em><strong><em><strong><em><strong><em><strong><em><strong><em><strong><em><strong><em><strong><em><strong><em><strong><em><strong><em><strong><em><strong><em><strong><em><strong><em><strong><em><strong><em><strong><em><strong><em><strong><em><strong><em><strong><em><strong><em><strong><em><strong><em><strong><em><strong><em><strong><em><strong><em><strong><em><strong><em><strong><em><strong><em><strong><em><strong><em><strong><em><strong><em><strong><em><strong><em><strong><em><strong><em><strong><em><strong><em><strong><em><strong><em><strong><em><strong><em><strong><em><strong><em><strong><em><strong><em><strong><em><strong><em><strong><em><strong><em><strong><em><strong><em><strong><em><strong><em><strong><em><strong><em><strong><em><strong><em><strong><em><strong><em><strong><em><strong><em><strong><em><strong><em><strong><em><strong><em><strong><em><strong><em><strong><em><strong>Siga nossas redes sociais e\u00a0participe da nossa comunidade do Canal de noticias do Roni Paparazzi no Whatsapp e receba as principais not\u00edcias da regi\u00e3o de Ara\u00e7atuba do dia direto no seu celular siga nosso \u00a0<a href=\"https:\/\/www.instagram.com\/ronipaparazzi\/\">Instagram e\u00a0<\/a><a href=\"https:\/\/www.facebook.com\/ronipaparazzicomvoce\">Facebook<\/a><a href=\"https:\/\/chat.whatsapp.com\/GsG1XKo0jPOEfjzudWQcml\" target=\"_blank\" rel=\"noreferrer noopener\">\u00a0Clique aqui e se inscreva.<\/a><\/strong><\/em><\/strong><\/em><\/strong><\/em><\/strong><\/em><\/strong><\/em><\/strong><\/em><\/strong><\/em><\/strong><\/em><\/strong><\/em><\/strong><\/em><\/strong><\/em><\/strong><\/em><\/strong><\/em><\/strong><\/em><\/strong><\/em><\/strong><\/em><\/strong><\/em><\/strong><\/em><\/strong><\/em><\/strong><\/em><\/strong><\/em><\/strong><\/em><\/strong><\/em><\/strong><\/em><\/strong><\/em><\/strong><\/em><\/strong><\/em><\/strong><\/em><\/strong><\/em><\/strong><\/em><\/strong><\/em><\/strong><\/em><\/strong><\/em><\/strong><\/em><\/strong><\/em><\/strong><\/em><\/strong><\/em><\/strong><\/em><\/strong><\/em><\/strong><\/em><\/strong><\/em><\/strong><\/em><\/strong><\/em><\/strong><\/em><\/strong><\/em><\/strong><\/em><\/strong><\/em><\/strong><\/em><\/strong><\/em><\/strong><\/em><\/strong><\/em><\/strong><\/em><\/strong><\/em><\/strong><\/em><\/strong><\/em><\/strong><\/em><\/strong><\/em><\/strong><\/em><\/strong><\/em><\/strong><\/em><\/strong><\/em><\/strong><\/em><\/strong><\/em><\/strong><\/em><\/strong><\/em><\/strong><\/em><\/strong><\/em><\/strong><\/em><\/strong><\/em><\/strong><\/em><\/strong><\/em><\/strong><\/em><\/strong><\/em><\/strong><\/em><\/strong><\/em><\/strong><\/em><\/strong><\/em><\/strong><\/em><\/strong><\/em><\/strong><\/em><\/strong><\/em><\/strong><\/em><\/strong><\/em><\/strong><\/em><\/strong><\/em><\/strong><\/em><\/strong><\/em><\/strong><\/em><\/strong><\/em><\/strong><\/em><\/strong><\/em><\/strong><\/em><\/strong><\/em><\/strong><\/em><\/strong><\/em><\/strong><\/em><\/strong><\/em><\/strong><\/em><\/strong><\/em><\/strong><\/em><\/strong><\/em><\/strong><\/em><\/strong><\/em><\/strong><\/em><\/strong><\/em><\/strong><\/em><\/strong><\/em><\/strong><\/em><\/strong><\/em><\/strong><\/em><\/strong><\/em><\/strong><\/em><\/strong><\/em><\/strong><\/em><\/strong><\/em><\/strong><\/em><\/strong><\/em><\/strong><\/em><\/strong><\/em><\/strong><\/em><\/strong><\/em><\/strong><\/em><\/strong><\/em><\/strong><\/em><\/strong><\/em><\/strong><\/em><\/strong><\/em><\/strong><\/em><\/strong><\/em><\/strong><\/em><\/strong><\/em><\/strong><\/em><\/strong><\/em><\/strong><\/em><\/strong><\/em><\/strong><\/em><\/strong><\/em><\/strong><\/em><\/strong><\/em><\/strong><\/em><\/strong><\/em><\/strong><\/em><\/strong><\/em><\/strong><\/em><\/strong><\/em><\/strong><\/em><\/strong><\/em><\/strong><\/em><\/strong><\/em><\/strong><\/em><\/strong><\/em><\/strong><\/em><\/strong><\/em><\/strong><\/em><\/strong><\/em><\/strong><\/em><\/strong><\/em><\/strong><\/em><\/strong><\/em><\/strong><\/em><\/strong><\/em><\/strong><\/em><\/strong><\/em><\/strong><\/em><\/strong><\/em><\/strong><\/em><\/strong><\/em><\/strong><\/em><\/strong><\/em><\/strong><\/em><\/strong><\/em><\/strong><\/em><\/strong><\/em><\/strong><\/em><\/strong><\/em><\/strong><\/em><\/strong><\/em><\/strong><\/em><\/strong><\/em><\/strong><\/em><\/strong><\/em><\/strong><\/em><\/strong><\/em><\/strong><\/em><\/strong><\/em><\/strong><\/em><\/strong><\/em><\/strong><\/em><\/strong><\/em><\/strong><\/em><\/strong><\/em><\/strong><\/em><\/strong><\/em><\/strong><\/em><\/strong><\/em><\/strong><\/em><\/strong><\/em><\/strong><\/em><\/strong><\/em><\/strong><\/em><\/strong><\/em><\/strong><\/em><\/strong><\/em><\/strong><\/em><\/strong><\/em><\/strong><\/em><\/strong><\/em><\/strong><\/em><\/strong><\/em><\/strong><\/em><\/strong><\/em><\/strong><\/em><\/strong><\/em><\/strong><\/em><\/strong><\/em><\/strong><\/em><\/strong><\/em><\/strong><\/em><\/strong><\/em><\/strong><\/em><\/strong><\/em><\/strong><\/em><\/strong><\/em><\/strong><\/em><\/strong><\/em><\/strong><\/em><\/strong><\/em><\/strong><\/em><\/strong><\/em><\/strong><\/em><\/strong><\/em><\/strong><\/em><\/strong><\/em><\/strong><\/em><\/strong><\/em><\/strong><\/em><\/strong><\/em><\/strong><\/em><\/strong><\/em><\/strong><\/em><\/strong><\/em><\/strong><\/em><\/strong><\/em><\/strong><\/em><\/strong><\/em><\/strong><\/em><\/strong><\/em><\/strong><\/em><\/strong><\/em><\/strong><\/em><\/strong><\/p>\n","protected":false},"excerpt":{"rendered":"<p>A Pol\u00edcia Militar Ambiental do Estado de S\u00e3o Paulo foi reconhecida nacionalmente pelo trabalho de excel\u00eancia no combate a crimes ambientais, especialmente em inc\u00eandios florestais. O pr\u00eamio foi concedido pelo Minist\u00e9rio da Justi\u00e7a e pela Secretaria da Seguran\u00e7a P\u00fablica Nacional (Senasp), destacando o uso estrat\u00e9gico da plataforma Brasil Mais \u2013 Meio Ambiente Integrado e Seguro. &hellip;<\/p>\n","protected":false},"author":1,"featured_media":19223,"comment_status":"open","ping_status":"open","sticky":false,"template":"","format":"standard","meta":{"_jetpack_memberships_contains_paid_content":false,"footnotes":"","jetpack_publicize_message":"","jetpack_publicize_feature_enabled":true,"jetpack_social_post_already_shared":true,"jetpack_social_options":{"image_generator_settings":{"template":"highway","default_image_id":0,"enabled":false},"version":2}},"categories":[3],"tags":[],"class_list":["post-19222","post","type-post","status-publish","format-standard","has-post-thumbnail","hentry","category-policial"],"jetpack_publicize_connections":[],"jetpack_featured_media_url":"https:\/\/i0.wp.com\/www.paparazzinews.com.br\/wp-content\/uploads\/2025\/09\/Imagem-do-WhatsApp-de-2025-09-01-as-18.12.06_6e8a3ed7-e1756842160406.jpg?fit=1000%2C666&ssl=1","views":"840","jetpack_likes_enabled":true,"jetpack_sharing_enabled":true,"_links":{"self":[{"href":"https:\/\/www.paparazzinews.com.br\/index.php?rest_route=\/wp\/v2\/posts\/19222","targetHints":{"allow":["GET"]}}],"collection":[{"href":"https:\/\/www.paparazzinews.com.br\/index.php?rest_route=\/wp\/v2\/posts"}],"about":[{"href":"https:\/\/www.paparazzinews.com.br\/index.php?rest_route=\/wp\/v2\/types\/post"}],"author":[{"embeddable":true,"href":"https:\/\/www.paparazzinews.com.br\/index.php?rest_route=\/wp\/v2\/users\/1"}],"replies":[{"embeddable":true,"href":"https:\/\/www.paparazzinews.com.br\/index.php?rest_route=%2Fwp%2Fv2%2Fcomments&post=19222"}],"version-history":[{"count":1,"href":"https:\/\/www.paparazzinews.com.br\/index.php?rest_route=\/wp\/v2\/posts\/19222\/revisions"}],"predecessor-version":[{"id":19224,"href":"https:\/\/www.paparazzinews.com.br\/index.php?rest_route=\/wp\/v2\/posts\/19222\/revisions\/19224"}],"wp:featuredmedia":[{"embeddable":true,"href":"https:\/\/www.paparazzinews.com.br\/index.php?rest_route=\/wp\/v2\/media\/19223"}],"wp:attachment":[{"href":"https:\/\/www.paparazzinews.com.br\/index.php?rest_route=%2Fwp%2Fv2%2Fmedia&parent=19222"}],"wp:term":[{"taxonomy":"category","embeddable":true,"href":"https:\/\/www.paparazzinews.com.br\/index.php?rest_route=%2Fwp%2Fv2%2Fcategories&post=19222"},{"taxonomy":"post_tag","embeddable":true,"href":"https:\/\/www.paparazzinews.com.br\/index.php?rest_route=%2Fwp%2Fv2%2Ftags&post=19222"}],"curies":[{"name":"wp","href":"https:\/\/api.w.org\/{rel}","templated":true}]}}