{"id":19219,"date":"2025-09-02T16:26:55","date_gmt":"2025-09-02T19:26:55","guid":{"rendered":"https:\/\/www.paparazzinews.com.br\/?p=19219"},"modified":"2025-09-02T16:26:57","modified_gmt":"2025-09-02T19:26:57","slug":"sp-inicia-notificacao-de-700-pessoas-em-posse-de-celulares-roubados-ou-furtados-com-nova-fase-do-programa-sp-mobile","status":"publish","type":"post","link":"https:\/\/www.paparazzinews.com.br\/?p=19219","title":{"rendered":"SP inicia notifica\u00e7\u00e3o de 700 pessoas em posse de celulares roubados ou furtados com nova fase do Programa SP Mobile"},"content":{"rendered":"\n<p>A <strong>Secretaria da Seguran\u00e7a P\u00fablica de S\u00e3o Paulo (SSP-SP)<\/strong> deu in\u00edcio nesta ter\u00e7a-feira (2\/9) a uma nova fase do <strong>Programa SP Mobile<\/strong>, que vai notificar cerca de <strong>700 pessoas em todo o estado<\/strong> que est\u00e3o em posse de celulares com restri\u00e7\u00e3o criminal \u2014 aparelhos roubados ou furtados que voltaram a ser ativados. Foto: Ag\u00eancia SP.<\/p>\n\n\n\n<p>Segundo o <strong>N\u00facleo Estrat\u00e9gico Interdisciplinar do Sistema SP Mobile<\/strong>, o objetivo \u00e9 ampliar a recupera\u00e7\u00e3o dos dispositivos e combater a recepta\u00e7\u00e3o, muitas vezes praticada por pessoas que adquirem os aparelhos sem saber da origem il\u00edcita.<\/p>\n\n\n\n<h3 class=\"wp-block-heading\">Como vai funcionar?<\/h3>\n\n\n\n<p>A opera\u00e7\u00e3o ter\u00e1 duas etapas:<\/p>\n\n\n\n<ul class=\"wp-block-list\">\n<li><strong>1\u00aa etapa:<\/strong> envio de 700 intima\u00e7\u00f5es para os atuais possuidores de celulares identificados com queixa criminal. Eles ter\u00e3o <strong>tr\u00eas dias \u00fateis<\/strong> para devolver o aparelho voluntariamente no endere\u00e7o indicado.<\/li>\n\n\n\n<li><strong>2\u00aa etapa:<\/strong> caso n\u00e3o haja devolu\u00e7\u00e3o, os dados ser\u00e3o repassados \u00e0 <strong>Pol\u00edcia Civil<\/strong>, que far\u00e1 dilig\u00eancias para busca e apreens\u00e3o. Nessa fase, a pessoa poder\u00e1 ser levada \u00e0 delegacia e at\u00e9 responder por <strong>recepta\u00e7\u00e3o<\/strong>, dependendo das circunst\u00e2ncias apuradas.<\/li>\n<\/ul>\n\n\n\n<h3 class=\"wp-block-heading\">Resultados j\u00e1 alcan\u00e7ados<\/h3>\n\n\n\n<p>O SP Mobile teve in\u00edcio em junho e, at\u00e9 agora, j\u00e1 possibilitou a recupera\u00e7\u00e3o de <strong>3,5 mil celulares<\/strong> em todo o estado. Destes, <strong>52% foram devolvidos \u00e0s v\u00edtimas<\/strong>.<\/p>\n\n\n\n<p>O sistema cruza os dados de boletins de ocorr\u00eancia com informa\u00e7\u00f5es das operadoras de telefonia, permitindo localizar aparelhos reativados e desarticular redes criminosas de revenda.<\/p>\n\n\n\n<h3 class=\"wp-block-heading\">Expans\u00e3o em todo o estado<\/h3>\n\n\n\n<p>De acordo com o delegado <strong>Rodolfo Latif Sebba<\/strong>, coordenador do SP Mobile, essa \u00e9 a primeira vez que a a\u00e7\u00e3o acontece em larga escala.<br>\u201cPela primeira vez, a a\u00e7\u00e3o de notifica\u00e7\u00e3o e recupera\u00e7\u00e3o de aparelhos deixa de ser pontual e passa a abranger todo o territ\u00f3rio paulista de forma simult\u00e2nea. O aprimoramento cont\u00ednuo do sistema permite uma identifica\u00e7\u00e3o em massa e muito mais precisa dos atuais possuidores, tornando a opera\u00e7\u00e3o mais eficiente e assertiva\u201d, explicou.<\/p>\n\n\n\n<h3 class=\"wp-block-heading\">Orienta\u00e7\u00e3o \u00e0 popula\u00e7\u00e3o<\/h3>\n\n\n\n<p>A SSP refor\u00e7a que \u00e9 fundamental registrar <strong>boletim de ocorr\u00eancia<\/strong> em casos de furto ou roubo, incluindo o n\u00famero do <strong>IMEI<\/strong> do celular. Esse dado \u00e9 essencial para alimentar o sistema e possibilitar que o aparelho seja identificado e devolvido ao verdadeiro dono.<\/p>\n\n\n\n<p>Com a nova fase do SP Mobile, o estado busca n\u00e3o apenas recuperar aparelhos, mas tamb\u00e9m <strong>fortalecer o combate ao crime organizado<\/strong> e reduzir o mercado ilegal de celulares em S\u00e3o Paulo.<\/p>\n\n\n\n<p><strong><em><strong><em><strong><em><strong><em><strong><em><strong><em><strong><em><strong><em><strong><em><strong><em><strong><em><strong><em><strong><em><strong><em><strong><em><strong><em><strong><em><strong><em><strong><em><strong><em><strong><em><strong><em><strong><em><strong><em><strong><em><strong><em><strong><em><strong><em><strong><em><strong><em><strong><em><strong><em><strong><em><strong><em><strong><em><strong><em><strong><em><strong><em><strong><em><strong><em><strong><em><strong><em><strong><em><strong><em><strong><em><strong><em><strong><em><strong><em><strong><em><strong><em><strong><em><strong><em><strong><em><strong><em><strong><em><strong><em><strong><em><strong><em><strong><em><strong><em><strong><em><strong><em><strong><em><strong><em><strong><em><strong><em><strong><em><strong><em><strong><em><strong><em><strong><em><strong><em><strong><em><strong><em><strong><em><strong><em><strong><em><strong><em><strong><em><strong><em><strong><em><strong><em><strong><em><strong><em><strong><em><strong><em><strong><em><strong><em><strong><em><strong><em><strong><em><strong><em><strong><em><strong><em><strong><em><strong><em><strong><em><strong><em><strong><em><strong><em><strong><em><strong><em><strong><em><strong><em><strong><em><strong><em><strong><em><strong><em><strong><em><strong><em><strong><em><strong><em><strong><em><strong><em><strong><em><strong><em><strong><em><strong><em><strong><em><strong><em><strong><em><strong><em><strong><em><strong><em><strong><em><strong><em><strong><em><strong><em><strong><em><strong><em><strong><em><strong><em><strong><em><strong><em><strong><em><strong><em><strong><em><strong><em><strong><em><strong><em><strong><em><strong><em><strong><em><strong><em><strong><em><strong><em><strong><em><strong><em><strong><em><strong><em><strong><em><strong><em><strong><em><strong><em><strong><em><strong><em><strong><em><strong><em><strong><em><strong><em><strong><em><strong><em><strong><em><strong><em><strong><em><strong><em><strong><em><strong><em><strong><em><strong><em><strong><em><strong><em><strong><em><strong><em><strong><em><strong><em><strong><em><strong><em><strong><em><strong><em><strong><em><strong><em><strong><em><strong><em><strong><em><strong><em><strong><em><strong><em><strong><em><strong><em><strong><em><strong><em><strong><em><strong><em><strong><em><strong><em><strong><em><strong><em><strong><em><strong><em><strong><em><strong><em><strong><em><strong><em><strong><em><strong><em><strong><em><strong><em><strong><em><strong><em><strong><em><strong><em><strong><em><strong><em><strong><em><strong><em><strong><em><strong><em><strong><em><strong><em><strong><em><strong><em><strong><em><strong><em><strong><em><strong><em><strong><em><strong><em><strong><em><strong><em><strong><em><strong><em><strong><em><strong><em><strong><em><strong><em><strong><em><strong><em><strong><em><strong><em><strong><em><strong><em><strong><em><strong><em><strong><em><strong><em><strong><em><strong><em><strong><em><strong><em><strong>Siga nossas redes sociais e&nbsp;participe da nossa comunidade do Canal de noticias do Roni Paparazzi no Whatsapp e receba as principais not\u00edcias da regi\u00e3o de Ara\u00e7atuba do dia direto no seu celular siga nosso &nbsp;<a href=\"https:\/\/www.instagram.com\/ronipaparazzi\/\">Instagram e&nbsp;<\/a><a href=\"https:\/\/www.facebook.com\/ronipaparazzicomvoce\">Facebook<\/a><a href=\"https:\/\/chat.whatsapp.com\/GsG1XKo0jPOEfjzudWQcml\" target=\"_blank\" rel=\"noreferrer noopener\">&nbsp;Clique aqui e se inscreva.<\/a><\/strong><\/em><\/strong><\/em><\/strong><\/em><\/strong><\/em><\/strong><\/em><\/strong><\/em><\/strong><\/em><\/strong><\/em><\/strong><\/em><\/strong><\/em><\/strong><\/em><\/strong><\/em><\/strong><\/em><\/strong><\/em><\/strong><\/em><\/strong><\/em><\/strong><\/em><\/strong><\/em><\/strong><\/em><\/strong><\/em><\/strong><\/em><\/strong><\/em><\/strong><\/em><\/strong><\/em><\/strong><\/em><\/strong><\/em><\/strong><\/em><\/strong><\/em><\/strong><\/em><\/strong><\/em><\/strong><\/em><\/strong><\/em><\/strong><\/em><\/strong><\/em><\/strong><\/em><\/strong><\/em><\/strong><\/em><\/strong><\/em><\/strong><\/em><\/strong><\/em><\/strong><\/em><\/strong><\/em><\/strong><\/em><\/strong><\/em><\/strong><\/em><\/strong><\/em><\/strong><\/em><\/strong><\/em><\/strong><\/em><\/strong><\/em><\/strong><\/em><\/strong><\/em><\/strong><\/em><\/strong><\/em><\/strong><\/em><\/strong><\/em><\/strong><\/em><\/strong><\/em><\/strong><\/em><\/strong><\/em><\/strong><\/em><\/strong><\/em><\/strong><\/em><\/strong><\/em><\/strong><\/em><\/strong><\/em><\/strong><\/em><\/strong><\/em><\/strong><\/em><\/strong><\/em><\/strong><\/em><\/strong><\/em><\/strong><\/em><\/strong><\/em><\/strong><\/em><\/strong><\/em><\/strong><\/em><\/strong><\/em><\/strong><\/em><\/strong><\/em><\/strong><\/em><\/strong><\/em><\/strong><\/em><\/strong><\/em><\/strong><\/em><\/strong><\/em><\/strong><\/em><\/strong><\/em><\/strong><\/em><\/strong><\/em><\/strong><\/em><\/strong><\/em><\/strong><\/em><\/strong><\/em><\/strong><\/em><\/strong><\/em><\/strong><\/em><\/strong><\/em><\/strong><\/em><\/strong><\/em><\/strong><\/em><\/strong><\/em><\/strong><\/em><\/strong><\/em><\/strong><\/em><\/strong><\/em><\/strong><\/em><\/strong><\/em><\/strong><\/em><\/strong><\/em><\/strong><\/em><\/strong><\/em><\/strong><\/em><\/strong><\/em><\/strong><\/em><\/strong><\/em><\/strong><\/em><\/strong><\/em><\/strong><\/em><\/strong><\/em><\/strong><\/em><\/strong><\/em><\/strong><\/em><\/strong><\/em><\/strong><\/em><\/strong><\/em><\/strong><\/em><\/strong><\/em><\/strong><\/em><\/strong><\/em><\/strong><\/em><\/strong><\/em><\/strong><\/em><\/strong><\/em><\/strong><\/em><\/strong><\/em><\/strong><\/em><\/strong><\/em><\/strong><\/em><\/strong><\/em><\/strong><\/em><\/strong><\/em><\/strong><\/em><\/strong><\/em><\/strong><\/em><\/strong><\/em><\/strong><\/em><\/strong><\/em><\/strong><\/em><\/strong><\/em><\/strong><\/em><\/strong><\/em><\/strong><\/em><\/strong><\/em><\/strong><\/em><\/strong><\/em><\/strong><\/em><\/strong><\/em><\/strong><\/em><\/strong><\/em><\/strong><\/em><\/strong><\/em><\/strong><\/em><\/strong><\/em><\/strong><\/em><\/strong><\/em><\/strong><\/em><\/strong><\/em><\/strong><\/em><\/strong><\/em><\/strong><\/em><\/strong><\/em><\/strong><\/em><\/strong><\/em><\/strong><\/em><\/strong><\/em><\/strong><\/em><\/strong><\/em><\/strong><\/em><\/strong><\/em><\/strong><\/em><\/strong><\/em><\/strong><\/em><\/strong><\/em><\/strong><\/em><\/strong><\/em><\/strong><\/em><\/strong><\/em><\/strong><\/em><\/strong><\/em><\/strong><\/em><\/strong><\/em><\/strong><\/em><\/strong><\/em><\/strong><\/em><\/strong><\/em><\/strong><\/em><\/strong><\/em><\/strong><\/em><\/strong><\/em><\/strong><\/em><\/strong><\/em><\/strong><\/em><\/strong><\/em><\/strong><\/em><\/strong><\/em><\/strong><\/em><\/strong><\/em><\/strong><\/em><\/strong><\/em><\/strong><\/em><\/strong><\/em><\/strong><\/em><\/strong><\/em><\/strong><\/em><\/strong><\/em><\/strong><\/em><\/strong><\/em><\/strong><\/em><\/strong><\/em><\/strong><\/em><\/strong><\/em><\/strong><\/em><\/strong><\/em><\/strong><\/em><\/strong><\/em><\/strong><\/em><\/strong><\/em><\/strong><\/em><\/strong><\/em><\/strong><\/em><\/strong><\/em><\/strong><\/em><\/strong><\/em><\/strong><\/em><\/strong><\/em><\/strong><\/em><\/strong><\/em><\/strong><\/em><\/strong><\/em><\/strong><\/em><\/strong><\/em><\/strong><\/em><\/strong><\/em><\/strong><\/em><\/strong><\/em><\/strong><\/em><\/strong><\/em><\/strong><\/em><\/strong><\/em><\/strong><\/p>\n","protected":false},"excerpt":{"rendered":"<p>A Secretaria da Seguran\u00e7a P\u00fablica de S\u00e3o Paulo (SSP-SP) deu in\u00edcio nesta ter\u00e7a-feira (2\/9) a uma nova fase do Programa SP Mobile, que vai notificar cerca de 700 pessoas em todo o estado que est\u00e3o em posse de celulares com restri\u00e7\u00e3o criminal \u2014 aparelhos roubados ou furtados que voltaram a ser ativados. Foto: Ag\u00eancia SP. &hellip;<\/p>\n","protected":false},"author":1,"featured_media":19220,"comment_status":"open","ping_status":"open","sticky":false,"template":"","format":"standard","meta":{"_jetpack_memberships_contains_paid_content":false,"footnotes":"","jetpack_publicize_message":"","jetpack_publicize_feature_enabled":true,"jetpack_social_post_already_shared":true,"jetpack_social_options":{"image_generator_settings":{"template":"highway","default_image_id":0,"enabled":false},"version":2}},"categories":[3],"tags":[],"class_list":["post-19219","post","type-post","status-publish","format-standard","has-post-thumbnail","hentry","category-policial"],"jetpack_publicize_connections":[],"jetpack_featured_media_url":"https:\/\/i0.wp.com\/www.paparazzinews.com.br\/wp-content\/uploads\/2025\/09\/WhatsApp-Image-2025-01-06-at-12.10.46-e1756841193710.jpeg?fit=1000%2C750&ssl=1","views":"829","jetpack_likes_enabled":true,"jetpack_sharing_enabled":true,"_links":{"self":[{"href":"https:\/\/www.paparazzinews.com.br\/index.php?rest_route=\/wp\/v2\/posts\/19219","targetHints":{"allow":["GET"]}}],"collection":[{"href":"https:\/\/www.paparazzinews.com.br\/index.php?rest_route=\/wp\/v2\/posts"}],"about":[{"href":"https:\/\/www.paparazzinews.com.br\/index.php?rest_route=\/wp\/v2\/types\/post"}],"author":[{"embeddable":true,"href":"https:\/\/www.paparazzinews.com.br\/index.php?rest_route=\/wp\/v2\/users\/1"}],"replies":[{"embeddable":true,"href":"https:\/\/www.paparazzinews.com.br\/index.php?rest_route=%2Fwp%2Fv2%2Fcomments&post=19219"}],"version-history":[{"count":1,"href":"https:\/\/www.paparazzinews.com.br\/index.php?rest_route=\/wp\/v2\/posts\/19219\/revisions"}],"predecessor-version":[{"id":19221,"href":"https:\/\/www.paparazzinews.com.br\/index.php?rest_route=\/wp\/v2\/posts\/19219\/revisions\/19221"}],"wp:featuredmedia":[{"embeddable":true,"href":"https:\/\/www.paparazzinews.com.br\/index.php?rest_route=\/wp\/v2\/media\/19220"}],"wp:attachment":[{"href":"https:\/\/www.paparazzinews.com.br\/index.php?rest_route=%2Fwp%2Fv2%2Fmedia&parent=19219"}],"wp:term":[{"taxonomy":"category","embeddable":true,"href":"https:\/\/www.paparazzinews.com.br\/index.php?rest_route=%2Fwp%2Fv2%2Fcategories&post=19219"},{"taxonomy":"post_tag","embeddable":true,"href":"https:\/\/www.paparazzinews.com.br\/index.php?rest_route=%2Fwp%2Fv2%2Ftags&post=19219"}],"curies":[{"name":"wp","href":"https:\/\/api.w.org\/{rel}","templated":true}]}}