{"id":19174,"date":"2025-08-28T18:42:59","date_gmt":"2025-08-28T21:42:59","guid":{"rendered":"https:\/\/www.paparazzinews.com.br\/?p=19174"},"modified":"2025-08-28T18:43:02","modified_gmt":"2025-08-28T21:43:02","slug":"aguas-andradina-e-aguas-castilho-comemoram-o-dia-nacional-do-voluntariado-com-acoes-em-projetos-sociais","status":"publish","type":"post","link":"https:\/\/www.paparazzinews.com.br\/?p=19174","title":{"rendered":"\u00c1guas Andradina e \u00c1guas Castilho comemoram o Dia Nacional do Voluntariado com a\u00e7\u00f5es em projetos sociais"},"content":{"rendered":"\n<p><strong>Andradina\/Castilho, 26 de agosto de 2025<\/strong> &#8211; Em 28 de agosto \u00e9 celebrado o Dia Nacional do Voluntariado, data que refor\u00e7a a import\u00e2ncia daqueles que dedicam tempo, energia e talento de forma espont\u00e2nea e n\u00e3o remunerada em prol de causas sociais. Essa pr\u00e1tica, movida por valores de participa\u00e7\u00e3o e solidariedade, fortalece la\u00e7os comunit\u00e1rios e gera impactos positivos na vida de quem doa e de quem recebe.<\/p>\n\n\n\n<p>Na regi\u00e3o, a \u00c1guas Andradina e \u00c1guas Castilho, empresas do grupo Igu\u00e1 Saneamento e Sabesp, incentivam e valorizam o engajamento de seus colaboradores em a\u00e7\u00f5es sociais por meio do Voluntarigu\u00e1, programa interno que estimula a pr\u00e1tica do voluntariado.<\/p>\n\n\n\n<p>Durante essa semana, as empresas participam do movimento Conex\u00e3o Voluntarigu\u00e1 2025, com atividades solid\u00e1rias com envolvimento direto dos colaboradores e apoio a institui\u00e7\u00f5es locais.<\/p>\n\n\n\n<p><strong>Confira a programa\u00e7\u00e3o da semana de voluntariado:<\/strong><\/p>\n\n\n\n<p>Em Andradina, volunt\u00e1rios entregaram no in\u00edcio desta semana kits de higiene para 50 idosos atendidos no Asilo S\u00e3o Vicente de Paula. Al\u00e9m das doa\u00e7\u00f5es, os colaboradores conversaram, contaram e ouviram hist\u00f3rias em uma manh\u00e3 de muita conex\u00e3o e solidariedade. No dia 28, ser\u00e3o entregues ainda caixas de leite arrecadadas pelo time da \u00c1guas Andradina.<\/p>\n\n\n\n<p>O Asilo S\u00e3o Vicente de Paula foi fundado em maio de 1951, na Vila Pereira Jord\u00e3o, destinado a abrigar pessoas idosas. Um grupo de pessoas abnegadas foram respons\u00e1veis pela constru\u00e7\u00e3o e implanta\u00e7\u00e3o do Asilo, grupo este liderado pelo Sr. Franklin Gomes da Costa, que em 08 de novembro de 1974 doou a \u00e1rea de 26.880 m2 j\u00e1 com as atuais instala\u00e7\u00f5es, erguidas atrav\u00e9s de campanhas, sendo assim.<\/p>\n\n\n\n<p>A Institui\u00e7\u00e3o conta com equipe interdisciplinar, com quadro de pessoal habilitado, treinado e supervisionado, necess\u00e1rio ao desenvolvimento de seus servi\u00e7os com excel\u00eancia de qualidade, obedece \u00e0 legisla\u00e7\u00e3o vigente e \u00e0s normas de funcionamento expedidas pelos \u00f3rg\u00e3os p\u00fablicos competentes, garantindo incondicional respeito \u00e0 dignidade humana.<\/p>\n\n\n\n<p>A Sociedade S\u00e3o Vicente de Paula de Andradina tem como objetivo proporcionar o resgate da cidadania atrav\u00e9s de uma vida digna oferecendo instala\u00e7\u00e3o f\u00edsica adequada, al\u00e9m de contar com uma equipe t\u00e9cnica qualificada<br>e personalizada para atender as necessidades do idoso. Para quem quiser ajudar, o contato pode ser feito por meio do site https:\/\/www.sociedadesaovicentedepaula.com.br\/contato\/.<\/p>\n\n\n\n<p>J\u00e1 em Castilho, os colaboradores volunt\u00e1rios concentram suas a\u00e7\u00f5es no dia 27 para doa\u00e7\u00e3o de produtos de higiene e visita aos idosos do Asilo Betel.<\/p>\n\n\n\n<p>Desde 2013, a \u00c1guas Castilho realiza, por meio de parcerias, uma s\u00e9rie de melhorias no Asilo como, reativa\u00e7\u00e3o do po\u00e7o de \u00e1gua, manuten\u00e7\u00e3o completa na parte hidr\u00e1ulica e el\u00e9trica e a pintura dos quartos para deixar o espa\u00e7o mais aconchegante para os idosos. Outra iniciativa foi realizada pela \u00c1guas Castilho e o Departamento de Educa\u00e7\u00e3o a gincana \u201cGordura N\u00e3o Cabe no Esgoto\u201d, envolvendo alunos da rede municipal de ensino. No total, foi arrecadado cerca de 2 mil litros de \u00f3leo de cozinha que foram comercializados com a renda revertida para a entidade.<\/p>\n\n\n\n<p>\u201cAcreditamos que o voluntariado \u00e9 uma forma de transformar realidades e de fortalecer o v\u00ednculo das nossas empresas com a comunidade de Andradina e de Castilho. O Conex\u00e3o Voluntarigu\u00e1 \u00e9 uma oportunidade para que nossos colaboradores exercitem a solidariedade e compartilhem experi\u00eancias que fazem a diferen\u00e7a na vida de muitas pessoas\u201d, destaca Alexandre Pardim, gerente<\/p>\n\n\n\n<p>Acompanhe as not\u00edcias da \u00c1guas Andradina e da \u00c1guas Castilho nos sites www.igua.com.br\/andradina e www.igua.com.br\/castilho.<\/p>\n\n\n\n<p><strong><em><strong><em><strong><em><strong><em><strong><em><strong><em><strong><em><strong><em><strong><em><strong><em><strong><em><strong><em><strong><em><strong><em><strong><em><strong><em><strong><em><strong><em><strong><em><strong><em><strong><em><strong><em><strong><em><strong><em><strong><em><strong><em><strong><em><strong><em><strong><em><strong><em><strong><em><strong><em><strong><em><strong><em><strong><em><strong><em><strong><em><strong><em><strong><em><strong><em><strong><em><strong><em><strong><em><strong><em><strong><em><strong><em><strong><em><strong><em><strong><em><strong><em><strong><em><strong><em><strong><em><strong><em><strong><em><strong><em><strong><em><strong><em><strong><em><strong><em><strong><em><strong><em><strong><em><strong><em><strong><em><strong><em><strong><em><strong><em><strong><em><strong><em><strong><em><strong><em><strong><em><strong><em><strong><em><strong><em><strong><em><strong><em><strong><em><strong><em><strong><em><strong><em><strong><em><strong><em><strong><em><strong><em><strong><em><strong><em><strong><em><strong><em><strong><em><strong><em><strong><em><strong><em><strong><em><strong><em><strong><em><strong><em><strong><em><strong><em><strong><em><strong><em><strong><em><strong><em><strong><em><strong><em><strong><em><strong><em><strong><em><strong><em><strong><em><strong><em><strong><em><strong><em><strong><em><strong><em><strong><em><strong><em><strong><em><strong><em><strong><em><strong><em><strong><em><strong><em><strong><em><strong><em><strong><em><strong><em><strong><em><strong><em><strong><em><strong><em><strong><em><strong><em><strong><em><strong><em><strong><em><strong><em><strong><em><strong><em><strong><em><strong><em><strong><em><strong><em><strong><em><strong><em><strong><em><strong><em><strong><em><strong><em><strong><em><strong><em><strong><em><strong><em><strong><em><strong><em><strong><em><strong><em><strong><em><strong><em><strong><em><strong><em><strong><em><strong><em><strong><em><strong><em><strong><em><strong><em><strong><em><strong><em><strong><em><strong><em><strong><em><strong><em><strong><em><strong><em><strong><em><strong><em><strong><em><strong><em><strong><em><strong><em><strong><em><strong><em><strong><em><strong><em><strong><em><strong><em><strong><em><strong><em><strong><em><strong><em><strong><em><strong><em><strong><em><strong><em><strong><em><strong><em><strong><em><strong><em><strong><em><strong><em><strong><em><strong><em><strong><em><strong><em><strong><em><strong><em><strong><em><strong><em><strong><em><strong><em><strong><em><strong><em><strong><em><strong><em><strong><em><strong><em><strong><em><strong><em><strong><em><strong><em><strong><em><strong><em><strong><em><strong><em><strong><em><strong><em><strong><em><strong><em><strong><em><strong><em><strong><em><strong><em><strong><em><strong><em><strong><em><strong><em><strong><em><strong><em><strong><em><strong><em><strong><em><strong><em><strong><em><strong><em><strong><em><strong><em><strong><em><strong><em><strong>Siga nossas redes sociais e\u00a0participe da nossa comunidade do Canal de noticias do Roni Paparazzi no Whatsapp e receba as principais not\u00edcias da regi\u00e3o de Ara\u00e7atuba do dia direto no seu celular siga nosso \u00a0<a href=\"https:\/\/www.instagram.com\/ronipaparazzi\/\">Instagram e\u00a0<\/a><a href=\"https:\/\/www.facebook.com\/ronipaparazzicomvoce\">Facebook<\/a><a href=\"https:\/\/chat.whatsapp.com\/GsG1XKo0jPOEfjzudWQcml\" target=\"_blank\" rel=\"noreferrer noopener\">\u00a0Clique aqui e se inscreva.<\/a><\/strong><\/em><\/strong><\/em><\/strong><\/em><\/strong><\/em><\/strong><\/em><\/strong><\/em><\/strong><\/em><\/strong><\/em><\/strong><\/em><\/strong><\/em><\/strong><\/em><\/strong><\/em><\/strong><\/em><\/strong><\/em><\/strong><\/em><\/strong><\/em><\/strong><\/em><\/strong><\/em><\/strong><\/em><\/strong><\/em><\/strong><\/em><\/strong><\/em><\/strong><\/em><\/strong><\/em><\/strong><\/em><\/strong><\/em><\/strong><\/em><\/strong><\/em><\/strong><\/em><\/strong><\/em><\/strong><\/em><\/strong><\/em><\/strong><\/em><\/strong><\/em><\/strong><\/em><\/strong><\/em><\/strong><\/em><\/strong><\/em><\/strong><\/em><\/strong><\/em><\/strong><\/em><\/strong><\/em><\/strong><\/em><\/strong><\/em><\/strong><\/em><\/strong><\/em><\/strong><\/em><\/strong><\/em><\/strong><\/em><\/strong><\/em><\/strong><\/em><\/strong><\/em><\/strong><\/em><\/strong><\/em><\/strong><\/em><\/strong><\/em><\/strong><\/em><\/strong><\/em><\/strong><\/em><\/strong><\/em><\/strong><\/em><\/strong><\/em><\/strong><\/em><\/strong><\/em><\/strong><\/em><\/strong><\/em><\/strong><\/em><\/strong><\/em><\/strong><\/em><\/strong><\/em><\/strong><\/em><\/strong><\/em><\/strong><\/em><\/strong><\/em><\/strong><\/em><\/strong><\/em><\/strong><\/em><\/strong><\/em><\/strong><\/em><\/strong><\/em><\/strong><\/em><\/strong><\/em><\/strong><\/em><\/strong><\/em><\/strong><\/em><\/strong><\/em><\/strong><\/em><\/strong><\/em><\/strong><\/em><\/strong><\/em><\/strong><\/em><\/strong><\/em><\/strong><\/em><\/strong><\/em><\/strong><\/em><\/strong><\/em><\/strong><\/em><\/strong><\/em><\/strong><\/em><\/strong><\/em><\/strong><\/em><\/strong><\/em><\/strong><\/em><\/strong><\/em><\/strong><\/em><\/strong><\/em><\/strong><\/em><\/strong><\/em><\/strong><\/em><\/strong><\/em><\/strong><\/em><\/strong><\/em><\/strong><\/em><\/strong><\/em><\/strong><\/em><\/strong><\/em><\/strong><\/em><\/strong><\/em><\/strong><\/em><\/strong><\/em><\/strong><\/em><\/strong><\/em><\/strong><\/em><\/strong><\/em><\/strong><\/em><\/strong><\/em><\/strong><\/em><\/strong><\/em><\/strong><\/em><\/strong><\/em><\/strong><\/em><\/strong><\/em><\/strong><\/em><\/strong><\/em><\/strong><\/em><\/strong><\/em><\/strong><\/em><\/strong><\/em><\/strong><\/em><\/strong><\/em><\/strong><\/em><\/strong><\/em><\/strong><\/em><\/strong><\/em><\/strong><\/em><\/strong><\/em><\/strong><\/em><\/strong><\/em><\/strong><\/em><\/strong><\/em><\/strong><\/em><\/strong><\/em><\/strong><\/em><\/strong><\/em><\/strong><\/em><\/strong><\/em><\/strong><\/em><\/strong><\/em><\/strong><\/em><\/strong><\/em><\/strong><\/em><\/strong><\/em><\/strong><\/em><\/strong><\/em><\/strong><\/em><\/strong><\/em><\/strong><\/em><\/strong><\/em><\/strong><\/em><\/strong><\/em><\/strong><\/em><\/strong><\/em><\/strong><\/em><\/strong><\/em><\/strong><\/em><\/strong><\/em><\/strong><\/em><\/strong><\/em><\/strong><\/em><\/strong><\/em><\/strong><\/em><\/strong><\/em><\/strong><\/em><\/strong><\/em><\/strong><\/em><\/strong><\/em><\/strong><\/em><\/strong><\/em><\/strong><\/em><\/strong><\/em><\/strong><\/em><\/strong><\/em><\/strong><\/em><\/strong><\/em><\/strong><\/em><\/strong><\/em><\/strong><\/em><\/strong><\/em><\/strong><\/em><\/strong><\/em><\/strong><\/em><\/strong><\/em><\/strong><\/em><\/strong><\/em><\/strong><\/em><\/strong><\/em><\/strong><\/em><\/strong><\/em><\/strong><\/em><\/strong><\/em><\/strong><\/em><\/strong><\/em><\/strong><\/em><\/strong><\/em><\/strong><\/em><\/strong><\/em><\/strong><\/em><\/strong><\/em><\/strong><\/em><\/strong><\/em><\/strong><\/em><\/strong><\/em><\/strong><\/em><\/strong><\/em><\/strong><\/em><\/strong><\/em><\/strong><\/em><\/strong><\/em><\/strong><\/em><\/strong><\/em><\/strong><\/em><\/strong><\/em><\/strong><\/em><\/strong><\/em><\/strong><\/em><\/strong><\/em><\/strong><\/em><\/strong><\/em><\/strong><\/em><\/strong><\/em><\/strong><\/em><\/strong><\/em><\/strong><\/em><\/strong><\/em><\/strong><\/em><\/strong><\/em><\/strong><\/em><\/strong><\/em><\/strong><\/em><\/strong><\/em><\/strong><\/p>\n\n\n\n<p><\/p>\n","protected":false},"excerpt":{"rendered":"<p>Andradina\/Castilho, 26 de agosto de 2025 &#8211; Em 28 de agosto \u00e9 celebrado o Dia Nacional do Voluntariado, data que refor\u00e7a a import\u00e2ncia daqueles que dedicam tempo, energia e talento de forma espont\u00e2nea e n\u00e3o remunerada em prol de causas sociais. Essa pr\u00e1tica, movida por valores de participa\u00e7\u00e3o e solidariedade, fortalece la\u00e7os comunit\u00e1rios e gera &hellip;<\/p>\n","protected":false},"author":1,"featured_media":19176,"comment_status":"open","ping_status":"open","sticky":false,"template":"","format":"standard","meta":{"_jetpack_memberships_contains_paid_content":false,"footnotes":"","jetpack_publicize_message":"","jetpack_publicize_feature_enabled":true,"jetpack_social_post_already_shared":true,"jetpack_social_options":{"image_generator_settings":{"template":"highway","default_image_id":0,"enabled":false},"version":2}},"categories":[4],"tags":[],"class_list":["post-19174","post","type-post","status-publish","format-standard","has-post-thumbnail","hentry","category-regiao"],"jetpack_publicize_connections":[],"jetpack_featured_media_url":"https:\/\/i0.wp.com\/www.paparazzinews.com.br\/wp-content\/uploads\/2025\/08\/356423ea-ff28-4c74-a22f-98026c43eafb-1-e1756417339144.jpeg?fit=1000%2C487&ssl=1","views":"1283","jetpack_likes_enabled":true,"jetpack_sharing_enabled":true,"_links":{"self":[{"href":"https:\/\/www.paparazzinews.com.br\/index.php?rest_route=\/wp\/v2\/posts\/19174","targetHints":{"allow":["GET"]}}],"collection":[{"href":"https:\/\/www.paparazzinews.com.br\/index.php?rest_route=\/wp\/v2\/posts"}],"about":[{"href":"https:\/\/www.paparazzinews.com.br\/index.php?rest_route=\/wp\/v2\/types\/post"}],"author":[{"embeddable":true,"href":"https:\/\/www.paparazzinews.com.br\/index.php?rest_route=\/wp\/v2\/users\/1"}],"replies":[{"embeddable":true,"href":"https:\/\/www.paparazzinews.com.br\/index.php?rest_route=%2Fwp%2Fv2%2Fcomments&post=19174"}],"version-history":[{"count":1,"href":"https:\/\/www.paparazzinews.com.br\/index.php?rest_route=\/wp\/v2\/posts\/19174\/revisions"}],"predecessor-version":[{"id":19177,"href":"https:\/\/www.paparazzinews.com.br\/index.php?rest_route=\/wp\/v2\/posts\/19174\/revisions\/19177"}],"wp:featuredmedia":[{"embeddable":true,"href":"https:\/\/www.paparazzinews.com.br\/index.php?rest_route=\/wp\/v2\/media\/19176"}],"wp:attachment":[{"href":"https:\/\/www.paparazzinews.com.br\/index.php?rest_route=%2Fwp%2Fv2%2Fmedia&parent=19174"}],"wp:term":[{"taxonomy":"category","embeddable":true,"href":"https:\/\/www.paparazzinews.com.br\/index.php?rest_route=%2Fwp%2Fv2%2Fcategories&post=19174"},{"taxonomy":"post_tag","embeddable":true,"href":"https:\/\/www.paparazzinews.com.br\/index.php?rest_route=%2Fwp%2Fv2%2Ftags&post=19174"}],"curies":[{"name":"wp","href":"https:\/\/api.w.org\/{rel}","templated":true}]}}