{"id":19171,"date":"2025-08-28T18:11:32","date_gmt":"2025-08-28T21:11:32","guid":{"rendered":"https:\/\/www.paparazzinews.com.br\/?p=19171"},"modified":"2025-08-28T18:36:02","modified_gmt":"2025-08-28T21:36:02","slug":"castilho-abre-inscricoes-para-o-programa-cidade-acolhedora-com-bolsa-auxilio-e-qualificacao-profissional","status":"publish","type":"post","link":"https:\/\/www.paparazzinews.com.br\/?p=19171","title":{"rendered":"Castilho abre inscri\u00e7\u00f5es para o Programa Cidade Acolhedora com bolsa-aux\u00edlio e qualifica\u00e7\u00e3o profissional"},"content":{"rendered":"\n<p>A <strong>Secretaria Municipal de Assist\u00eancia Social e Cidadania de Castilho<\/strong> anunciou que, entre os dias <strong>1 e 5 de setembro de 2025<\/strong>, estar\u00e3o abertas as inscri\u00e7\u00f5es para o <strong>Programa Cidade Acolhedora<\/strong>, iniciativa que busca promover inclus\u00e3o produtiva, gera\u00e7\u00e3o de renda e qualifica\u00e7\u00e3o profissional para pessoas desempregadas em situa\u00e7\u00e3o de vulnerabilidade social.<\/p>\n\n\n\n<p>As inscri\u00e7\u00f5es dever\u00e3o ser feitas <strong>presencialmente<\/strong>, das <strong>8h \u00e0s 15h59<\/strong>, na sede da Secretaria de Assist\u00eancia Social, localizada na <strong>Rua Jos\u00e9 Ribeiro, n\u00ba 896, Centro<\/strong>.<\/p>\n\n\n\n<h3 class=\"wp-block-heading\">Benef\u00edcios oferecidos<\/h3>\n\n\n\n<p>Os participantes do programa ter\u00e3o direito a:<\/p>\n\n\n\n<ul class=\"wp-block-list\">\n<li><strong>Bolsa aux\u00edlio-desemprego<\/strong> no valor mensal de <strong>R$ 650,00<\/strong>;<\/li>\n\n\n\n<li><strong>Aux\u00edlio alimenta\u00e7\u00e3o<\/strong> de <strong>R$ 250,00<\/strong>;<\/li>\n\n\n\n<li><strong>Cursos de qualifica\u00e7\u00e3o profissional<\/strong>, al\u00e9m de acompanhamento social e psicol\u00f3gico.<\/li>\n<\/ul>\n\n\n\n<p>O programa ter\u00e1 dura\u00e7\u00e3o inicial de <strong>12 meses<\/strong>, podendo ser prorrogado por igual per\u00edodo a crit\u00e9rio da Administra\u00e7\u00e3o P\u00fablica.<\/p>\n\n\n\n<p>Durante o per\u00edodo de participa\u00e7\u00e3o, os benefici\u00e1rios dever\u00e3o cumprir carga hor\u00e1ria m\u00ednima de <strong>12 horas de capacita\u00e7\u00e3o a cada 30 dias<\/strong> e desenvolver atividades pr\u00e1ticas junto a \u00f3rg\u00e3os da administra\u00e7\u00e3o p\u00fablica direta e indireta do munic\u00edpio.<\/p>\n\n\n\n<h3 class=\"wp-block-heading\">Requisitos para participar<\/h3>\n\n\n\n<p>Para se inscrever, o candidato deve atender a crit\u00e9rios como:<\/p>\n\n\n\n<ul class=\"wp-block-list\">\n<li>Ter entre <strong>21 e 65 anos<\/strong>;<\/li>\n\n\n\n<li>Estar desempregado e sem rendimentos pr\u00f3prios;<\/li>\n\n\n\n<li>Residir em Castilho h\u00e1 pelo menos <strong>3 anos<\/strong>;<\/li>\n\n\n\n<li>N\u00e3o estar recebendo benef\u00edcios como seguro-desemprego, aposentadoria, pens\u00e3o ou LOAS;<\/li>\n\n\n\n<li>Estar inscrito no <strong>Cad\u00danico<\/strong> e pertencer a fam\u00edlia de baixa renda, com rendimento per capita igual ou inferior a <strong>50% do sal\u00e1rio m\u00ednimo<\/strong>;<\/li>\n\n\n\n<li>Estar quite com as obriga\u00e7\u00f5es eleitorais e militares (para homens) e possuir boa sa\u00fade f\u00edsica e mental.<\/li>\n<\/ul>\n\n\n\n<h3 class=\"wp-block-heading\">Documentos necess\u00e1rios<\/h3>\n\n\n\n<p>No ato da inscri\u00e7\u00e3o, ser\u00e1 necess\u00e1rio apresentar:<\/p>\n\n\n\n<ul class=\"wp-block-list\">\n<li>Documento oficial com foto;<\/li>\n\n\n\n<li>C\u00f3pia da Carteira de Trabalho Digital;<\/li>\n\n\n\n<li>Extrato CNIS emitido nos \u00faltimos 30 dias;<\/li>\n\n\n\n<li>Comprovante de resid\u00eancia;<\/li>\n\n\n\n<li>Comprovante de renda familiar;<\/li>\n\n\n\n<li>Declara\u00e7\u00e3o de ser o \u00fanico benefici\u00e1rio do n\u00facleo familiar;<\/li>\n\n\n\n<li>Certid\u00e3o de nascimento e carteira de vacina\u00e7\u00e3o dos filhos menores de 18 anos;<\/li>\n\n\n\n<li>Comprovante de escolaridade.<\/li>\n<\/ul>\n\n\n\n<h3 class=\"wp-block-heading\">Inclus\u00e3o e oportunidade<\/h3>\n\n\n\n<p>Segundo a Secretaria de Assist\u00eancia Social, o programa refor\u00e7a o compromisso da gest\u00e3o municipal em garantir <strong>acolhimento, dignidade e oportunidade de recome\u00e7o<\/strong> \u00e0s fam\u00edlias castilhenses mais vulner\u00e1veis.<\/p>\n\n\n\n<p><strong><em><strong><em><strong><em><strong><em><strong><em><strong><em><strong><em><strong><em><strong><em><strong><em><strong><em><strong><em><strong><em><strong><em><strong><em><strong><em><strong><em><strong><em><strong><em><strong><em><strong><em><strong><em><strong><em><strong><em><strong><em><strong><em><strong><em><strong><em><strong><em><strong><em><strong><em><strong><em><strong><em><strong><em><strong><em><strong><em><strong><em><strong><em><strong><em><strong><em><strong><em><strong><em><strong><em><strong><em><strong><em><strong><em><strong><em><strong><em><strong><em><strong><em><strong><em><strong><em><strong><em><strong><em><strong><em><strong><em><strong><em><strong><em><strong><em><strong><em><strong><em><strong><em><strong><em><strong><em><strong><em><strong><em><strong><em><strong><em><strong><em><strong><em><strong><em><strong><em><strong><em><strong><em><strong><em><strong><em><strong><em><strong><em><strong><em><strong><em><strong><em><strong><em><strong><em><strong><em><strong><em><strong><em><strong><em><strong><em><strong><em><strong><em><strong><em><strong><em><strong><em><strong><em><strong><em><strong><em><strong><em><strong><em><strong><em><strong><em><strong><em><strong><em><strong><em><strong><em><strong><em><strong><em><strong><em><strong><em><strong><em><strong><em><strong><em><strong><em><strong><em><strong><em><strong><em><strong><em><strong><em><strong><em><strong><em><strong><em><strong><em><strong><em><strong><em><strong><em><strong><em><strong><em><strong><em><strong><em><strong><em><strong><em><strong><em><strong><em><strong><em><strong><em><strong><em><strong><em><strong><em><strong><em><strong><em><strong><em><strong><em><strong><em><strong><em><strong><em><strong><em><strong><em><strong><em><strong><em><strong><em><strong><em><strong><em><strong><em><strong><em><strong><em><strong><em><strong><em><strong><em><strong><em><strong><em><strong><em><strong><em><strong><em><strong><em><strong><em><strong><em><strong><em><strong><em><strong><em><strong><em><strong><em><strong><em><strong><em><strong><em><strong><em><strong><em><strong><em><strong><em><strong><em><strong><em><strong><em><strong><em><strong><em><strong><em><strong><em><strong><em><strong><em><strong><em><strong><em><strong><em><strong><em><strong><em><strong><em><strong><em><strong><em><strong><em><strong><em><strong><em><strong><em><strong><em><strong><em><strong><em><strong><em><strong><em><strong><em><strong><em><strong><em><strong><em><strong><em><strong><em><strong><em><strong><em><strong><em><strong><em><strong><em><strong><em><strong><em><strong><em><strong><em><strong><em><strong><em><strong><em><strong><em><strong><em><strong><em><strong><em><strong><em><strong><em><strong><em><strong><em><strong><em><strong><em><strong><em><strong><em><strong><em><strong><em><strong><em><strong><em><strong><em><strong><em><strong><em><strong><em><strong><em><strong><em><strong><em><strong><em><strong><em><strong><em><strong><em><strong><em><strong><em><strong>Siga nossas redes sociais e&nbsp;participe da nossa comunidade do Canal de noticias do Roni Paparazzi no Whatsapp e receba as principais not\u00edcias da regi\u00e3o de Ara\u00e7atuba do dia direto no seu celular siga nosso &nbsp;<a href=\"https:\/\/www.instagram.com\/ronipaparazzi\/\">Instagram e&nbsp;<\/a><a href=\"https:\/\/www.facebook.com\/ronipaparazzicomvoce\">Facebook<\/a><a href=\"https:\/\/chat.whatsapp.com\/GsG1XKo0jPOEfjzudWQcml\" target=\"_blank\" rel=\"noreferrer noopener\">&nbsp;Clique aqui e se inscreva.<\/a><\/strong><\/em><\/strong><\/em><\/strong><\/em><\/strong><\/em><\/strong><\/em><\/strong><\/em><\/strong><\/em><\/strong><\/em><\/strong><\/em><\/strong><\/em><\/strong><\/em><\/strong><\/em><\/strong><\/em><\/strong><\/em><\/strong><\/em><\/strong><\/em><\/strong><\/em><\/strong><\/em><\/strong><\/em><\/strong><\/em><\/strong><\/em><\/strong><\/em><\/strong><\/em><\/strong><\/em><\/strong><\/em><\/strong><\/em><\/strong><\/em><\/strong><\/em><\/strong><\/em><\/strong><\/em><\/strong><\/em><\/strong><\/em><\/strong><\/em><\/strong><\/em><\/strong><\/em><\/strong><\/em><\/strong><\/em><\/strong><\/em><\/strong><\/em><\/strong><\/em><\/strong><\/em><\/strong><\/em><\/strong><\/em><\/strong><\/em><\/strong><\/em><\/strong><\/em><\/strong><\/em><\/strong><\/em><\/strong><\/em><\/strong><\/em><\/strong><\/em><\/strong><\/em><\/strong><\/em><\/strong><\/em><\/strong><\/em><\/strong><\/em><\/strong><\/em><\/strong><\/em><\/strong><\/em><\/strong><\/em><\/strong><\/em><\/strong><\/em><\/strong><\/em><\/strong><\/em><\/strong><\/em><\/strong><\/em><\/strong><\/em><\/strong><\/em><\/strong><\/em><\/strong><\/em><\/strong><\/em><\/strong><\/em><\/strong><\/em><\/strong><\/em><\/strong><\/em><\/strong><\/em><\/strong><\/em><\/strong><\/em><\/strong><\/em><\/strong><\/em><\/strong><\/em><\/strong><\/em><\/strong><\/em><\/strong><\/em><\/strong><\/em><\/strong><\/em><\/strong><\/em><\/strong><\/em><\/strong><\/em><\/strong><\/em><\/strong><\/em><\/strong><\/em><\/strong><\/em><\/strong><\/em><\/strong><\/em><\/strong><\/em><\/strong><\/em><\/strong><\/em><\/strong><\/em><\/strong><\/em><\/strong><\/em><\/strong><\/em><\/strong><\/em><\/strong><\/em><\/strong><\/em><\/strong><\/em><\/strong><\/em><\/strong><\/em><\/strong><\/em><\/strong><\/em><\/strong><\/em><\/strong><\/em><\/strong><\/em><\/strong><\/em><\/strong><\/em><\/strong><\/em><\/strong><\/em><\/strong><\/em><\/strong><\/em><\/strong><\/em><\/strong><\/em><\/strong><\/em><\/strong><\/em><\/strong><\/em><\/strong><\/em><\/strong><\/em><\/strong><\/em><\/strong><\/em><\/strong><\/em><\/strong><\/em><\/strong><\/em><\/strong><\/em><\/strong><\/em><\/strong><\/em><\/strong><\/em><\/strong><\/em><\/strong><\/em><\/strong><\/em><\/strong><\/em><\/strong><\/em><\/strong><\/em><\/strong><\/em><\/strong><\/em><\/strong><\/em><\/strong><\/em><\/strong><\/em><\/strong><\/em><\/strong><\/em><\/strong><\/em><\/strong><\/em><\/strong><\/em><\/strong><\/em><\/strong><\/em><\/strong><\/em><\/strong><\/em><\/strong><\/em><\/strong><\/em><\/strong><\/em><\/strong><\/em><\/strong><\/em><\/strong><\/em><\/strong><\/em><\/strong><\/em><\/strong><\/em><\/strong><\/em><\/strong><\/em><\/strong><\/em><\/strong><\/em><\/strong><\/em><\/strong><\/em><\/strong><\/em><\/strong><\/em><\/strong><\/em><\/strong><\/em><\/strong><\/em><\/strong><\/em><\/strong><\/em><\/strong><\/em><\/strong><\/em><\/strong><\/em><\/strong><\/em><\/strong><\/em><\/strong><\/em><\/strong><\/em><\/strong><\/em><\/strong><\/em><\/strong><\/em><\/strong><\/em><\/strong><\/em><\/strong><\/em><\/strong><\/em><\/strong><\/em><\/strong><\/em><\/strong><\/em><\/strong><\/em><\/strong><\/em><\/strong><\/em><\/strong><\/em><\/strong><\/em><\/strong><\/em><\/strong><\/em><\/strong><\/em><\/strong><\/em><\/strong><\/em><\/strong><\/em><\/strong><\/em><\/strong><\/em><\/strong><\/em><\/strong><\/em><\/strong><\/em><\/strong><\/em><\/strong><\/em><\/strong><\/em><\/strong><\/em><\/strong><\/em><\/strong><\/em><\/strong><\/em><\/strong><\/em><\/strong><\/em><\/strong><\/em><\/strong><\/em><\/strong><\/em><\/strong><\/em><\/strong><\/em><\/strong><\/em><\/strong><\/em><\/strong><\/em><\/strong><\/em><\/strong><\/em><\/strong><\/em><\/strong><\/em><\/strong><\/em><\/strong><\/em><\/strong><\/em><\/strong><\/em><\/strong><\/em><\/strong><\/em><\/strong><\/em><\/strong><\/em><\/strong><\/em><\/strong><\/em><\/strong><\/em><\/strong><\/em><\/strong><\/em><\/strong><\/em><\/strong><\/em><\/strong><\/em><\/strong><\/em><\/strong><\/em><\/strong><\/em><\/strong><\/p>\n","protected":false},"excerpt":{"rendered":"<p>A Secretaria Municipal de Assist\u00eancia Social e Cidadania de Castilho anunciou que, entre os dias 1 e 5 de setembro de 2025, estar\u00e3o abertas as inscri\u00e7\u00f5es para o Programa Cidade Acolhedora, iniciativa que busca promover inclus\u00e3o produtiva, gera\u00e7\u00e3o de renda e qualifica\u00e7\u00e3o profissional para pessoas desempregadas em situa\u00e7\u00e3o de vulnerabilidade social. As inscri\u00e7\u00f5es dever\u00e3o ser &hellip;<\/p>\n","protected":false},"author":1,"featured_media":19175,"comment_status":"open","ping_status":"open","sticky":false,"template":"","format":"standard","meta":{"_jetpack_memberships_contains_paid_content":false,"footnotes":"","jetpack_publicize_message":"","jetpack_publicize_feature_enabled":true,"jetpack_social_post_already_shared":true,"jetpack_social_options":{"image_generator_settings":{"template":"highway","default_image_id":0,"enabled":false},"version":2}},"categories":[4],"tags":[],"class_list":["post-19171","post","type-post","status-publish","format-standard","has-post-thumbnail","hentry","category-regiao"],"jetpack_publicize_connections":[],"jetpack_featured_media_url":"https:\/\/i0.wp.com\/www.paparazzinews.com.br\/wp-content\/uploads\/2025\/08\/7ca775e7-c226-4029-ba4a-9d7f177b60eb.jpeg?fit=640%2C480&ssl=1","views":"1378","jetpack_likes_enabled":true,"jetpack_sharing_enabled":true,"_links":{"self":[{"href":"https:\/\/www.paparazzinews.com.br\/index.php?rest_route=\/wp\/v2\/posts\/19171","targetHints":{"allow":["GET"]}}],"collection":[{"href":"https:\/\/www.paparazzinews.com.br\/index.php?rest_route=\/wp\/v2\/posts"}],"about":[{"href":"https:\/\/www.paparazzinews.com.br\/index.php?rest_route=\/wp\/v2\/types\/post"}],"author":[{"embeddable":true,"href":"https:\/\/www.paparazzinews.com.br\/index.php?rest_route=\/wp\/v2\/users\/1"}],"replies":[{"embeddable":true,"href":"https:\/\/www.paparazzinews.com.br\/index.php?rest_route=%2Fwp%2Fv2%2Fcomments&post=19171"}],"version-history":[{"count":1,"href":"https:\/\/www.paparazzinews.com.br\/index.php?rest_route=\/wp\/v2\/posts\/19171\/revisions"}],"predecessor-version":[{"id":19173,"href":"https:\/\/www.paparazzinews.com.br\/index.php?rest_route=\/wp\/v2\/posts\/19171\/revisions\/19173"}],"wp:featuredmedia":[{"embeddable":true,"href":"https:\/\/www.paparazzinews.com.br\/index.php?rest_route=\/wp\/v2\/media\/19175"}],"wp:attachment":[{"href":"https:\/\/www.paparazzinews.com.br\/index.php?rest_route=%2Fwp%2Fv2%2Fmedia&parent=19171"}],"wp:term":[{"taxonomy":"category","embeddable":true,"href":"https:\/\/www.paparazzinews.com.br\/index.php?rest_route=%2Fwp%2Fv2%2Fcategories&post=19171"},{"taxonomy":"post_tag","embeddable":true,"href":"https:\/\/www.paparazzinews.com.br\/index.php?rest_route=%2Fwp%2Fv2%2Ftags&post=19171"}],"curies":[{"name":"wp","href":"https:\/\/api.w.org\/{rel}","templated":true}]}}