{"id":19168,"date":"2025-08-26T18:09:37","date_gmt":"2025-08-26T21:09:37","guid":{"rendered":"https:\/\/www.paparazzinews.com.br\/?p=19168"},"modified":"2025-08-26T18:09:40","modified_gmt":"2025-08-26T21:09:40","slug":"castilho-realiza-a-1a-cavalgada-acolhedora-tito-sampaio-em-celebracao-aos-72-anos-da-cidade","status":"publish","type":"post","link":"https:\/\/www.paparazzinews.com.br\/?p=19168","title":{"rendered":"Castilho realiza a 1\u00aa Cavalgada Acolhedora Tito Sampaio em celebra\u00e7\u00e3o aos 72 anos da cidade"},"content":{"rendered":"\n<p>Castilho viveu um fim de semana marcado pela tradi\u00e7\u00e3o e pela cultura sertaneja com a realiza\u00e7\u00e3o da <strong>1\u00aa Cavalgada Acolhedora Tito Sampaio<\/strong>, parte das comemora\u00e7\u00f5es dos <strong>72 anos do munic\u00edpio<\/strong>. O evento reuniu cerca de <strong>20 comitivas da regi\u00e3o<\/strong>, que percorreram aproximadamente <strong>8 km<\/strong> pelas principais ruas e avenidas da cidade, exibindo trajes t\u00edpicos e recebendo o carinho do p\u00fablico. Foto: Grupo Portal &#8211; Ricardo Peixoto.<\/p>\n\n\n\n<h3 class=\"wp-block-heading\">Lideran\u00e7a e homenagens<\/h3>\n\n\n\n<p>O prefeito <strong>Paulo Boaventura<\/strong>, o vice-prefeito <strong>Jo\u00e3o Gabriel<\/strong> e o presidente da C\u00e2mara, <strong>Jo\u00e3o Paulo Ara\u00fajo<\/strong>, lideraram a cavalgada montados a cavalo. Durante todo o percurso, cavaleiros e amazonas foram aplaudidos e celebrados pela popula\u00e7\u00e3o.<\/p>\n\n\n\n<p>Ao final, as comitivas receberam homenagens especiais, com destaque para a <strong>Comitiva Saudade<\/strong>, da fam\u00edlia do saudoso prefeito <strong>Tito Sampaio<\/strong>, que foi agraciada com um <strong>Cart\u00e3o de Prata<\/strong> e uma lembran\u00e7a em forma de busto do homenageado. O mesmo presente foi entregue \u00e0s demais comitivas participantes. O assessor <strong>Felipe Alves<\/strong>, representando o deputado estadual <strong>Itamar Borges<\/strong>, participou da entrega das lembran\u00e7as.<\/p>\n\n\n\n<p>Entre as autoridades regionais presentes estiveram o vice-prefeito de Nova Independ\u00eancia, <strong>Jos\u00e9 Pedro Toniello<\/strong>, que desfilou com a Comitiva Poeira Alta; o vice-prefeito de Andradina, <strong>Lucas Lopes<\/strong>, que tamb\u00e9m participou com sua comitiva; o prefeito de Nova Independ\u00eancia, <strong>Fernando Santana<\/strong>; e o vice-prefeito de Guara\u00e7a\u00ed, <strong>Nico Fiumari<\/strong>.<\/p>\n\n\n\n<h3 class=\"wp-block-heading\">Festa completa<\/h3>\n\n\n\n<p>A programa\u00e7\u00e3o contou ainda com atra\u00e7\u00f5es musicais de peso: <strong>Marlon &amp; M\u00e1rcio Viola<\/strong>, <strong>Lukas &amp; Andr\u00e9<\/strong> e <strong>Marco T\u00falio &amp; Luciano<\/strong>, que animaram o p\u00fablico no palco. Enquanto isso, as comitivas realizavam a tradicional <strong>Queima do Alho<\/strong>, e a popula\u00e7\u00e3o p\u00f4de saborear uma <strong>costelada no valor popular de R$ 20<\/strong>.<\/p>\n\n\n\n<h3 class=\"wp-block-heading\">Valoriza\u00e7\u00e3o da tradi\u00e7\u00e3o<\/h3>\n\n\n\n<p>O prefeito Paulo Boaventura destacou a import\u00e2ncia da cavalgada para fortalecer a cultura local e agradeceu o empenho de todos os envolvidos, em especial da presidente da Comiss\u00e3o de Festa, <strong>Daniele Natal<\/strong>.<br>\u201cFoi gratificante ver nossa cidade cheia de gente, comitivas de v\u00e1rios lugares e todo mundo no mesmo clima de alegria e acolhimento. Tenho muito orgulho de estar nessa caminhada com uma equipe t\u00e3o parceira. Quando nos unimos em torno de um objetivo comum e todos trabalham com afinco, o sucesso \u00e9 garantido\u201d, afirmou.<\/p>\n\n\n\n<p>A <strong>Cavalgada Acolhedora Tito Sampaio<\/strong> se consolidou como um dos pontos altos da programa\u00e7\u00e3o do anivers\u00e1rio de Castilho, reunindo cavaleiros, amazonas e fam\u00edlias em um grande encontro de tradi\u00e7\u00e3o, cultura e confraterniza\u00e7\u00e3o.<\/p>\n\n\n\n<p><strong><em><strong><em><strong><em><strong><em><strong><em><strong><em><strong><em><strong><em><strong><em><strong><em><strong><em><strong><em><strong><em><strong><em><strong><em><strong><em><strong><em><strong><em><strong><em><strong><em><strong><em><strong><em><strong><em><strong><em><strong><em><strong><em><strong><em><strong><em><strong><em><strong><em><strong><em><strong><em><strong><em><strong><em><strong><em><strong><em><strong><em><strong><em><strong><em><strong><em><strong><em><strong><em><strong><em><strong><em><strong><em><strong><em><strong><em><strong><em><strong><em><strong><em><strong><em><strong><em><strong><em><strong><em><strong><em><strong><em><strong><em><strong><em><strong><em><strong><em><strong><em><strong><em><strong><em><strong><em><strong><em><strong><em><strong><em><strong><em><strong><em><strong><em><strong><em><strong><em><strong><em><strong><em><strong><em><strong><em><strong><em><strong><em><strong><em><strong><em><strong><em><strong><em><strong><em><strong><em><strong><em><strong><em><strong><em><strong><em><strong><em><strong><em><strong><em><strong><em><strong><em><strong><em><strong><em><strong><em><strong><em><strong><em><strong><em><strong><em><strong><em><strong><em><strong><em><strong><em><strong><em><strong><em><strong><em><strong><em><strong><em><strong><em><strong><em><strong><em><strong><em><strong><em><strong><em><strong><em><strong><em><strong><em><strong><em><strong><em><strong><em><strong><em><strong><em><strong><em><strong><em><strong><em><strong><em><strong><em><strong><em><strong><em><strong><em><strong><em><strong><em><strong><em><strong><em><strong><em><strong><em><strong><em><strong><em><strong><em><strong><em><strong><em><strong><em><strong><em><strong><em><strong><em><strong><em><strong><em><strong><em><strong><em><strong><em><strong><em><strong><em><strong><em><strong><em><strong><em><strong><em><strong><em><strong><em><strong><em><strong><em><strong><em><strong><em><strong><em><strong><em><strong><em><strong><em><strong><em><strong><em><strong><em><strong><em><strong><em><strong><em><strong><em><strong><em><strong><em><strong><em><strong><em><strong><em><strong><em><strong><em><strong><em><strong><em><strong><em><strong><em><strong><em><strong><em><strong><em><strong><em><strong><em><strong><em><strong><em><strong><em><strong><em><strong><em><strong><em><strong><em><strong><em><strong><em><strong><em><strong><em><strong><em><strong><em><strong><em><strong><em><strong><em><strong><em><strong><em><strong><em><strong><em><strong><em><strong><em><strong><em><strong><em><strong><em><strong><em><strong><em><strong><em><strong><em><strong><em><strong><em><strong><em><strong><em><strong><em><strong><em><strong><em><strong><em><strong><em><strong><em><strong><em><strong><em><strong><em><strong><em><strong><em><strong><em><strong><em><strong><em><strong><em><strong><em><strong><em><strong><em><strong><em><strong><em><strong><em><strong><em><strong><em><strong><em><strong><em><strong><em><strong><em><strong>Siga nossas redes sociais e\u00a0participe da nossa comunidade do Canal de noticias do Roni Paparazzi no Whatsapp e receba as principais not\u00edcias da regi\u00e3o de Ara\u00e7atuba do dia direto no seu celular siga nosso \u00a0<a href=\"https:\/\/www.instagram.com\/ronipaparazzi\/\">Instagram e\u00a0<\/a><a href=\"https:\/\/www.facebook.com\/ronipaparazzicomvoce\">Facebook<\/a><a href=\"https:\/\/chat.whatsapp.com\/GsG1XKo0jPOEfjzudWQcml\" target=\"_blank\" rel=\"noreferrer noopener\">\u00a0Clique aqui e se inscreva.<\/a><\/strong><\/em><\/strong><\/em><\/strong><\/em><\/strong><\/em><\/strong><\/em><\/strong><\/em><\/strong><\/em><\/strong><\/em><\/strong><\/em><\/strong><\/em><\/strong><\/em><\/strong><\/em><\/strong><\/em><\/strong><\/em><\/strong><\/em><\/strong><\/em><\/strong><\/em><\/strong><\/em><\/strong><\/em><\/strong><\/em><\/strong><\/em><\/strong><\/em><\/strong><\/em><\/strong><\/em><\/strong><\/em><\/strong><\/em><\/strong><\/em><\/strong><\/em><\/strong><\/em><\/strong><\/em><\/strong><\/em><\/strong><\/em><\/strong><\/em><\/strong><\/em><\/strong><\/em><\/strong><\/em><\/strong><\/em><\/strong><\/em><\/strong><\/em><\/strong><\/em><\/strong><\/em><\/strong><\/em><\/strong><\/em><\/strong><\/em><\/strong><\/em><\/strong><\/em><\/strong><\/em><\/strong><\/em><\/strong><\/em><\/strong><\/em><\/strong><\/em><\/strong><\/em><\/strong><\/em><\/strong><\/em><\/strong><\/em><\/strong><\/em><\/strong><\/em><\/strong><\/em><\/strong><\/em><\/strong><\/em><\/strong><\/em><\/strong><\/em><\/strong><\/em><\/strong><\/em><\/strong><\/em><\/strong><\/em><\/strong><\/em><\/strong><\/em><\/strong><\/em><\/strong><\/em><\/strong><\/em><\/strong><\/em><\/strong><\/em><\/strong><\/em><\/strong><\/em><\/strong><\/em><\/strong><\/em><\/strong><\/em><\/strong><\/em><\/strong><\/em><\/strong><\/em><\/strong><\/em><\/strong><\/em><\/strong><\/em><\/strong><\/em><\/strong><\/em><\/strong><\/em><\/strong><\/em><\/strong><\/em><\/strong><\/em><\/strong><\/em><\/strong><\/em><\/strong><\/em><\/strong><\/em><\/strong><\/em><\/strong><\/em><\/strong><\/em><\/strong><\/em><\/strong><\/em><\/strong><\/em><\/strong><\/em><\/strong><\/em><\/strong><\/em><\/strong><\/em><\/strong><\/em><\/strong><\/em><\/strong><\/em><\/strong><\/em><\/strong><\/em><\/strong><\/em><\/strong><\/em><\/strong><\/em><\/strong><\/em><\/strong><\/em><\/strong><\/em><\/strong><\/em><\/strong><\/em><\/strong><\/em><\/strong><\/em><\/strong><\/em><\/strong><\/em><\/strong><\/em><\/strong><\/em><\/strong><\/em><\/strong><\/em><\/strong><\/em><\/strong><\/em><\/strong><\/em><\/strong><\/em><\/strong><\/em><\/strong><\/em><\/strong><\/em><\/strong><\/em><\/strong><\/em><\/strong><\/em><\/strong><\/em><\/strong><\/em><\/strong><\/em><\/strong><\/em><\/strong><\/em><\/strong><\/em><\/strong><\/em><\/strong><\/em><\/strong><\/em><\/strong><\/em><\/strong><\/em><\/strong><\/em><\/strong><\/em><\/strong><\/em><\/strong><\/em><\/strong><\/em><\/strong><\/em><\/strong><\/em><\/strong><\/em><\/strong><\/em><\/strong><\/em><\/strong><\/em><\/strong><\/em><\/strong><\/em><\/strong><\/em><\/strong><\/em><\/strong><\/em><\/strong><\/em><\/strong><\/em><\/strong><\/em><\/strong><\/em><\/strong><\/em><\/strong><\/em><\/strong><\/em><\/strong><\/em><\/strong><\/em><\/strong><\/em><\/strong><\/em><\/strong><\/em><\/strong><\/em><\/strong><\/em><\/strong><\/em><\/strong><\/em><\/strong><\/em><\/strong><\/em><\/strong><\/em><\/strong><\/em><\/strong><\/em><\/strong><\/em><\/strong><\/em><\/strong><\/em><\/strong><\/em><\/strong><\/em><\/strong><\/em><\/strong><\/em><\/strong><\/em><\/strong><\/em><\/strong><\/em><\/strong><\/em><\/strong><\/em><\/strong><\/em><\/strong><\/em><\/strong><\/em><\/strong><\/em><\/strong><\/em><\/strong><\/em><\/strong><\/em><\/strong><\/em><\/strong><\/em><\/strong><\/em><\/strong><\/em><\/strong><\/em><\/strong><\/em><\/strong><\/em><\/strong><\/em><\/strong><\/em><\/strong><\/em><\/strong><\/em><\/strong><\/em><\/strong><\/em><\/strong><\/em><\/strong><\/em><\/strong><\/em><\/strong><\/em><\/strong><\/em><\/strong><\/em><\/strong><\/em><\/strong><\/em><\/strong><\/em><\/strong><\/em><\/strong><\/em><\/strong><\/em><\/strong><\/em><\/strong><\/em><\/strong><\/em><\/strong><\/em><\/strong><\/em><\/strong><\/em><\/strong><\/em><\/strong><\/em><\/strong><\/em><\/strong><\/em><\/strong><\/em><\/strong><\/em><\/strong><\/em><\/strong><\/em><\/strong><\/em><\/strong><\/em><\/strong><\/em><\/strong><\/em><\/strong><\/em><\/strong><\/em><\/strong><\/em><\/strong><\/em><\/strong><\/em><\/strong><\/p>\n","protected":false},"excerpt":{"rendered":"<p>Castilho viveu um fim de semana marcado pela tradi\u00e7\u00e3o e pela cultura sertaneja com a realiza\u00e7\u00e3o da 1\u00aa Cavalgada Acolhedora Tito Sampaio, parte das comemora\u00e7\u00f5es dos 72 anos do munic\u00edpio. O evento reuniu cerca de 20 comitivas da regi\u00e3o, que percorreram aproximadamente 8 km pelas principais ruas e avenidas da cidade, exibindo trajes t\u00edpicos e &hellip;<\/p>\n","protected":false},"author":1,"featured_media":19169,"comment_status":"open","ping_status":"open","sticky":false,"template":"","format":"standard","meta":{"_jetpack_memberships_contains_paid_content":false,"footnotes":"","jetpack_publicize_message":"","jetpack_publicize_feature_enabled":true,"jetpack_social_post_already_shared":true,"jetpack_social_options":{"image_generator_settings":{"template":"highway","default_image_id":0,"enabled":false},"version":2}},"categories":[6],"tags":[],"class_list":["post-19168","post","type-post","status-publish","format-standard","has-post-thumbnail","hentry","category-entretenimento"],"jetpack_publicize_connections":[],"jetpack_featured_media_url":"https:\/\/i0.wp.com\/www.paparazzinews.com.br\/wp-content\/uploads\/2025\/08\/538835341_1181259777141975_3550791974825495992_n-e1756242500639.jpg?fit=1000%2C667&ssl=1","views":"1557","jetpack_likes_enabled":true,"jetpack_sharing_enabled":true,"_links":{"self":[{"href":"https:\/\/www.paparazzinews.com.br\/index.php?rest_route=\/wp\/v2\/posts\/19168","targetHints":{"allow":["GET"]}}],"collection":[{"href":"https:\/\/www.paparazzinews.com.br\/index.php?rest_route=\/wp\/v2\/posts"}],"about":[{"href":"https:\/\/www.paparazzinews.com.br\/index.php?rest_route=\/wp\/v2\/types\/post"}],"author":[{"embeddable":true,"href":"https:\/\/www.paparazzinews.com.br\/index.php?rest_route=\/wp\/v2\/users\/1"}],"replies":[{"embeddable":true,"href":"https:\/\/www.paparazzinews.com.br\/index.php?rest_route=%2Fwp%2Fv2%2Fcomments&post=19168"}],"version-history":[{"count":1,"href":"https:\/\/www.paparazzinews.com.br\/index.php?rest_route=\/wp\/v2\/posts\/19168\/revisions"}],"predecessor-version":[{"id":19170,"href":"https:\/\/www.paparazzinews.com.br\/index.php?rest_route=\/wp\/v2\/posts\/19168\/revisions\/19170"}],"wp:featuredmedia":[{"embeddable":true,"href":"https:\/\/www.paparazzinews.com.br\/index.php?rest_route=\/wp\/v2\/media\/19169"}],"wp:attachment":[{"href":"https:\/\/www.paparazzinews.com.br\/index.php?rest_route=%2Fwp%2Fv2%2Fmedia&parent=19168"}],"wp:term":[{"taxonomy":"category","embeddable":true,"href":"https:\/\/www.paparazzinews.com.br\/index.php?rest_route=%2Fwp%2Fv2%2Fcategories&post=19168"},{"taxonomy":"post_tag","embeddable":true,"href":"https:\/\/www.paparazzinews.com.br\/index.php?rest_route=%2Fwp%2Fv2%2Ftags&post=19168"}],"curies":[{"name":"wp","href":"https:\/\/api.w.org\/{rel}","templated":true}]}}