{"id":19144,"date":"2025-08-20T14:56:32","date_gmt":"2025-08-20T17:56:32","guid":{"rendered":"https:\/\/www.paparazzinews.com.br\/?p=19144"},"modified":"2025-08-20T14:56:34","modified_gmt":"2025-08-20T17:56:34","slug":"castilhense-de-8-anos-mobiliza-campanha-de-doacao-de-sangue-apos-complicacoes-cirurgicas","status":"publish","type":"post","link":"https:\/\/www.paparazzinews.com.br\/?p=19144","title":{"rendered":"Castilhense de 8 anos mobiliza campanha de doa\u00e7\u00e3o de sangue ap\u00f3s complica\u00e7\u00f5es cir\u00fargicas"},"content":{"rendered":"\n<p>A cidade de Andradina se uniu em solidariedade ao pequeno castilhense <strong>Davi Lucca Nascimento Moreira<\/strong>, de apenas 8 anos, que enfrenta uma dif\u00edcil luta pela vida ap\u00f3s complica\u00e7\u00f5es decorrentes de uma cirurgia.<\/p>\n\n\n\n<p>No dia <strong>30 de julho<\/strong>, Davi come\u00e7ou a sentir fortes dores abdominais e epis\u00f3dios frequentes de v\u00f4mito. Ap\u00f3s tr\u00eas atendimentos m\u00e9dicos em Castilho, ele foi transferido de UTI m\u00f3vel para a <strong>Santa Casa de Ara\u00e7atuba<\/strong>, chegando em estado grave.<\/p>\n\n\n\n<p>Na emerg\u00eancia, passou por uma nova cirurgia, j\u00e1 que apresentou uma complica\u00e7\u00e3o tardia de uma apendicite operada nove meses antes. O quadro evoluiu para <strong>obstru\u00e7\u00e3o intestinal<\/strong> e, ap\u00f3s o procedimento, Davi entrou em coma. Nos dias seguintes, seus rins pararam de funcionar e ele passou a apresentar <strong>hemorragias constantes<\/strong>, necessitando de <strong>transfus\u00f5es de sangue a cada 12 horas<\/strong>.<\/p>\n\n\n\n<h3 class=\"wp-block-heading\">Mobiliza\u00e7\u00e3o pela vida<\/h3>\n\n\n\n<p>Sensibilizada com a situa\u00e7\u00e3o, a policial <strong>Renata Rafael<\/strong> foi a respons\u00e1vel por mobilizar a comunidade. Gra\u00e7as ao seu chamado, dezenas de volunt\u00e1rios se reuniram no \u00faltimo final de semana (17), no <strong>Jardim das \u00c1guas, em Andradina<\/strong>, de onde saiu um \u00f4nibus \u00e0s 5h30 da manh\u00e3 rumo ao <strong>Hemocentro de Ara\u00e7atuba<\/strong> para doar sangue em prol do menino.<\/p>\n\n\n\n<p>Uma nova a\u00e7\u00e3o j\u00e1 est\u00e1 confirmada para este s\u00e1bado (23), quando uma van partir\u00e1 novamente do Jardim das \u00c1guas \u00e0s 5h30 com destino ao Hemocentro. As doa\u00e7\u00f5es devem ser realizadas em nome de <strong>Klei Eduardo Peres de Barros<\/strong>.<\/p>\n\n\n\n<p>Al\u00e9m da doa\u00e7\u00e3o de sangue, a solidariedade tamb\u00e9m pode se manifestar por meio da compra de camisetas solid\u00e1rias, que est\u00e3o sendo vendidas at\u00e9 o dia <strong>25 de agosto<\/strong> pelo telefone <strong>(18) 99636-0198<\/strong>.<\/p>\n\n\n\n<h3 class=\"wp-block-heading\">O apelo de Davi<\/h3>\n\n\n\n<p>Em nome do filho, a m\u00e3e compartilhou um pedido emocionante:<br>\u201cOl\u00e1, meu nome \u00e9 <strong>Davi Lucca Nascimento Moreira<\/strong>, eu tenho 8 anos e moro em Castilho. Depois de complica\u00e7\u00f5es cir\u00fargicas, estou precisando de transfus\u00f5es de sangue de 12 em 12 horas. Pe\u00e7o para todos que possam, doem sangue. Assim como eu estou precisando, muitas outras pessoas tamb\u00e9m necessitam da solidariedade de voc\u00eas. Meu tipo sangu\u00edneo \u00e9 <strong>B+<\/strong>.\u201d<\/p>\n\n\n\n<p>A luta de Davi tem mobilizado toda a regi\u00e3o e refor\u00e7a a import\u00e2ncia da <strong>doa\u00e7\u00e3o volunt\u00e1ria de sangue<\/strong>, gesto que pode salvar vidas e trazer esperan\u00e7a para fam\u00edlias que enfrentam momentos dif\u00edceis.<\/p>\n\n\n\n<p><strong><em><strong><em><strong><em><strong><em><strong><em><strong><em><strong><em><strong><em><strong><em><strong><em><strong><em><strong><em><strong><em><strong><em><strong><em><strong><em><strong><em><strong><em><strong><em><strong><em><strong><em><strong><em><strong><em><strong><em><strong><em><strong><em><strong><em><strong><em><strong><em><strong><em><strong><em><strong><em><strong><em><strong><em><strong><em><strong><em><strong><em><strong><em><strong><em><strong><em><strong><em><strong><em><strong><em><strong><em><strong><em><strong><em><strong><em><strong><em><strong><em><strong><em><strong><em><strong><em><strong><em><strong><em><strong><em><strong><em><strong><em><strong><em><strong><em><strong><em><strong><em><strong><em><strong><em><strong><em><strong><em><strong><em><strong><em><strong><em><strong><em><strong><em><strong><em><strong><em><strong><em><strong><em><strong><em><strong><em><strong><em><strong><em><strong><em><strong><em><strong><em><strong><em><strong><em><strong><em><strong><em><strong><em><strong><em><strong><em><strong><em><strong><em><strong><em><strong><em><strong><em><strong><em><strong><em><strong><em><strong><em><strong><em><strong><em><strong><em><strong><em><strong><em><strong><em><strong><em><strong><em><strong><em><strong><em><strong><em><strong><em><strong><em><strong><em><strong><em><strong><em><strong><em><strong><em><strong><em><strong><em><strong><em><strong><em><strong><em><strong><em><strong><em><strong><em><strong><em><strong><em><strong><em><strong><em><strong><em><strong><em><strong><em><strong><em><strong><em><strong><em><strong><em><strong><em><strong><em><strong><em><strong><em><strong><em><strong><em><strong><em><strong><em><strong><em><strong><em><strong><em><strong><em><strong><em><strong><em><strong><em><strong><em><strong><em><strong><em><strong><em><strong><em><strong><em><strong><em><strong><em><strong><em><strong><em><strong><em><strong><em><strong><em><strong><em><strong><em><strong><em><strong><em><strong><em><strong><em><strong><em><strong><em><strong><em><strong><em><strong><em><strong><em><strong><em><strong><em><strong><em><strong><em><strong><em><strong><em><strong><em><strong><em><strong><em><strong><em><strong><em><strong><em><strong><em><strong><em><strong><em><strong><em><strong><em><strong><em><strong><em><strong><em><strong><em><strong><em><strong><em><strong><em><strong><em><strong><em><strong><em><strong><em><strong><em><strong><em><strong><em><strong><em><strong><em><strong><em><strong><em><strong><em><strong><em><strong><em><strong><em><strong><em><strong><em><strong><em><strong><em><strong><em><strong><em><strong><em><strong><em><strong><em><strong><em><strong><em><strong><em><strong><em><strong><em><strong><em><strong><em><strong><em><strong><em><strong><em><strong><em><strong><em><strong><em><strong><em><strong><em><strong><em><strong><em><strong><em><strong><em><strong><em><strong><em><strong><em><strong><em><strong><em><strong><em><strong><em><strong><em><strong><em><strong>Siga nossas redes sociais e&nbsp;participe da nossa comunidade do Canal de noticias do Roni Paparazzi no Whatsapp e receba as principais not\u00edcias da regi\u00e3o de Ara\u00e7atuba do dia direto no seu celular siga nosso &nbsp;<a href=\"https:\/\/www.instagram.com\/ronipaparazzi\/\">Instagram e&nbsp;<\/a><a href=\"https:\/\/www.facebook.com\/ronipaparazzicomvoce\">Facebook<\/a><a href=\"https:\/\/chat.whatsapp.com\/GsG1XKo0jPOEfjzudWQcml\" target=\"_blank\" rel=\"noreferrer noopener\">&nbsp;Clique aqui e se inscreva.<\/a><\/strong><\/em><\/strong><\/em><\/strong><\/em><\/strong><\/em><\/strong><\/em><\/strong><\/em><\/strong><\/em><\/strong><\/em><\/strong><\/em><\/strong><\/em><\/strong><\/em><\/strong><\/em><\/strong><\/em><\/strong><\/em><\/strong><\/em><\/strong><\/em><\/strong><\/em><\/strong><\/em><\/strong><\/em><\/strong><\/em><\/strong><\/em><\/strong><\/em><\/strong><\/em><\/strong><\/em><\/strong><\/em><\/strong><\/em><\/strong><\/em><\/strong><\/em><\/strong><\/em><\/strong><\/em><\/strong><\/em><\/strong><\/em><\/strong><\/em><\/strong><\/em><\/strong><\/em><\/strong><\/em><\/strong><\/em><\/strong><\/em><\/strong><\/em><\/strong><\/em><\/strong><\/em><\/strong><\/em><\/strong><\/em><\/strong><\/em><\/strong><\/em><\/strong><\/em><\/strong><\/em><\/strong><\/em><\/strong><\/em><\/strong><\/em><\/strong><\/em><\/strong><\/em><\/strong><\/em><\/strong><\/em><\/strong><\/em><\/strong><\/em><\/strong><\/em><\/strong><\/em><\/strong><\/em><\/strong><\/em><\/strong><\/em><\/strong><\/em><\/strong><\/em><\/strong><\/em><\/strong><\/em><\/strong><\/em><\/strong><\/em><\/strong><\/em><\/strong><\/em><\/strong><\/em><\/strong><\/em><\/strong><\/em><\/strong><\/em><\/strong><\/em><\/strong><\/em><\/strong><\/em><\/strong><\/em><\/strong><\/em><\/strong><\/em><\/strong><\/em><\/strong><\/em><\/strong><\/em><\/strong><\/em><\/strong><\/em><\/strong><\/em><\/strong><\/em><\/strong><\/em><\/strong><\/em><\/strong><\/em><\/strong><\/em><\/strong><\/em><\/strong><\/em><\/strong><\/em><\/strong><\/em><\/strong><\/em><\/strong><\/em><\/strong><\/em><\/strong><\/em><\/strong><\/em><\/strong><\/em><\/strong><\/em><\/strong><\/em><\/strong><\/em><\/strong><\/em><\/strong><\/em><\/strong><\/em><\/strong><\/em><\/strong><\/em><\/strong><\/em><\/strong><\/em><\/strong><\/em><\/strong><\/em><\/strong><\/em><\/strong><\/em><\/strong><\/em><\/strong><\/em><\/strong><\/em><\/strong><\/em><\/strong><\/em><\/strong><\/em><\/strong><\/em><\/strong><\/em><\/strong><\/em><\/strong><\/em><\/strong><\/em><\/strong><\/em><\/strong><\/em><\/strong><\/em><\/strong><\/em><\/strong><\/em><\/strong><\/em><\/strong><\/em><\/strong><\/em><\/strong><\/em><\/strong><\/em><\/strong><\/em><\/strong><\/em><\/strong><\/em><\/strong><\/em><\/strong><\/em><\/strong><\/em><\/strong><\/em><\/strong><\/em><\/strong><\/em><\/strong><\/em><\/strong><\/em><\/strong><\/em><\/strong><\/em><\/strong><\/em><\/strong><\/em><\/strong><\/em><\/strong><\/em><\/strong><\/em><\/strong><\/em><\/strong><\/em><\/strong><\/em><\/strong><\/em><\/strong><\/em><\/strong><\/em><\/strong><\/em><\/strong><\/em><\/strong><\/em><\/strong><\/em><\/strong><\/em><\/strong><\/em><\/strong><\/em><\/strong><\/em><\/strong><\/em><\/strong><\/em><\/strong><\/em><\/strong><\/em><\/strong><\/em><\/strong><\/em><\/strong><\/em><\/strong><\/em><\/strong><\/em><\/strong><\/em><\/strong><\/em><\/strong><\/em><\/strong><\/em><\/strong><\/em><\/strong><\/em><\/strong><\/em><\/strong><\/em><\/strong><\/em><\/strong><\/em><\/strong><\/em><\/strong><\/em><\/strong><\/em><\/strong><\/em><\/strong><\/em><\/strong><\/em><\/strong><\/em><\/strong><\/em><\/strong><\/em><\/strong><\/em><\/strong><\/em><\/strong><\/em><\/strong><\/em><\/strong><\/em><\/strong><\/em><\/strong><\/em><\/strong><\/em><\/strong><\/em><\/strong><\/em><\/strong><\/em><\/strong><\/em><\/strong><\/em><\/strong><\/em><\/strong><\/em><\/strong><\/em><\/strong><\/em><\/strong><\/em><\/strong><\/em><\/strong><\/em><\/strong><\/em><\/strong><\/em><\/strong><\/em><\/strong><\/em><\/strong><\/em><\/strong><\/em><\/strong><\/em><\/strong><\/em><\/strong><\/em><\/strong><\/em><\/strong><\/em><\/strong><\/em><\/strong><\/em><\/strong><\/em><\/strong><\/em><\/strong><\/em><\/strong><\/em><\/strong><\/em><\/strong><\/em><\/strong><\/em><\/strong><\/em><\/strong><\/em><\/strong><\/em><\/strong><\/em><\/strong><\/em><\/strong><\/em><\/strong><\/em><\/strong><\/em><\/strong><\/em><\/strong><\/em><\/strong><\/em><\/strong><\/em><\/strong><\/em><\/strong><\/em><\/strong><\/em><\/strong><\/p>\n","protected":false},"excerpt":{"rendered":"<p>A cidade de Andradina se uniu em solidariedade ao pequeno castilhense Davi Lucca Nascimento Moreira, de apenas 8 anos, que enfrenta uma dif\u00edcil luta pela vida ap\u00f3s complica\u00e7\u00f5es decorrentes de uma cirurgia. No dia 30 de julho, Davi come\u00e7ou a sentir fortes dores abdominais e epis\u00f3dios frequentes de v\u00f4mito. Ap\u00f3s tr\u00eas atendimentos m\u00e9dicos em Castilho, &hellip;<\/p>\n","protected":false},"author":1,"featured_media":19145,"comment_status":"open","ping_status":"open","sticky":false,"template":"","format":"standard","meta":{"_jetpack_memberships_contains_paid_content":false,"footnotes":"","jetpack_publicize_message":"","jetpack_publicize_feature_enabled":true,"jetpack_social_post_already_shared":true,"jetpack_social_options":{"image_generator_settings":{"template":"highway","default_image_id":0,"enabled":false},"version":2}},"categories":[4],"tags":[],"class_list":["post-19144","post","type-post","status-publish","format-standard","has-post-thumbnail","hentry","category-regiao"],"jetpack_publicize_connections":[],"jetpack_featured_media_url":"https:\/\/i0.wp.com\/www.paparazzinews.com.br\/wp-content\/uploads\/2025\/08\/791f500c-553d-42de-a1c3-c23491aee25b-e1755712485654.jpeg?fit=1000%2C751&ssl=1","views":"3323","jetpack_likes_enabled":true,"jetpack_sharing_enabled":true,"_links":{"self":[{"href":"https:\/\/www.paparazzinews.com.br\/index.php?rest_route=\/wp\/v2\/posts\/19144","targetHints":{"allow":["GET"]}}],"collection":[{"href":"https:\/\/www.paparazzinews.com.br\/index.php?rest_route=\/wp\/v2\/posts"}],"about":[{"href":"https:\/\/www.paparazzinews.com.br\/index.php?rest_route=\/wp\/v2\/types\/post"}],"author":[{"embeddable":true,"href":"https:\/\/www.paparazzinews.com.br\/index.php?rest_route=\/wp\/v2\/users\/1"}],"replies":[{"embeddable":true,"href":"https:\/\/www.paparazzinews.com.br\/index.php?rest_route=%2Fwp%2Fv2%2Fcomments&post=19144"}],"version-history":[{"count":1,"href":"https:\/\/www.paparazzinews.com.br\/index.php?rest_route=\/wp\/v2\/posts\/19144\/revisions"}],"predecessor-version":[{"id":19146,"href":"https:\/\/www.paparazzinews.com.br\/index.php?rest_route=\/wp\/v2\/posts\/19144\/revisions\/19146"}],"wp:featuredmedia":[{"embeddable":true,"href":"https:\/\/www.paparazzinews.com.br\/index.php?rest_route=\/wp\/v2\/media\/19145"}],"wp:attachment":[{"href":"https:\/\/www.paparazzinews.com.br\/index.php?rest_route=%2Fwp%2Fv2%2Fmedia&parent=19144"}],"wp:term":[{"taxonomy":"category","embeddable":true,"href":"https:\/\/www.paparazzinews.com.br\/index.php?rest_route=%2Fwp%2Fv2%2Fcategories&post=19144"},{"taxonomy":"post_tag","embeddable":true,"href":"https:\/\/www.paparazzinews.com.br\/index.php?rest_route=%2Fwp%2Fv2%2Ftags&post=19144"}],"curies":[{"name":"wp","href":"https:\/\/api.w.org\/{rel}","templated":true}]}}