{"id":191,"date":"2022-06-28T11:05:14","date_gmt":"2022-06-28T14:05:14","guid":{"rendered":"https:\/\/www.paparazzinews.com.br\/?p=191"},"modified":"2022-06-28T11:05:15","modified_gmt":"2022-06-28T14:05:15","slug":"comeca-em-6-de-julho-a-mao-dupla-em-rua-de-andradina","status":"publish","type":"post","link":"https:\/\/www.paparazzinews.com.br\/?p=191","title":{"rendered":"Come\u00e7a em 6 de julho a m\u00e3o dupla em rua de Andradina"},"content":{"rendered":"\n<p>A zero hora do dia 6 de julho (de ter\u00e7a para quarta-feira) o tr\u00e2nsito na Avenida Bar\u00e3o do Rio Branco voltar\u00e1 a ser m\u00e3o dupla em toda a sua extens\u00e3o. Os motoristas que transitam pela avenida devem ficar atentos para as mudan\u00e7as que passam a acontecer a partir desta quarta-feira (29) mas s\u00f3 valer\u00e3o na semana que vem.<\/p>\n\n\n\n<p><br>Segundo o diretor de tr\u00e2nsito, Oswaldo Rodrigo Pentian a sinaliza\u00e7\u00e3o vertical e horizontal do trecho entre as ruas Presidente Vargas e Jos\u00e9 Augusto de Carvalho estar\u00e1 mudando mas s\u00f3 dever\u00e3o ser obedecidas a partir da data estabelecida. Outra mudan\u00e7a \u00e9 a instala\u00e7\u00e3o de mais dispositivos semaf\u00f3ricos nos cruzamentos com a avenida Guanabara e tamb\u00e9m com a Paes Leme, que passam a ser de 4 e 3 tempos.<\/p>\n\n\n\n<p>Segundo o engenheiro Geraldo Pila, secret\u00e1rio de Obras do Governo de Andradina, a necessidade das altera\u00e7\u00f5es foi constatada ap\u00f3s avalia\u00e7\u00e3o e acompanhamento do impacto do tr\u00e2nsito nas ruas pr\u00f3ximas. \u201cPrecisamos organizar o tr\u00e1fego intenso de ve\u00edculos na regi\u00e3o melhorando a mobilidade urbana\u201d.<\/p>\n\n\n\n<p>A mudan\u00e7a foi aprovada pelo Conselho Municipal de Tr\u00e2nsito sendo uma a\u00e7\u00e3o que vai colaborar com reformula\u00e7\u00e3o do tr\u00e2nsito na \u00e1rea central de Andradina, motivada pela a implanta\u00e7\u00e3o da Paes Leme Mall Street, que est\u00e1 reformulando a principal rua do com\u00e9rcio Andradinense.<\/p>\n","protected":false},"excerpt":{"rendered":"<p>A zero hora do dia 6 de julho (de ter\u00e7a para quarta-feira) o tr\u00e2nsito na Avenida Bar\u00e3o do Rio Branco voltar\u00e1 a ser m\u00e3o dupla em toda a sua extens\u00e3o. Os motoristas que transitam pela avenida devem ficar atentos para as mudan\u00e7as que passam a acontecer a partir desta quarta-feira (29) mas s\u00f3 valer\u00e3o na &hellip;<\/p>\n","protected":false},"author":1,"featured_media":192,"comment_status":"open","ping_status":"open","sticky":false,"template":"","format":"standard","meta":{"_jetpack_memberships_contains_paid_content":false,"footnotes":"","jetpack_publicize_message":"","jetpack_publicize_feature_enabled":true,"jetpack_social_post_already_shared":false,"jetpack_social_options":{"image_generator_settings":{"template":"highway","default_image_id":0,"enabled":false},"version":2}},"categories":[4],"tags":[],"class_list":["post-191","post","type-post","status-publish","format-standard","has-post-thumbnail","hentry","category-regiao"],"jetpack_publicize_connections":[],"jetpack_featured_media_url":"https:\/\/i0.wp.com\/www.paparazzinews.com.br\/wp-content\/uploads\/2022\/06\/917faed7-bb63-4287-ae30-3ff95f5b8b4e.jpg?fit=800%2C510&ssl=1","views":"3915","jetpack_likes_enabled":true,"jetpack_sharing_enabled":true,"_links":{"self":[{"href":"https:\/\/www.paparazzinews.com.br\/index.php?rest_route=\/wp\/v2\/posts\/191","targetHints":{"allow":["GET"]}}],"collection":[{"href":"https:\/\/www.paparazzinews.com.br\/index.php?rest_route=\/wp\/v2\/posts"}],"about":[{"href":"https:\/\/www.paparazzinews.com.br\/index.php?rest_route=\/wp\/v2\/types\/post"}],"author":[{"embeddable":true,"href":"https:\/\/www.paparazzinews.com.br\/index.php?rest_route=\/wp\/v2\/users\/1"}],"replies":[{"embeddable":true,"href":"https:\/\/www.paparazzinews.com.br\/index.php?rest_route=%2Fwp%2Fv2%2Fcomments&post=191"}],"version-history":[{"count":1,"href":"https:\/\/www.paparazzinews.com.br\/index.php?rest_route=\/wp\/v2\/posts\/191\/revisions"}],"predecessor-version":[{"id":193,"href":"https:\/\/www.paparazzinews.com.br\/index.php?rest_route=\/wp\/v2\/posts\/191\/revisions\/193"}],"wp:featuredmedia":[{"embeddable":true,"href":"https:\/\/www.paparazzinews.com.br\/index.php?rest_route=\/wp\/v2\/media\/192"}],"wp:attachment":[{"href":"https:\/\/www.paparazzinews.com.br\/index.php?rest_route=%2Fwp%2Fv2%2Fmedia&parent=191"}],"wp:term":[{"taxonomy":"category","embeddable":true,"href":"https:\/\/www.paparazzinews.com.br\/index.php?rest_route=%2Fwp%2Fv2%2Fcategories&post=191"},{"taxonomy":"post_tag","embeddable":true,"href":"https:\/\/www.paparazzinews.com.br\/index.php?rest_route=%2Fwp%2Fv2%2Ftags&post=191"}],"curies":[{"name":"wp","href":"https:\/\/api.w.org\/{rel}","templated":true}]}}