{"id":19012,"date":"2025-08-08T16:41:43","date_gmt":"2025-08-08T19:41:43","guid":{"rendered":"https:\/\/www.paparazzinews.com.br\/?p=19012"},"modified":"2025-08-08T16:41:45","modified_gmt":"2025-08-08T19:41:45","slug":"aguas-andradina-e-aguas-castilho-contam-historias-de-colaboradores-em-homenagem-ao-dia-dos-pais","status":"publish","type":"post","link":"https:\/\/www.paparazzinews.com.br\/?p=19012","title":{"rendered":"\u00c1guas Andradina e \u00c1guas Castilho contam hist\u00f3rias de colaboradores em homenagem ao Dia dos Pais"},"content":{"rendered":"\n<p>Em comemora\u00e7\u00e3o ao Dia dos Pais, celebrado no pr\u00f3ximo domingo (10\/08), \u00e0s empresas \u00c1guas Andradina e \u00c1guas Castilho, do grupo Igu\u00e1 Saneamento e Sabesp, prestam uma homenagem especial aos seus colaboradores, que com dedica\u00e7\u00e3o desempenham pap\u00e9is fundamentais para garantir o fornecimento de \u00e1gua e esgoto \u00e0 popula\u00e7\u00e3o. <\/p>\n\n\n\n<p>Thiago da Silva Aguiar, encanador de \u00e1gua comercial da \u00c1guas Castilho e pai das filhas Hesther (14 anos), Rafaela (9 anos) e Rebeka (7 anos), compartilha que a conviv\u00eancia com suas filhas o ensina a cada dia a ser uma pessoa melhor. \u201cO que aprendo com minhas filhas reflete diretamente na forma como trato meus clientes e colegas de trabalho. A rela\u00e7\u00e3o com elas me torna mais paciente e emp\u00e1tico\u201d, revela.<\/p>\n\n\n\n<p>Raphael Zuri Ribeiro, supervisor t\u00e9cnico operacional da \u00c1guas Castilho, relata que a chegada do seu filho Ben\u00edcio, em mar\u00e7o de 2024, trouxe uma for\u00e7a renovada para sua vida pessoal e profissional. \u201cCada passo que dou \u00e9 pensado para oferecer o melhor para a minha fam\u00edlia. Para mim, o saneamento \u00e9 mais que uma quest\u00e3o de infraestrutura; \u00e9 uma quest\u00e3o de sa\u00fade, dignidade e esperan\u00e7a. Acredito que, ao investir em saneamento, estamos construindo um futuro mais saud\u00e1vel e digno para todas as fam\u00edlias\u201d, afirma Raphael.<\/p>\n\n\n\n<p>J\u00e1 Renato Davi Antunes J\u00fanior, encanador da \u00c1guas Andradina e pai de Lucas, que completou 1 m\u00eas recentemente, revela que a paternidade \u00e9 sua maior inspira\u00e7\u00e3o no trabalho. \u201cCuidamos dos servi\u00e7os de \u00e1gua e esgoto com a mesma aten\u00e7\u00e3o e carinho que temos com nossos filhos. Voltar para casa sabendo que cumpri minha miss\u00e3o no trabalho me d\u00e1 a sensa\u00e7\u00e3o de dever cumprido, e agora com o Lucas, a motiva\u00e7\u00e3o \u00e9 ainda maior\u201d, conta Renato.<\/p>\n\n\n\n<p>Ant\u00f4nio Mauro Mendes de Paula, encanador de rede de esgoto, tamb\u00e9m fala sobre os desafios de equilibrar o trabalho com a paternidade. Pai de Diogo, de 14 anos, e de Emily, que completa 2 meses no pr\u00f3ximo dia 11, ele explica que o trabalho no setor de saneamento exige dedica\u00e7\u00e3o constante.<\/p>\n\n\n\n<p>\u201cO trabalho \u00e9 intenso e, assim como cuidar dos filhos, n\u00e3o tem hora. Fico de plant\u00e3o para ajudar em casa com os cuidados da beb\u00ea, al\u00e9m dos plant\u00f5es na empresa, onde posso ser chamado a qualquer momento para atender uma emerg\u00eancia. No entanto, sou grato pelo meu trabalho, pois \u00e9 com ele que consigo prover para minha fam\u00edlia\u201d, declara Ant\u00f4nio.<\/p>\n\n\n\n<p>E quem coordena todos os colaboradores de perto, o gerente operacional das concession\u00e1rias, Alexandre Pardim, tamb\u00e9m confessa que depois da chegada de seu \u00fanico filho, Bernardo, de 4 anos, algo diferente aconteceu. \u201cSer pai me faz ser uma pessoa melhor todos os dias, tanto em casa quanto no trabalho\u201d, conta.<\/p>\n\n\n\n<p>O diretor-geral da \u00c1guas Andradina e \u00c1guas Castilho, Lu\u00eds Guilherme Bizelli, pai do Ben\u00edcio, de 2 anos, tamb\u00e9m celebra o esfor\u00e7o di\u00e1rio desses pais. \u201cNeste Dia dos Pais, fazemos quest\u00e3o de reconhecer e agradecer o empenho de todos os pais da cidade que, como nossos colaboradores, dedicam-se incansavelmente ao cuidado e ao bem-estar de suas fam\u00edlias e de nossa comunidade. O cuidado di\u00e1rio que esses profissionais demonstram \u00e9 um verdadeiro ato de amor.\u201d<\/p>\n\n\n\n<p>Para acompanhar mais not\u00edcias das concession\u00e1rias, acesse www.igua.com.br\/andradina e www.igua.com.br\/castilho.<\/p>\n\n\n\n<p><strong><em><strong><em><strong><em><strong><em><strong><em><strong><em><strong><em><strong><em><strong><em><strong><em><strong><em><strong><em><strong><em><strong><em><strong><em><strong><em><strong><em><strong><em><strong><em><strong><em><strong><em><strong><em><strong><em><strong><em><strong><em><strong><em><strong><em><strong><em><strong><em><strong><em><strong><em><strong><em><strong><em><strong><em><strong><em><strong><em><strong><em><strong><em><strong><em><strong><em><strong><em><strong><em><strong><em><strong><em><strong><em><strong><em><strong><em><strong><em><strong><em><strong><em><strong><em><strong><em><strong><em><strong><em><strong><em><strong><em><strong><em><strong><em><strong><em><strong><em><strong><em><strong><em><strong><em><strong><em><strong><em><strong><em><strong><em><strong><em><strong><em><strong><em><strong><em><strong><em><strong><em><strong><em><strong><em><strong><em><strong><em><strong><em><strong><em><strong><em><strong><em><strong><em><strong><em><strong><em><strong><em><strong><em><strong><em><strong><em><strong><em><strong><em><strong><em><strong><em><strong><em><strong><em><strong><em><strong><em><strong><em><strong><em><strong><em><strong><em><strong><em><strong><em><strong><em><strong><em><strong><em><strong><em><strong><em><strong><em><strong><em><strong><em><strong><em><strong><em><strong><em><strong><em><strong><em><strong><em><strong><em><strong><em><strong><em><strong><em><strong><em><strong><em><strong><em><strong><em><strong><em><strong><em><strong><em><strong><em><strong><em><strong><em><strong><em><strong><em><strong><em><strong><em><strong><em><strong><em><strong><em><strong><em><strong><em><strong><em><strong><em><strong><em><strong><em><strong><em><strong><em><strong><em><strong><em><strong><em><strong><em><strong><em><strong><em><strong><em><strong><em><strong><em><strong><em><strong><em><strong><em><strong><em><strong><em><strong><em><strong><em><strong><em><strong><em><strong><em><strong><em><strong><em><strong><em><strong><em><strong><em><strong><em><strong><em><strong><em><strong><em><strong><em><strong><em><strong><em><strong><em><strong><em><strong><em><strong><em><strong><em><strong><em><strong><em><strong><em><strong><em><strong><em><strong><em><strong><em><strong><em><strong><em><strong><em><strong><em><strong><em><strong><em><strong><em><strong><em><strong><em><strong><em><strong><em><strong><em><strong><em><strong><em><strong><em><strong><em><strong><em><strong><em><strong><em><strong><em><strong><em><strong><em><strong><em><strong><em><strong><em><strong><em><strong><em><strong><em><strong><em><strong><em><strong><em><strong><em><strong><em><strong><em><strong><em><strong><em><strong><em><strong><em><strong><em><strong><em><strong><em><strong><em><strong><em><strong><em><strong><em><strong><em><strong><em><strong><em><strong><em><strong><em><strong><em><strong><em><strong><em><strong><em><strong><em><strong><em><strong><em><strong><em><strong><em><strong><em><strong><em><strong><em><strong>Siga nossas redes sociais e\u00a0participe da nossa comunidade do Canal de noticias do Roni Paparazzi no Whatsapp e receba as principais not\u00edcias da regi\u00e3o de Ara\u00e7atuba do dia direto no seu celular siga nosso \u00a0<a href=\"https:\/\/www.instagram.com\/ronipaparazzi\/\">Instagram e\u00a0<\/a><a href=\"https:\/\/www.facebook.com\/ronipaparazzicomvoce\">Facebook<\/a><a href=\"https:\/\/chat.whatsapp.com\/GsG1XKo0jPOEfjzudWQcml\" target=\"_blank\" rel=\"noreferrer noopener\">\u00a0Clique aqui e se inscreva.<\/a><\/strong><\/em><\/strong><\/em><\/strong><\/em><\/strong><\/em><\/strong><\/em><\/strong><\/em><\/strong><\/em><\/strong><\/em><\/strong><\/em><\/strong><\/em><\/strong><\/em><\/strong><\/em><\/strong><\/em><\/strong><\/em><\/strong><\/em><\/strong><\/em><\/strong><\/em><\/strong><\/em><\/strong><\/em><\/strong><\/em><\/strong><\/em><\/strong><\/em><\/strong><\/em><\/strong><\/em><\/strong><\/em><\/strong><\/em><\/strong><\/em><\/strong><\/em><\/strong><\/em><\/strong><\/em><\/strong><\/em><\/strong><\/em><\/strong><\/em><\/strong><\/em><\/strong><\/em><\/strong><\/em><\/strong><\/em><\/strong><\/em><\/strong><\/em><\/strong><\/em><\/strong><\/em><\/strong><\/em><\/strong><\/em><\/strong><\/em><\/strong><\/em><\/strong><\/em><\/strong><\/em><\/strong><\/em><\/strong><\/em><\/strong><\/em><\/strong><\/em><\/strong><\/em><\/strong><\/em><\/strong><\/em><\/strong><\/em><\/strong><\/em><\/strong><\/em><\/strong><\/em><\/strong><\/em><\/strong><\/em><\/strong><\/em><\/strong><\/em><\/strong><\/em><\/strong><\/em><\/strong><\/em><\/strong><\/em><\/strong><\/em><\/strong><\/em><\/strong><\/em><\/strong><\/em><\/strong><\/em><\/strong><\/em><\/strong><\/em><\/strong><\/em><\/strong><\/em><\/strong><\/em><\/strong><\/em><\/strong><\/em><\/strong><\/em><\/strong><\/em><\/strong><\/em><\/strong><\/em><\/strong><\/em><\/strong><\/em><\/strong><\/em><\/strong><\/em><\/strong><\/em><\/strong><\/em><\/strong><\/em><\/strong><\/em><\/strong><\/em><\/strong><\/em><\/strong><\/em><\/strong><\/em><\/strong><\/em><\/strong><\/em><\/strong><\/em><\/strong><\/em><\/strong><\/em><\/strong><\/em><\/strong><\/em><\/strong><\/em><\/strong><\/em><\/strong><\/em><\/strong><\/em><\/strong><\/em><\/strong><\/em><\/strong><\/em><\/strong><\/em><\/strong><\/em><\/strong><\/em><\/strong><\/em><\/strong><\/em><\/strong><\/em><\/strong><\/em><\/strong><\/em><\/strong><\/em><\/strong><\/em><\/strong><\/em><\/strong><\/em><\/strong><\/em><\/strong><\/em><\/strong><\/em><\/strong><\/em><\/strong><\/em><\/strong><\/em><\/strong><\/em><\/strong><\/em><\/strong><\/em><\/strong><\/em><\/strong><\/em><\/strong><\/em><\/strong><\/em><\/strong><\/em><\/strong><\/em><\/strong><\/em><\/strong><\/em><\/strong><\/em><\/strong><\/em><\/strong><\/em><\/strong><\/em><\/strong><\/em><\/strong><\/em><\/strong><\/em><\/strong><\/em><\/strong><\/em><\/strong><\/em><\/strong><\/em><\/strong><\/em><\/strong><\/em><\/strong><\/em><\/strong><\/em><\/strong><\/em><\/strong><\/em><\/strong><\/em><\/strong><\/em><\/strong><\/em><\/strong><\/em><\/strong><\/em><\/strong><\/em><\/strong><\/em><\/strong><\/em><\/strong><\/em><\/strong><\/em><\/strong><\/em><\/strong><\/em><\/strong><\/em><\/strong><\/em><\/strong><\/em><\/strong><\/em><\/strong><\/em><\/strong><\/em><\/strong><\/em><\/strong><\/em><\/strong><\/em><\/strong><\/em><\/strong><\/em><\/strong><\/em><\/strong><\/em><\/strong><\/em><\/strong><\/em><\/strong><\/em><\/strong><\/em><\/strong><\/em><\/strong><\/em><\/strong><\/em><\/strong><\/em><\/strong><\/em><\/strong><\/em><\/strong><\/em><\/strong><\/em><\/strong><\/em><\/strong><\/em><\/strong><\/em><\/strong><\/em><\/strong><\/em><\/strong><\/em><\/strong><\/em><\/strong><\/em><\/strong><\/em><\/strong><\/em><\/strong><\/em><\/strong><\/em><\/strong><\/em><\/strong><\/em><\/strong><\/em><\/strong><\/em><\/strong><\/em><\/strong><\/em><\/strong><\/em><\/strong><\/em><\/strong><\/em><\/strong><\/em><\/strong><\/em><\/strong><\/em><\/strong><\/em><\/strong><\/em><\/strong><\/em><\/strong><\/em><\/strong><\/em><\/strong><\/em><\/strong><\/em><\/strong><\/em><\/strong><\/em><\/strong><\/em><\/strong><\/em><\/strong><\/em><\/strong><\/em><\/strong><\/em><\/strong><\/em><\/strong><\/em><\/strong><\/em><\/strong><\/em><\/strong><\/em><\/strong><\/em><\/strong><\/em><\/strong><\/em><\/strong><\/em><\/strong><\/em><\/strong><\/em><\/strong><\/em><\/strong><\/em><\/strong><\/em><\/strong><\/em><\/strong><\/em><\/strong><\/em><\/strong><\/em><\/strong><\/em><\/strong><\/em><\/strong><\/em><\/strong><\/p>\n","protected":false},"excerpt":{"rendered":"<p>Em comemora\u00e7\u00e3o ao Dia dos Pais, celebrado no pr\u00f3ximo domingo (10\/08), \u00e0s empresas \u00c1guas Andradina e \u00c1guas Castilho, do grupo Igu\u00e1 Saneamento e Sabesp, prestam uma homenagem especial aos seus colaboradores, que com dedica\u00e7\u00e3o desempenham pap\u00e9is fundamentais para garantir o fornecimento de \u00e1gua e esgoto \u00e0 popula\u00e7\u00e3o. Thiago da Silva Aguiar, encanador de \u00e1gua comercial &hellip;<\/p>\n","protected":false},"author":1,"featured_media":19014,"comment_status":"open","ping_status":"open","sticky":false,"template":"","format":"standard","meta":{"_jetpack_memberships_contains_paid_content":false,"footnotes":"","jetpack_publicize_message":"","jetpack_publicize_feature_enabled":true,"jetpack_social_post_already_shared":true,"jetpack_social_options":{"image_generator_settings":{"template":"highway","default_image_id":0,"enabled":false},"version":2}},"categories":[6],"tags":[],"class_list":["post-19012","post","type-post","status-publish","format-standard","has-post-thumbnail","hentry","category-entretenimento"],"jetpack_publicize_connections":[],"jetpack_featured_media_url":"https:\/\/i0.wp.com\/www.paparazzinews.com.br\/wp-content\/uploads\/2025\/08\/page.jpg?fit=500%2C500&ssl=1","views":"1833","jetpack_likes_enabled":true,"jetpack_sharing_enabled":true,"_links":{"self":[{"href":"https:\/\/www.paparazzinews.com.br\/index.php?rest_route=\/wp\/v2\/posts\/19012","targetHints":{"allow":["GET"]}}],"collection":[{"href":"https:\/\/www.paparazzinews.com.br\/index.php?rest_route=\/wp\/v2\/posts"}],"about":[{"href":"https:\/\/www.paparazzinews.com.br\/index.php?rest_route=\/wp\/v2\/types\/post"}],"author":[{"embeddable":true,"href":"https:\/\/www.paparazzinews.com.br\/index.php?rest_route=\/wp\/v2\/users\/1"}],"replies":[{"embeddable":true,"href":"https:\/\/www.paparazzinews.com.br\/index.php?rest_route=%2Fwp%2Fv2%2Fcomments&post=19012"}],"version-history":[{"count":1,"href":"https:\/\/www.paparazzinews.com.br\/index.php?rest_route=\/wp\/v2\/posts\/19012\/revisions"}],"predecessor-version":[{"id":19013,"href":"https:\/\/www.paparazzinews.com.br\/index.php?rest_route=\/wp\/v2\/posts\/19012\/revisions\/19013"}],"wp:featuredmedia":[{"embeddable":true,"href":"https:\/\/www.paparazzinews.com.br\/index.php?rest_route=\/wp\/v2\/media\/19014"}],"wp:attachment":[{"href":"https:\/\/www.paparazzinews.com.br\/index.php?rest_route=%2Fwp%2Fv2%2Fmedia&parent=19012"}],"wp:term":[{"taxonomy":"category","embeddable":true,"href":"https:\/\/www.paparazzinews.com.br\/index.php?rest_route=%2Fwp%2Fv2%2Fcategories&post=19012"},{"taxonomy":"post_tag","embeddable":true,"href":"https:\/\/www.paparazzinews.com.br\/index.php?rest_route=%2Fwp%2Fv2%2Ftags&post=19012"}],"curies":[{"name":"wp","href":"https:\/\/api.w.org\/{rel}","templated":true}]}}