{"id":19003,"date":"2025-08-07T19:44:16","date_gmt":"2025-08-07T22:44:16","guid":{"rendered":"https:\/\/www.paparazzinews.com.br\/?p=19003"},"modified":"2025-08-07T19:44:19","modified_gmt":"2025-08-07T22:44:19","slug":"prefeito-de-castilho-prestigia-posse-do-novo-comandante-do-cpi-10-e-solicita-reforco-no-efetivo-da-pm-para-o-municipio","status":"publish","type":"post","link":"https:\/\/www.paparazzinews.com.br\/?p=19003","title":{"rendered":"Prefeito de Castilho prestigia posse do novo comandante do CPI-10 e solicita refor\u00e7o no efetivo da PM para o munic\u00edpio"},"content":{"rendered":"\n<p>Durante a cerim\u00f4nia de passagem de comando do CPI-10 (Comando de Policiamento do Interior), realizada nesta quinta-feira (6) em Ara\u00e7atuba, o prefeito de Castilho, Paulo Boaventura, marcou presen\u00e7a para prestigiar a posse do coronel Marcos Rog\u00e9rio Lemes, novo comandante da unidade. O evento contou tamb\u00e9m com a presen\u00e7a do secret\u00e1rio de Seguran\u00e7a P\u00fablica do Estado de S\u00e3o Paulo, Guilherme Derrite.<\/p>\n\n\n\n<p>Natural de Ara\u00e7atuba, o coronel Marcos Rog\u00e9rio retorna \u00e0 sua regi\u00e3o de origem ap\u00f3s mais de 30 anos de carreira na Pol\u00edcia Militar. Em seu discurso, destacou o orgulho de assumir o comando no local onde cresceu: \u201cRetornar para as minhas ra\u00edzes renova meu f\u00f4lego para trabalhar em prol da seguran\u00e7a das pessoas da minha regi\u00e3o. Hoje consigo colocar em pr\u00e1tica toda a experi\u00eancia que adquiri ao longo da carreira. \u00c9 uma felicidade e uma satisfa\u00e7\u00e3o imensur\u00e1vel.\u201d<\/p>\n\n\n\n<p>Ele substitui a coronel Adriana Belluzzo, que assumir\u00e1 o CPI-8, na regi\u00e3o de Presidente Prudente. Ambos foram elogiados pelo secret\u00e1rio Guilherme Derrite, que ressaltou o perfil operacional de lideran\u00e7a dos dois comandantes e refor\u00e7ou o compromisso com o policiamento ostensivo. \u201cTanto ele quanto a coronel Adriana t\u00eam uma caracter\u00edstica em comum que \u00e9 priorizar a \u00e1rea operacional da Pol\u00edcia Militar. S\u00f3 assim n\u00f3s vamos manter a popula\u00e7\u00e3o segura, com estrat\u00e9gias t\u00e1ticas para combater a criminalidade e policiais nas ruas fazendo a preven\u00e7\u00e3o\u201d, afirmou Derrite.<\/p>\n\n\n\n<p><strong>Refor\u00e7o policial para Castilho<\/strong><\/p>\n\n\n\n<p>Aproveitando a presen\u00e7a de autoridades estaduais na cerim\u00f4nia, o prefeito Paulo Boaventura apresentou um pedido formal ao secret\u00e1rio Derrite: o aumento do efetivo da Pol\u00edcia Militar no pelot\u00e3o de Castilho, que pertence ao 28\u00ba BPM\/I de Andradina. Segundo Boaventura, o munic\u00edpio, com mais de 24 mil habitantes, carece de um contingente policial compat\u00edvel com sua demanda atual.<\/p>\n\n\n\n<p>\u201cEstamos fazendo a nossa parte. Castilho possui hoje conv\u00eanio ativo com a Atividade Delegada, que permite a presen\u00e7a de policiais em hor\u00e1rio de folga nas ruas da cidade, ampliando a sensa\u00e7\u00e3o de seguran\u00e7a. Tamb\u00e9m conquistamos recentemente uma base comunit\u00e1ria do Corpo de Bombeiros. Mas precisamos de mais efetivo fixo da PM para garantir a continuidade e efic\u00e1cia do nosso trabalho preventivo\u201d, destacou o prefeito.<\/p>\n\n\n\n<p><strong>Expectativas de comando e tecnologia<\/strong><\/p>\n\n\n\n<p>Em sua nova fun\u00e7\u00e3o, o coronel Marcos Rog\u00e9rio destacou que uma das metas \u00e9 a redu\u00e7\u00e3o ainda mais acentuada dos \u00edndices de criminalidade na regi\u00e3o. Ele anunciou a amplia\u00e7\u00e3o do uso de ferramentas de intelig\u00eancia, como o programa Muralha Paulista, al\u00e9m da ado\u00e7\u00e3o de tecnologias como drones, tanto para repress\u00e3o a crimes quanto para a\u00e7\u00f5es de salvamento.<\/p>\n\n\n\n<p>O novo comandante tamb\u00e9m afirmou que pretende refor\u00e7ar a integra\u00e7\u00e3o com unidades especializadas como o BAEP, ROCAM e For\u00e7a T\u00e1tica.<\/p>\n\n\n\n<p>A presen\u00e7a do prefeito de Castilho refor\u00e7a a atua\u00e7\u00e3o conjunta entre os munic\u00edpios e o governo do Estado na busca por mais seguran\u00e7a, infraestrutura e investimentos para o noroeste paulista.<\/p>\n\n\n\n<p><strong><em><strong><em><strong><em><strong><em><strong><em><strong><em><strong><em><strong><em><strong><em><strong><em><strong><em><strong><em><strong><em><strong><em><strong><em><strong><em><strong><em><strong><em><strong><em><strong><em><strong><em><strong><em><strong><em><strong><em><strong><em><strong><em><strong><em><strong><em><strong><em><strong><em><strong><em><strong><em><strong><em><strong><em><strong><em><strong><em><strong><em><strong><em><strong><em><strong><em><strong><em><strong><em><strong><em><strong><em><strong><em><strong><em><strong><em><strong><em><strong><em><strong><em><strong><em><strong><em><strong><em><strong><em><strong><em><strong><em><strong><em><strong><em><strong><em><strong><em><strong><em><strong><em><strong><em><strong><em><strong><em><strong><em><strong><em><strong><em><strong><em><strong><em><strong><em><strong><em><strong><em><strong><em><strong><em><strong><em><strong><em><strong><em><strong><em><strong><em><strong><em><strong><em><strong><em><strong><em><strong><em><strong><em><strong><em><strong><em><strong><em><strong><em><strong><em><strong><em><strong><em><strong><em><strong><em><strong><em><strong><em><strong><em><strong><em><strong><em><strong><em><strong><em><strong><em><strong><em><strong><em><strong><em><strong><em><strong><em><strong><em><strong><em><strong><em><strong><em><strong><em><strong><em><strong><em><strong><em><strong><em><strong><em><strong><em><strong><em><strong><em><strong><em><strong><em><strong><em><strong><em><strong><em><strong><em><strong><em><strong><em><strong><em><strong><em><strong><em><strong><em><strong><em><strong><em><strong><em><strong><em><strong><em><strong><em><strong><em><strong><em><strong><em><strong><em><strong><em><strong><em><strong><em><strong><em><strong><em><strong><em><strong><em><strong><em><strong><em><strong><em><strong><em><strong><em><strong><em><strong><em><strong><em><strong><em><strong><em><strong><em><strong><em><strong><em><strong><em><strong><em><strong><em><strong><em><strong><em><strong><em><strong><em><strong><em><strong><em><strong><em><strong><em><strong><em><strong><em><strong><em><strong><em><strong><em><strong><em><strong><em><strong><em><strong><em><strong><em><strong><em><strong><em><strong><em><strong><em><strong><em><strong><em><strong><em><strong><em><strong><em><strong><em><strong><em><strong><em><strong><em><strong><em><strong><em><strong><em><strong><em><strong><em><strong><em><strong><em><strong><em><strong><em><strong><em><strong><em><strong><em><strong><em><strong><em><strong><em><strong><em><strong><em><strong><em><strong><em><strong><em><strong><em><strong><em><strong><em><strong><em><strong><em><strong><em><strong><em><strong><em><strong><em><strong><em><strong><em><strong><em><strong><em><strong><em><strong><em><strong><em><strong><em><strong><em><strong><em><strong><em><strong><em><strong><em><strong><em><strong><em><strong><em><strong><em><strong><em><strong><em><strong><em><strong><em><strong><em><strong><em><strong><em><strong>Siga nossas redes sociais e\u00a0participe da nossa comunidade do Canal de noticias do Roni Paparazzi no Whatsapp e receba as principais not\u00edcias da regi\u00e3o de Ara\u00e7atuba do dia direto no seu celular siga nosso \u00a0<a href=\"https:\/\/www.instagram.com\/ronipaparazzi\/\">Instagram e\u00a0<\/a><a href=\"https:\/\/www.facebook.com\/ronipaparazzicomvoce\">Facebook<\/a><a href=\"https:\/\/chat.whatsapp.com\/GsG1XKo0jPOEfjzudWQcml\" target=\"_blank\" rel=\"noreferrer noopener\">\u00a0Clique aqui e se inscreva.<\/a><\/strong><\/em><\/strong><\/em><\/strong><\/em><\/strong><\/em><\/strong><\/em><\/strong><\/em><\/strong><\/em><\/strong><\/em><\/strong><\/em><\/strong><\/em><\/strong><\/em><\/strong><\/em><\/strong><\/em><\/strong><\/em><\/strong><\/em><\/strong><\/em><\/strong><\/em><\/strong><\/em><\/strong><\/em><\/strong><\/em><\/strong><\/em><\/strong><\/em><\/strong><\/em><\/strong><\/em><\/strong><\/em><\/strong><\/em><\/strong><\/em><\/strong><\/em><\/strong><\/em><\/strong><\/em><\/strong><\/em><\/strong><\/em><\/strong><\/em><\/strong><\/em><\/strong><\/em><\/strong><\/em><\/strong><\/em><\/strong><\/em><\/strong><\/em><\/strong><\/em><\/strong><\/em><\/strong><\/em><\/strong><\/em><\/strong><\/em><\/strong><\/em><\/strong><\/em><\/strong><\/em><\/strong><\/em><\/strong><\/em><\/strong><\/em><\/strong><\/em><\/strong><\/em><\/strong><\/em><\/strong><\/em><\/strong><\/em><\/strong><\/em><\/strong><\/em><\/strong><\/em><\/strong><\/em><\/strong><\/em><\/strong><\/em><\/strong><\/em><\/strong><\/em><\/strong><\/em><\/strong><\/em><\/strong><\/em><\/strong><\/em><\/strong><\/em><\/strong><\/em><\/strong><\/em><\/strong><\/em><\/strong><\/em><\/strong><\/em><\/strong><\/em><\/strong><\/em><\/strong><\/em><\/strong><\/em><\/strong><\/em><\/strong><\/em><\/strong><\/em><\/strong><\/em><\/strong><\/em><\/strong><\/em><\/strong><\/em><\/strong><\/em><\/strong><\/em><\/strong><\/em><\/strong><\/em><\/strong><\/em><\/strong><\/em><\/strong><\/em><\/strong><\/em><\/strong><\/em><\/strong><\/em><\/strong><\/em><\/strong><\/em><\/strong><\/em><\/strong><\/em><\/strong><\/em><\/strong><\/em><\/strong><\/em><\/strong><\/em><\/strong><\/em><\/strong><\/em><\/strong><\/em><\/strong><\/em><\/strong><\/em><\/strong><\/em><\/strong><\/em><\/strong><\/em><\/strong><\/em><\/strong><\/em><\/strong><\/em><\/strong><\/em><\/strong><\/em><\/strong><\/em><\/strong><\/em><\/strong><\/em><\/strong><\/em><\/strong><\/em><\/strong><\/em><\/strong><\/em><\/strong><\/em><\/strong><\/em><\/strong><\/em><\/strong><\/em><\/strong><\/em><\/strong><\/em><\/strong><\/em><\/strong><\/em><\/strong><\/em><\/strong><\/em><\/strong><\/em><\/strong><\/em><\/strong><\/em><\/strong><\/em><\/strong><\/em><\/strong><\/em><\/strong><\/em><\/strong><\/em><\/strong><\/em><\/strong><\/em><\/strong><\/em><\/strong><\/em><\/strong><\/em><\/strong><\/em><\/strong><\/em><\/strong><\/em><\/strong><\/em><\/strong><\/em><\/strong><\/em><\/strong><\/em><\/strong><\/em><\/strong><\/em><\/strong><\/em><\/strong><\/em><\/strong><\/em><\/strong><\/em><\/strong><\/em><\/strong><\/em><\/strong><\/em><\/strong><\/em><\/strong><\/em><\/strong><\/em><\/strong><\/em><\/strong><\/em><\/strong><\/em><\/strong><\/em><\/strong><\/em><\/strong><\/em><\/strong><\/em><\/strong><\/em><\/strong><\/em><\/strong><\/em><\/strong><\/em><\/strong><\/em><\/strong><\/em><\/strong><\/em><\/strong><\/em><\/strong><\/em><\/strong><\/em><\/strong><\/em><\/strong><\/em><\/strong><\/em><\/strong><\/em><\/strong><\/em><\/strong><\/em><\/strong><\/em><\/strong><\/em><\/strong><\/em><\/strong><\/em><\/strong><\/em><\/strong><\/em><\/strong><\/em><\/strong><\/em><\/strong><\/em><\/strong><\/em><\/strong><\/em><\/strong><\/em><\/strong><\/em><\/strong><\/em><\/strong><\/em><\/strong><\/em><\/strong><\/em><\/strong><\/em><\/strong><\/em><\/strong><\/em><\/strong><\/em><\/strong><\/em><\/strong><\/em><\/strong><\/em><\/strong><\/em><\/strong><\/em><\/strong><\/em><\/strong><\/em><\/strong><\/em><\/strong><\/em><\/strong><\/em><\/strong><\/em><\/strong><\/em><\/strong><\/em><\/strong><\/em><\/strong><\/em><\/strong><\/em><\/strong><\/em><\/strong><\/em><\/strong><\/em><\/strong><\/em><\/strong><\/em><\/strong><\/em><\/strong><\/em><\/strong><\/em><\/strong><\/em><\/strong><\/em><\/strong><\/em><\/strong><\/em><\/strong><\/em><\/strong><\/em><\/strong><\/em><\/strong><\/em><\/strong><\/em><\/strong><\/em><\/strong><\/em><\/strong><\/em><\/strong><\/em><\/strong><\/em><\/strong><\/em><\/strong><\/em><\/strong><\/em><\/strong><\/em><\/strong><\/p>\n","protected":false},"excerpt":{"rendered":"<p>Durante a cerim\u00f4nia de passagem de comando do CPI-10 (Comando de Policiamento do Interior), realizada nesta quinta-feira (6) em Ara\u00e7atuba, o prefeito de Castilho, Paulo Boaventura, marcou presen\u00e7a para prestigiar a posse do coronel Marcos Rog\u00e9rio Lemes, novo comandante da unidade. O evento contou tamb\u00e9m com a presen\u00e7a do secret\u00e1rio de Seguran\u00e7a P\u00fablica do Estado &hellip;<\/p>\n","protected":false},"author":1,"featured_media":19004,"comment_status":"open","ping_status":"open","sticky":false,"template":"","format":"standard","meta":{"_jetpack_memberships_contains_paid_content":false,"footnotes":"","jetpack_publicize_message":"","jetpack_publicize_feature_enabled":true,"jetpack_social_post_already_shared":true,"jetpack_social_options":{"image_generator_settings":{"template":"highway","default_image_id":0,"enabled":false},"version":2}},"categories":[3],"tags":[],"class_list":["post-19003","post","type-post","status-publish","format-standard","has-post-thumbnail","hentry","category-policial"],"jetpack_publicize_connections":[],"jetpack_featured_media_url":"https:\/\/i0.wp.com\/www.paparazzinews.com.br\/wp-content\/uploads\/2025\/08\/08bcfe95-f71c-4293-a693-0a4a487a6498-scaled-e1754606643740.jpeg?fit=1000%2C449&ssl=1","views":"1806","jetpack_likes_enabled":true,"jetpack_sharing_enabled":true,"_links":{"self":[{"href":"https:\/\/www.paparazzinews.com.br\/index.php?rest_route=\/wp\/v2\/posts\/19003","targetHints":{"allow":["GET"]}}],"collection":[{"href":"https:\/\/www.paparazzinews.com.br\/index.php?rest_route=\/wp\/v2\/posts"}],"about":[{"href":"https:\/\/www.paparazzinews.com.br\/index.php?rest_route=\/wp\/v2\/types\/post"}],"author":[{"embeddable":true,"href":"https:\/\/www.paparazzinews.com.br\/index.php?rest_route=\/wp\/v2\/users\/1"}],"replies":[{"embeddable":true,"href":"https:\/\/www.paparazzinews.com.br\/index.php?rest_route=%2Fwp%2Fv2%2Fcomments&post=19003"}],"version-history":[{"count":1,"href":"https:\/\/www.paparazzinews.com.br\/index.php?rest_route=\/wp\/v2\/posts\/19003\/revisions"}],"predecessor-version":[{"id":19005,"href":"https:\/\/www.paparazzinews.com.br\/index.php?rest_route=\/wp\/v2\/posts\/19003\/revisions\/19005"}],"wp:featuredmedia":[{"embeddable":true,"href":"https:\/\/www.paparazzinews.com.br\/index.php?rest_route=\/wp\/v2\/media\/19004"}],"wp:attachment":[{"href":"https:\/\/www.paparazzinews.com.br\/index.php?rest_route=%2Fwp%2Fv2%2Fmedia&parent=19003"}],"wp:term":[{"taxonomy":"category","embeddable":true,"href":"https:\/\/www.paparazzinews.com.br\/index.php?rest_route=%2Fwp%2Fv2%2Fcategories&post=19003"},{"taxonomy":"post_tag","embeddable":true,"href":"https:\/\/www.paparazzinews.com.br\/index.php?rest_route=%2Fwp%2Fv2%2Ftags&post=19003"}],"curies":[{"name":"wp","href":"https:\/\/api.w.org\/{rel}","templated":true}]}}