{"id":18984,"date":"2025-08-06T18:12:29","date_gmt":"2025-08-06T21:12:29","guid":{"rendered":"https:\/\/www.paparazzinews.com.br\/?p=18984"},"modified":"2025-08-06T18:12:32","modified_gmt":"2025-08-06T21:12:32","slug":"seduc-sp-abre-vagas-em-novo-modelo-de-ensino-medio-flexivel-para-maiores-de-18-anos","status":"publish","type":"post","link":"https:\/\/www.paparazzinews.com.br\/?p=18984","title":{"rendered":"Seduc-SP abre vagas em novo modelo de Ensino M\u00e9dio flex\u00edvel para maiores de 18 anos"},"content":{"rendered":"\n<p>A Secretaria da Educa\u00e7\u00e3o do Estado de S\u00e3o Paulo (Seduc-SP) est\u00e1 com <strong>vagas abertas<\/strong> para um novo modelo de <strong>Ensino M\u00e9dio com presen\u00e7a flex\u00edvel<\/strong>, voltado a <strong>jovens e adultos com mais de 18 anos<\/strong>. A iniciativa ser\u00e1 implantada, inicialmente, em <strong>20 escolas da capital, regi\u00e3o metropolitana e Campinas<\/strong>, no per\u00edodo <strong>noturno<\/strong>, a partir de <strong>25 de agosto<\/strong>. Foto: Ag\u00eancia SP.<\/p>\n\n\n\n<p>O formato piloto segue os moldes dos <strong>Centros Estaduais de Educa\u00e7\u00e3o de Jovens e Adultos (CEEJAs)<\/strong>, permitindo que o aluno tenha autonomia para organizar seus estudos e compare\u00e7a \u00e0 escola para tirar d\u00favidas, realizar atividades e provas. \u00c9 necess\u00e1rio apenas <strong>uma presen\u00e7a por m\u00eas por componente curricular<\/strong>, o que facilita a concilia\u00e7\u00e3o com rotinas de trabalho e outras responsabilidades.<\/p>\n\n\n\n<hr class=\"wp-block-separator has-alpha-channel-opacity\"\/>\n\n\n\n<h3 class=\"wp-block-heading\">\ud83e\udded Flexibilidade com foco no aprendizado<\/h3>\n\n\n\n<p>Neste modelo, o estudante pode avan\u00e7ar <strong>no pr\u00f3prio ritmo<\/strong>, eliminando componentes curriculares da <strong>Forma\u00e7\u00e3o Geral B\u00e1sica (FGB)<\/strong> e dos <strong>Itiner\u00e1rios Formativos (IF)<\/strong> conforme conclui as etapas. Por exemplo, \u00e9 poss\u00edvel iniciar com as disciplinas em que o aluno tenha mais facilidade e realizar as avalia\u00e7\u00f5es de forma independente, antes de avan\u00e7ar para outras.<\/p>\n\n\n\n<p>Al\u00e9m disso, <strong>duas op\u00e7\u00f5es de itiner\u00e1rios<\/strong> estar\u00e3o dispon\u00edveis, conforme o perfil de cada unidade escolar:<br>\ud83d\udd2c <strong>Ci\u00eancias da Natureza e Matem\u00e1tica<\/strong>: inclui aulas de <strong>educa\u00e7\u00e3o financeira, biotecnologia e empreendedorismo<\/strong>.<br>\ud83d\udcd6 <strong>Linguagens e Ci\u00eancias Humanas<\/strong>: oferece conte\u00fados como <strong>orat\u00f3ria, geopol\u00edtica e lideran\u00e7a<\/strong>.<\/p>\n\n\n\n<p>As escolas tamb\u00e9m aplicar\u00e3o <strong>metodologias de ensino individualizado<\/strong>, com atividades pr\u00e1ticas, oficinas e diferentes formatos de avalia\u00e7\u00e3o. Em cada disciplina da FGB, o aluno passar\u00e1 por <strong>quatro provas processuais e uma avalia\u00e7\u00e3o final<\/strong>, com intervalo m\u00ednimo de tr\u00eas dias entre as etapas.<\/p>\n\n\n\n<hr class=\"wp-block-separator has-alpha-channel-opacity\"\/>\n\n\n\n<h3 class=\"wp-block-heading\">\ud83c\udf93 Aproveitamento de estudos e matr\u00edcula<\/h3>\n\n\n\n<p>Alunos que j\u00e1 cursaram parte do Ensino M\u00e9dio podem solicitar o <strong>aproveitamento de estudos anteriores<\/strong>, desde que apresentem documenta\u00e7\u00e3o comprobat\u00f3ria. Se o hist\u00f3rico n\u00e3o estiver dispon\u00edvel, a escola poder\u00e1 aplicar uma prova diagn\u00f3stica para identificar o n\u00edvel de conhecimento e encaixar o estudante na etapa correta.<\/p>\n\n\n\n<p>Para se matricular, o interessado deve comparecer a uma escola estadual ou a uma unidade do <strong>Poupatempo<\/strong>, levando os seguintes documentos:<\/p>\n\n\n\n<ul class=\"wp-block-list\">\n<li>Documento de identidade (RG)<\/li>\n\n\n\n<li>Comprovante de resid\u00eancia<\/li>\n\n\n\n<li>Hist\u00f3rico escolar (caso possua)<\/li>\n<\/ul>\n\n\n\n<p>Tamb\u00e9m \u00e9 poss\u00edvel realizar a matr\u00edcula <strong>online<\/strong> pela plataforma da <strong>SED<\/strong>.<\/p>\n\n\n\n<hr class=\"wp-block-separator has-alpha-channel-opacity\"\/>\n\n\n\n<h3 class=\"wp-block-heading\">\ud83c\udfeb Veja as escolas participantes da etapa piloto<\/h3>\n\n\n\n<p><strong>Campinas<\/strong><\/p>\n\n\n\n<ul class=\"wp-block-list\">\n<li>EE Professor Newton Pimenta Neves<\/li>\n<\/ul>\n\n\n\n<p><strong>Carapicu\u00edba<\/strong><\/p>\n\n\n\n<ul class=\"wp-block-list\">\n<li>EE Idomineu Antunes Caldeira<\/li>\n<\/ul>\n\n\n\n<p><strong>Diadema<\/strong><\/p>\n\n\n\n<ul class=\"wp-block-list\">\n<li>EE Professora Olga Fonseca<\/li>\n<\/ul>\n\n\n\n<p><strong>Guarulhos<\/strong><\/p>\n\n\n\n<ul class=\"wp-block-list\">\n<li>EE Idalina Ladeira Ferreira<\/li>\n\n\n\n<li>EE Pastor Jo\u00e3o Nunes<\/li>\n<\/ul>\n\n\n\n<p><strong>Itapevi<\/strong><\/p>\n\n\n\n<ul class=\"wp-block-list\">\n<li>EE Paulo de Abreu<\/li>\n<\/ul>\n\n\n\n<p><strong>Santo Andr\u00e9<\/strong><\/p>\n\n\n\n<ul class=\"wp-block-list\">\n<li>EE Generoso Alves da Siqueira<\/li>\n<\/ul>\n\n\n\n<p><strong>S\u00e3o Paulo (capital)<\/strong><\/p>\n\n\n\n<ul class=\"wp-block-list\">\n<li>EE Ant\u00f4nio Alc\u00e2ntara Machado<\/li>\n\n\n\n<li>EE Beatriz Lopes<\/li>\n\n\n\n<li>EE Fern\u00e3o Dias Paes<\/li>\n\n\n\n<li>EE Jorge Lu\u00eds Borges<\/li>\n\n\n\n<li>EE Jornalista Francisco Mesquita<\/li>\n\n\n\n<li>EE Padre Ant\u00f4nio Vieira<\/li>\n\n\n\n<li>EE Professor Alberto Conte<\/li>\n\n\n\n<li>EE Professor Mariano de Oliveira<\/li>\n\n\n\n<li>EE Professora Nancy de Oliveira Fidalgo<\/li>\n\n\n\n<li>EE Rep\u00fablica da Nicar\u00e1gua<\/li>\n\n\n\n<li>EE Silva Jardim<\/li>\n<\/ul>\n\n\n\n<p><strong>Suzano<\/strong><\/p>\n\n\n\n<ul class=\"wp-block-list\">\n<li>EE Batista Renzi<\/li>\n<\/ul>\n\n\n\n<p><strong>Tabo\u00e3o da Serra<\/strong><\/p>\n\n\n\n<ul class=\"wp-block-list\">\n<li>EE Professora L\u00facia de Castro Bueno<\/li>\n<\/ul>\n\n\n\n<hr class=\"wp-block-separator has-alpha-channel-opacity\"\/>\n\n\n\n<p>Segundo a Seduc-SP, o objetivo do modelo \u00e9 ampliar o acesso \u00e0 educa\u00e7\u00e3o para quem precisa conciliar trabalho e estudos, respeitando o tempo e o ritmo de cada aluno. A expectativa \u00e9 de que a experi\u00eancia seja expandida para outras regi\u00f5es do estado, conforme os resultados dessa etapa inicial.<\/p>\n\n\n\n<p><strong><em><strong><em><strong><em><strong><em><strong><em><strong><em><strong><em><strong><em><strong><em><strong><em><strong><em><strong><em><strong><em><strong><em><strong><em><strong><em><strong><em><strong><em><strong><em><strong><em><strong><em><strong><em><strong><em><strong><em><strong><em><strong><em><strong><em><strong><em><strong><em><strong><em><strong><em><strong><em><strong><em><strong><em><strong><em><strong><em><strong><em><strong><em><strong><em><strong><em><strong><em><strong><em><strong><em><strong><em><strong><em><strong><em><strong><em><strong><em><strong><em><strong><em><strong><em><strong><em><strong><em><strong><em><strong><em><strong><em><strong><em><strong><em><strong><em><strong><em><strong><em><strong><em><strong><em><strong><em><strong><em><strong><em><strong><em><strong><em><strong><em><strong><em><strong><em><strong><em><strong><em><strong><em><strong><em><strong><em><strong><em><strong><em><strong><em><strong><em><strong><em><strong><em><strong><em><strong><em><strong><em><strong><em><strong><em><strong><em><strong><em><strong><em><strong><em><strong><em><strong><em><strong><em><strong><em><strong><em><strong><em><strong><em><strong><em><strong><em><strong><em><strong><em><strong><em><strong><em><strong><em><strong><em><strong><em><strong><em><strong><em><strong><em><strong><em><strong><em><strong><em><strong><em><strong><em><strong><em><strong><em><strong><em><strong><em><strong><em><strong><em><strong><em><strong><em><strong><em><strong><em><strong><em><strong><em><strong><em><strong><em><strong><em><strong><em><strong><em><strong><em><strong><em><strong><em><strong><em><strong><em><strong><em><strong><em><strong><em><strong><em><strong><em><strong><em><strong><em><strong><em><strong><em><strong><em><strong><em><strong><em><strong><em><strong><em><strong><em><strong><em><strong><em><strong><em><strong><em><strong><em><strong><em><strong><em><strong><em><strong><em><strong><em><strong><em><strong><em><strong><em><strong><em><strong><em><strong><em><strong><em><strong><em><strong><em><strong><em><strong><em><strong><em><strong><em><strong><em><strong><em><strong><em><strong><em><strong><em><strong><em><strong><em><strong><em><strong><em><strong><em><strong><em><strong><em><strong><em><strong><em><strong><em><strong><em><strong><em><strong><em><strong><em><strong><em><strong><em><strong><em><strong><em><strong><em><strong><em><strong><em><strong><em><strong><em><strong><em><strong><em><strong><em><strong><em><strong><em><strong><em><strong><em><strong><em><strong><em><strong><em><strong><em><strong><em><strong><em><strong><em><strong><em><strong><em><strong><em><strong><em><strong><em><strong><em><strong><em><strong><em><strong><em><strong><em><strong><em><strong><em><strong><em><strong><em><strong><em><strong><em><strong><em><strong><em><strong><em><strong><em><strong><em><strong><em><strong><em><strong><em><strong><em><strong><em><strong><em><strong><em><strong><em><strong><em><strong><em><strong><em><strong><em><strong>Siga nossas redes sociais e\u00a0participe da nossa comunidade do Canal de noticias do Roni Paparazzi no Whatsapp e receba as principais not\u00edcias da regi\u00e3o de Ara\u00e7atuba do dia direto no seu celular siga nosso \u00a0<a href=\"https:\/\/www.instagram.com\/ronipaparazzi\/\">Instagram e\u00a0<\/a><a href=\"https:\/\/www.facebook.com\/ronipaparazzicomvoce\">Facebook<\/a><a href=\"https:\/\/chat.whatsapp.com\/GsG1XKo0jPOEfjzudWQcml\" target=\"_blank\" rel=\"noreferrer noopener\">\u00a0Clique aqui e se inscreva.<\/a><\/strong><\/em><\/strong><\/em><\/strong><\/em><\/strong><\/em><\/strong><\/em><\/strong><\/em><\/strong><\/em><\/strong><\/em><\/strong><\/em><\/strong><\/em><\/strong><\/em><\/strong><\/em><\/strong><\/em><\/strong><\/em><\/strong><\/em><\/strong><\/em><\/strong><\/em><\/strong><\/em><\/strong><\/em><\/strong><\/em><\/strong><\/em><\/strong><\/em><\/strong><\/em><\/strong><\/em><\/strong><\/em><\/strong><\/em><\/strong><\/em><\/strong><\/em><\/strong><\/em><\/strong><\/em><\/strong><\/em><\/strong><\/em><\/strong><\/em><\/strong><\/em><\/strong><\/em><\/strong><\/em><\/strong><\/em><\/strong><\/em><\/strong><\/em><\/strong><\/em><\/strong><\/em><\/strong><\/em><\/strong><\/em><\/strong><\/em><\/strong><\/em><\/strong><\/em><\/strong><\/em><\/strong><\/em><\/strong><\/em><\/strong><\/em><\/strong><\/em><\/strong><\/em><\/strong><\/em><\/strong><\/em><\/strong><\/em><\/strong><\/em><\/strong><\/em><\/strong><\/em><\/strong><\/em><\/strong><\/em><\/strong><\/em><\/strong><\/em><\/strong><\/em><\/strong><\/em><\/strong><\/em><\/strong><\/em><\/strong><\/em><\/strong><\/em><\/strong><\/em><\/strong><\/em><\/strong><\/em><\/strong><\/em><\/strong><\/em><\/strong><\/em><\/strong><\/em><\/strong><\/em><\/strong><\/em><\/strong><\/em><\/strong><\/em><\/strong><\/em><\/strong><\/em><\/strong><\/em><\/strong><\/em><\/strong><\/em><\/strong><\/em><\/strong><\/em><\/strong><\/em><\/strong><\/em><\/strong><\/em><\/strong><\/em><\/strong><\/em><\/strong><\/em><\/strong><\/em><\/strong><\/em><\/strong><\/em><\/strong><\/em><\/strong><\/em><\/strong><\/em><\/strong><\/em><\/strong><\/em><\/strong><\/em><\/strong><\/em><\/strong><\/em><\/strong><\/em><\/strong><\/em><\/strong><\/em><\/strong><\/em><\/strong><\/em><\/strong><\/em><\/strong><\/em><\/strong><\/em><\/strong><\/em><\/strong><\/em><\/strong><\/em><\/strong><\/em><\/strong><\/em><\/strong><\/em><\/strong><\/em><\/strong><\/em><\/strong><\/em><\/strong><\/em><\/strong><\/em><\/strong><\/em><\/strong><\/em><\/strong><\/em><\/strong><\/em><\/strong><\/em><\/strong><\/em><\/strong><\/em><\/strong><\/em><\/strong><\/em><\/strong><\/em><\/strong><\/em><\/strong><\/em><\/strong><\/em><\/strong><\/em><\/strong><\/em><\/strong><\/em><\/strong><\/em><\/strong><\/em><\/strong><\/em><\/strong><\/em><\/strong><\/em><\/strong><\/em><\/strong><\/em><\/strong><\/em><\/strong><\/em><\/strong><\/em><\/strong><\/em><\/strong><\/em><\/strong><\/em><\/strong><\/em><\/strong><\/em><\/strong><\/em><\/strong><\/em><\/strong><\/em><\/strong><\/em><\/strong><\/em><\/strong><\/em><\/strong><\/em><\/strong><\/em><\/strong><\/em><\/strong><\/em><\/strong><\/em><\/strong><\/em><\/strong><\/em><\/strong><\/em><\/strong><\/em><\/strong><\/em><\/strong><\/em><\/strong><\/em><\/strong><\/em><\/strong><\/em><\/strong><\/em><\/strong><\/em><\/strong><\/em><\/strong><\/em><\/strong><\/em><\/strong><\/em><\/strong><\/em><\/strong><\/em><\/strong><\/em><\/strong><\/em><\/strong><\/em><\/strong><\/em><\/strong><\/em><\/strong><\/em><\/strong><\/em><\/strong><\/em><\/strong><\/em><\/strong><\/em><\/strong><\/em><\/strong><\/em><\/strong><\/em><\/strong><\/em><\/strong><\/em><\/strong><\/em><\/strong><\/em><\/strong><\/em><\/strong><\/em><\/strong><\/em><\/strong><\/em><\/strong><\/em><\/strong><\/em><\/strong><\/em><\/strong><\/em><\/strong><\/em><\/strong><\/em><\/strong><\/em><\/strong><\/em><\/strong><\/em><\/strong><\/em><\/strong><\/em><\/strong><\/em><\/strong><\/em><\/strong><\/em><\/strong><\/em><\/strong><\/em><\/strong><\/em><\/strong><\/em><\/strong><\/em><\/strong><\/em><\/strong><\/em><\/strong><\/em><\/strong><\/em><\/strong><\/em><\/strong><\/em><\/strong><\/em><\/strong><\/em><\/strong><\/em><\/strong><\/em><\/strong><\/em><\/strong><\/em><\/strong><\/em><\/strong><\/em><\/strong><\/em><\/strong><\/em><\/strong><\/em><\/strong><\/em><\/strong><\/em><\/strong><\/em><\/strong><\/em><\/strong><\/em><\/strong><\/em><\/strong><\/em><\/strong><\/em><\/strong><\/em><\/strong><\/em><\/strong><\/em><\/strong><\/em><\/strong><\/p>\n","protected":false},"excerpt":{"rendered":"<p>A Secretaria da Educa\u00e7\u00e3o do Estado de S\u00e3o Paulo (Seduc-SP) est\u00e1 com vagas abertas para um novo modelo de Ensino M\u00e9dio com presen\u00e7a flex\u00edvel, voltado a jovens e adultos com mais de 18 anos. A iniciativa ser\u00e1 implantada, inicialmente, em 20 escolas da capital, regi\u00e3o metropolitana e Campinas, no per\u00edodo noturno, a partir de 25 &hellip;<\/p>\n","protected":false},"author":1,"featured_media":18985,"comment_status":"open","ping_status":"open","sticky":false,"template":"","format":"standard","meta":{"_jetpack_memberships_contains_paid_content":false,"footnotes":"","jetpack_publicize_message":"","jetpack_publicize_feature_enabled":true,"jetpack_social_post_already_shared":true,"jetpack_social_options":{"image_generator_settings":{"template":"highway","default_image_id":0,"enabled":false},"version":2}},"categories":[4],"tags":[],"class_list":["post-18984","post","type-post","status-publish","format-standard","has-post-thumbnail","hentry","category-regiao"],"jetpack_publicize_connections":[],"jetpack_featured_media_url":"https:\/\/i0.wp.com\/www.paparazzinews.com.br\/wp-content\/uploads\/2025\/08\/54033149019_af9ad293e4_k-e1754514712443.jpg?fit=1000%2C667&ssl=1","views":"1442","jetpack_likes_enabled":true,"jetpack_sharing_enabled":true,"_links":{"self":[{"href":"https:\/\/www.paparazzinews.com.br\/index.php?rest_route=\/wp\/v2\/posts\/18984","targetHints":{"allow":["GET"]}}],"collection":[{"href":"https:\/\/www.paparazzinews.com.br\/index.php?rest_route=\/wp\/v2\/posts"}],"about":[{"href":"https:\/\/www.paparazzinews.com.br\/index.php?rest_route=\/wp\/v2\/types\/post"}],"author":[{"embeddable":true,"href":"https:\/\/www.paparazzinews.com.br\/index.php?rest_route=\/wp\/v2\/users\/1"}],"replies":[{"embeddable":true,"href":"https:\/\/www.paparazzinews.com.br\/index.php?rest_route=%2Fwp%2Fv2%2Fcomments&post=18984"}],"version-history":[{"count":1,"href":"https:\/\/www.paparazzinews.com.br\/index.php?rest_route=\/wp\/v2\/posts\/18984\/revisions"}],"predecessor-version":[{"id":18986,"href":"https:\/\/www.paparazzinews.com.br\/index.php?rest_route=\/wp\/v2\/posts\/18984\/revisions\/18986"}],"wp:featuredmedia":[{"embeddable":true,"href":"https:\/\/www.paparazzinews.com.br\/index.php?rest_route=\/wp\/v2\/media\/18985"}],"wp:attachment":[{"href":"https:\/\/www.paparazzinews.com.br\/index.php?rest_route=%2Fwp%2Fv2%2Fmedia&parent=18984"}],"wp:term":[{"taxonomy":"category","embeddable":true,"href":"https:\/\/www.paparazzinews.com.br\/index.php?rest_route=%2Fwp%2Fv2%2Fcategories&post=18984"},{"taxonomy":"post_tag","embeddable":true,"href":"https:\/\/www.paparazzinews.com.br\/index.php?rest_route=%2Fwp%2Fv2%2Ftags&post=18984"}],"curies":[{"name":"wp","href":"https:\/\/api.w.org\/{rel}","templated":true}]}}