{"id":18981,"date":"2025-08-06T17:57:41","date_gmt":"2025-08-06T20:57:41","guid":{"rendered":"https:\/\/www.paparazzinews.com.br\/?p=18981"},"modified":"2025-08-06T17:57:43","modified_gmt":"2025-08-06T20:57:43","slug":"saresp-2025-avaliacao-estadual-tera-nova-etapa-e-expectativa-de-4-milhoes-de-estudantes","status":"publish","type":"post","link":"https:\/\/www.paparazzinews.com.br\/?p=18981","title":{"rendered":"SARESP 2025: Avalia\u00e7\u00e3o estadual ter\u00e1 nova etapa e expectativa de 4 milh\u00f5es de estudantes"},"content":{"rendered":"\n<p>A Secretaria da Educa\u00e7\u00e3o do Estado de S\u00e3o Paulo (Seduc-SP) divulgou o calend\u00e1rio da edi\u00e7\u00e3o 2025 do <strong>Sistema de Avalia\u00e7\u00e3o de Rendimento Escolar do Estado de S\u00e3o Paulo (Saresp)<\/strong>. A aplica\u00e7\u00e3o ocorrer\u00e1 entre os dias <strong>3 de novembro e 1\u00ba de dezembro<\/strong>, com a expectativa de participa\u00e7\u00e3o de <strong>cerca de 4 milh\u00f5es de estudantes<\/strong> da rede estadual, municipal, particular e institui\u00e7\u00f5es como SESI e Centro Paula Souza. O cronograma foi publicado no Di\u00e1rio Oficial do Estado no dia 29 de julho. Foto: Ag\u00eancia SP.<\/p>\n\n\n\n<p>O Saresp \u00e9 voltado aos estudantes do <strong>2\u00ba, 5\u00ba, 6\u00ba, 7\u00ba, 8\u00ba e 9\u00ba anos do Ensino Fundamental<\/strong>, al\u00e9m da <strong>1\u00aa, 2\u00aa e 3\u00aa s\u00e9ries do Ensino M\u00e9dio<\/strong>. Neste ano, a avalia\u00e7\u00e3o contar\u00e1 com <strong>novidades importantes<\/strong>, como a inclus\u00e3o in\u00e9dita dos <strong>itiner\u00e1rios formativos do Novo Ensino M\u00e9dio<\/strong>, que refletem a diversidade das trajet\u00f3rias escolares dos jovens.<\/p>\n\n\n\n<hr class=\"wp-block-separator has-alpha-channel-opacity\"\/>\n\n\n\n<h3 class=\"wp-block-heading\">\ud83d\udcda Avalia\u00e7\u00e3o adaptada para cada etapa<\/h3>\n\n\n\n<p><strong>Ensino Fundamental \u2013 Anos Iniciais<\/strong><br>Para os estudantes do <strong>2\u00ba e 5\u00ba anos<\/strong>, a Seduc manteve o modelo impresso da prova, com foco em <strong>l\u00edngua portuguesa e matem\u00e1tica<\/strong>. A aplica\u00e7\u00e3o est\u00e1 marcada para o dia <strong>18 de novembro<\/strong>, com dura\u00e7\u00e3o de <strong>3h30<\/strong> e um total de <strong>32 quest\u00f5es de m\u00faltipla escolha<\/strong>.<\/p>\n\n\n\n<p><strong>Ensino Fundamental \u2013 Anos Finais<\/strong><br>Do <strong>6\u00ba ao 9\u00ba ano<\/strong>, os alunos enfrentar\u00e3o provas digitais com <strong>conte\u00fado ampliado<\/strong>, abrangendo as quatro \u00e1reas do Curr\u00edculo Paulista: <strong>linguagens, ci\u00eancias humanas, matem\u00e1tica e ci\u00eancias da natureza<\/strong>. A aplica\u00e7\u00e3o acontecer\u00e1 em dois dias, com <strong>96 quest\u00f5es<\/strong> para os anos intermedi\u00e1rios e <strong>100 quest\u00f5es<\/strong> para o 9\u00ba ano.<\/p>\n\n\n\n<p>Al\u00e9m disso, haver\u00e1 <strong>itens discursivos<\/strong> nas disciplinas de l\u00edngua portuguesa e matem\u00e1tica: <strong>8 quest\u00f5es abertas<\/strong> para cada disciplina do 6\u00ba ao 8\u00ba ano e <strong>6 quest\u00f5es abertas<\/strong> no 9\u00ba ano. O tempo de prova segue sendo de <strong>at\u00e9 3h30<\/strong>.<\/p>\n\n\n\n<hr class=\"wp-block-separator has-alpha-channel-opacity\"\/>\n\n\n\n<h3 class=\"wp-block-heading\">\ud83e\udded Ensino M\u00e9dio: itiner\u00e1rios formativos entram na avalia\u00e7\u00e3o<\/h3>\n\n\n\n<p>Pela primeira vez, o Saresp incluir\u00e1 a avalia\u00e7\u00e3o dos <strong>itiner\u00e1rios formativos da 2\u00aa e 3\u00aa s\u00e9ries do Ensino M\u00e9dio<\/strong>, considerando \u00e1reas como:<\/p>\n\n\n\n<ul class=\"wp-block-list\">\n<li>Linguagens e ci\u00eancias humanas<\/li>\n\n\n\n<li>Matem\u00e1tica e ci\u00eancias da natureza<\/li>\n\n\n\n<li>Forma\u00e7\u00e3o t\u00e9cnica e profissional (como administra\u00e7\u00e3o, agroneg\u00f3cio, ci\u00eancia de dados, enfermagem, log\u00edstica, entre outros)<\/li>\n<\/ul>\n\n\n\n<p>A aplica\u00e7\u00e3o ser\u00e1 digital e com quest\u00f5es de m\u00faltipla escolha, conforme a <strong>matr\u00edcula e o curso escolhido<\/strong> pelo estudante. As datas j\u00e1 definidas s\u00e3o:<br>\ud83d\udcc5 <strong>3 de novembro<\/strong> \u2013 para a 3\u00aa s\u00e9rie<br>\ud83d\udcc5 <strong>10 de novembro<\/strong> \u2013 para a 2\u00aa s\u00e9rie<\/p>\n\n\n\n<p>J\u00e1 os estudantes da <strong>1\u00aa s\u00e9rie<\/strong> continuam sendo avaliados por meio do <strong>Prov\u00e3o Paulista Seriado<\/strong>, que integra o Saresp desde 2023.<\/p>\n\n\n\n<hr class=\"wp-block-separator has-alpha-channel-opacity\"\/>\n\n\n\n<h3 class=\"wp-block-heading\">\ud83c\udf0d Abertura para outras redes e interc\u00e2mbio<\/h3>\n\n\n\n<p>A Seduc-SP permite a participa\u00e7\u00e3o volunt\u00e1ria de escolas <strong>municipais, particulares, SESI e Centro Paula Souza<\/strong>, mediante manifesta\u00e7\u00e3o de interesse pr\u00e9via. Todas as institui\u00e7\u00f5es participantes receber\u00e3o um <strong>relat\u00f3rio completo de desempenho<\/strong>, com base nos dados da avalia\u00e7\u00e3o.<\/p>\n\n\n\n<p>Para as <strong>redes municipais com alunos do 9\u00ba ano<\/strong>, o Saresp tamb\u00e9m servir\u00e1 como <strong>porta de entrada para o programa \u201cProntos pro Mundo\u201d<\/strong>, que oferece <strong>interc\u00e2mbio em pa\u00edses de l\u00edngua inglesa<\/strong>. Os estudantes com melhor desempenho em ingl\u00eas poder\u00e3o participar da sele\u00e7\u00e3o, desde que ingressem no Ensino M\u00e9dio da rede estadual.<\/p>\n\n\n\n<hr class=\"wp-block-separator has-alpha-channel-opacity\"\/>\n\n\n\n<h3 class=\"wp-block-heading\">\ud83d\udcca Ferramenta estrat\u00e9gica para a educa\u00e7\u00e3o paulista<\/h3>\n\n\n\n<p>Jo\u00e3o Pinhata, l\u00edder de avalia\u00e7\u00f5es da Seduc-SP, destaca o impacto do Saresp:<\/p>\n\n\n\n<blockquote class=\"wp-block-quote is-layout-flow wp-block-quote-is-layout-flow\">\n<p><strong>\u201cO Saresp representa hoje uma ferramenta essencial para compreendermos como est\u00e1 o aprendizado dos nossos estudantes. Neste ano, damos um passo importante ao incluir os itiner\u00e1rios formativos, refor\u00e7ando nosso compromisso com uma educa\u00e7\u00e3o que respeita as diferentes trajet\u00f3rias dos jovens.\u201d<\/strong><\/p>\n<\/blockquote>\n\n\n\n<p>Os resultados dos itiner\u00e1rios <strong>n\u00e3o ser\u00e3o considerados<\/strong> no c\u00e1lculo do Prov\u00e3o Paulista, mas servir\u00e3o para <strong>medir o dom\u00ednio de compet\u00eancias e habilidades no Ensino M\u00e9dio<\/strong>, garantindo um olhar mais amplo sobre a aprendizagem.<\/p>\n\n\n\n<p>O calend\u00e1rio completo pode ser conferido no Di\u00e1rio Oficial do Estado e no portal oficial da Seduc: <strong><a class=\"\" href=\"http:\/\/www.educacao.sp.gov.br\">www.educacao.sp.gov.br<\/a><\/strong>.<\/p>\n\n\n\n<p><strong><em><strong><em><strong><em><strong><em><strong><em><strong><em><strong><em><strong><em><strong><em><strong><em><strong><em><strong><em><strong><em><strong><em><strong><em><strong><em><strong><em><strong><em><strong><em><strong><em><strong><em><strong><em><strong><em><strong><em><strong><em><strong><em><strong><em><strong><em><strong><em><strong><em><strong><em><strong><em><strong><em><strong><em><strong><em><strong><em><strong><em><strong><em><strong><em><strong><em><strong><em><strong><em><strong><em><strong><em><strong><em><strong><em><strong><em><strong><em><strong><em><strong><em><strong><em><strong><em><strong><em><strong><em><strong><em><strong><em><strong><em><strong><em><strong><em><strong><em><strong><em><strong><em><strong><em><strong><em><strong><em><strong><em><strong><em><strong><em><strong><em><strong><em><strong><em><strong><em><strong><em><strong><em><strong><em><strong><em><strong><em><strong><em><strong><em><strong><em><strong><em><strong><em><strong><em><strong><em><strong><em><strong><em><strong><em><strong><em><strong><em><strong><em><strong><em><strong><em><strong><em><strong><em><strong><em><strong><em><strong><em><strong><em><strong><em><strong><em><strong><em><strong><em><strong><em><strong><em><strong><em><strong><em><strong><em><strong><em><strong><em><strong><em><strong><em><strong><em><strong><em><strong><em><strong><em><strong><em><strong><em><strong><em><strong><em><strong><em><strong><em><strong><em><strong><em><strong><em><strong><em><strong><em><strong><em><strong><em><strong><em><strong><em><strong><em><strong><em><strong><em><strong><em><strong><em><strong><em><strong><em><strong><em><strong><em><strong><em><strong><em><strong><em><strong><em><strong><em><strong><em><strong><em><strong><em><strong><em><strong><em><strong><em><strong><em><strong><em><strong><em><strong><em><strong><em><strong><em><strong><em><strong><em><strong><em><strong><em><strong><em><strong><em><strong><em><strong><em><strong><em><strong><em><strong><em><strong><em><strong><em><strong><em><strong><em><strong><em><strong><em><strong><em><strong><em><strong><em><strong><em><strong><em><strong><em><strong><em><strong><em><strong><em><strong><em><strong><em><strong><em><strong><em><strong><em><strong><em><strong><em><strong><em><strong><em><strong><em><strong><em><strong><em><strong><em><strong><em><strong><em><strong><em><strong><em><strong><em><strong><em><strong><em><strong><em><strong><em><strong><em><strong><em><strong><em><strong><em><strong><em><strong><em><strong><em><strong><em><strong><em><strong><em><strong><em><strong><em><strong><em><strong><em><strong><em><strong><em><strong><em><strong><em><strong><em><strong><em><strong><em><strong><em><strong><em><strong><em><strong><em><strong><em><strong><em><strong><em><strong><em><strong><em><strong><em><strong><em><strong><em><strong><em><strong><em><strong><em><strong><em><strong><em><strong><em><strong><em><strong><em><strong><em><strong><em><strong><em><strong><em><strong><em><strong>Siga nossas redes sociais e&nbsp;participe da nossa comunidade do Canal de noticias do Roni Paparazzi no Whatsapp e receba as principais not\u00edcias da regi\u00e3o de Ara\u00e7atuba do dia direto no seu celular siga nosso &nbsp;<a href=\"https:\/\/www.instagram.com\/ronipaparazzi\/\">Instagram e&nbsp;<\/a><a href=\"https:\/\/www.facebook.com\/ronipaparazzicomvoce\">Facebook<\/a><a href=\"https:\/\/chat.whatsapp.com\/GsG1XKo0jPOEfjzudWQcml\" target=\"_blank\" rel=\"noreferrer noopener\">&nbsp;Clique aqui e se inscreva.<\/a><\/strong><\/em><\/strong><\/em><\/strong><\/em><\/strong><\/em><\/strong><\/em><\/strong><\/em><\/strong><\/em><\/strong><\/em><\/strong><\/em><\/strong><\/em><\/strong><\/em><\/strong><\/em><\/strong><\/em><\/strong><\/em><\/strong><\/em><\/strong><\/em><\/strong><\/em><\/strong><\/em><\/strong><\/em><\/strong><\/em><\/strong><\/em><\/strong><\/em><\/strong><\/em><\/strong><\/em><\/strong><\/em><\/strong><\/em><\/strong><\/em><\/strong><\/em><\/strong><\/em><\/strong><\/em><\/strong><\/em><\/strong><\/em><\/strong><\/em><\/strong><\/em><\/strong><\/em><\/strong><\/em><\/strong><\/em><\/strong><\/em><\/strong><\/em><\/strong><\/em><\/strong><\/em><\/strong><\/em><\/strong><\/em><\/strong><\/em><\/strong><\/em><\/strong><\/em><\/strong><\/em><\/strong><\/em><\/strong><\/em><\/strong><\/em><\/strong><\/em><\/strong><\/em><\/strong><\/em><\/strong><\/em><\/strong><\/em><\/strong><\/em><\/strong><\/em><\/strong><\/em><\/strong><\/em><\/strong><\/em><\/strong><\/em><\/strong><\/em><\/strong><\/em><\/strong><\/em><\/strong><\/em><\/strong><\/em><\/strong><\/em><\/strong><\/em><\/strong><\/em><\/strong><\/em><\/strong><\/em><\/strong><\/em><\/strong><\/em><\/strong><\/em><\/strong><\/em><\/strong><\/em><\/strong><\/em><\/strong><\/em><\/strong><\/em><\/strong><\/em><\/strong><\/em><\/strong><\/em><\/strong><\/em><\/strong><\/em><\/strong><\/em><\/strong><\/em><\/strong><\/em><\/strong><\/em><\/strong><\/em><\/strong><\/em><\/strong><\/em><\/strong><\/em><\/strong><\/em><\/strong><\/em><\/strong><\/em><\/strong><\/em><\/strong><\/em><\/strong><\/em><\/strong><\/em><\/strong><\/em><\/strong><\/em><\/strong><\/em><\/strong><\/em><\/strong><\/em><\/strong><\/em><\/strong><\/em><\/strong><\/em><\/strong><\/em><\/strong><\/em><\/strong><\/em><\/strong><\/em><\/strong><\/em><\/strong><\/em><\/strong><\/em><\/strong><\/em><\/strong><\/em><\/strong><\/em><\/strong><\/em><\/strong><\/em><\/strong><\/em><\/strong><\/em><\/strong><\/em><\/strong><\/em><\/strong><\/em><\/strong><\/em><\/strong><\/em><\/strong><\/em><\/strong><\/em><\/strong><\/em><\/strong><\/em><\/strong><\/em><\/strong><\/em><\/strong><\/em><\/strong><\/em><\/strong><\/em><\/strong><\/em><\/strong><\/em><\/strong><\/em><\/strong><\/em><\/strong><\/em><\/strong><\/em><\/strong><\/em><\/strong><\/em><\/strong><\/em><\/strong><\/em><\/strong><\/em><\/strong><\/em><\/strong><\/em><\/strong><\/em><\/strong><\/em><\/strong><\/em><\/strong><\/em><\/strong><\/em><\/strong><\/em><\/strong><\/em><\/strong><\/em><\/strong><\/em><\/strong><\/em><\/strong><\/em><\/strong><\/em><\/strong><\/em><\/strong><\/em><\/strong><\/em><\/strong><\/em><\/strong><\/em><\/strong><\/em><\/strong><\/em><\/strong><\/em><\/strong><\/em><\/strong><\/em><\/strong><\/em><\/strong><\/em><\/strong><\/em><\/strong><\/em><\/strong><\/em><\/strong><\/em><\/strong><\/em><\/strong><\/em><\/strong><\/em><\/strong><\/em><\/strong><\/em><\/strong><\/em><\/strong><\/em><\/strong><\/em><\/strong><\/em><\/strong><\/em><\/strong><\/em><\/strong><\/em><\/strong><\/em><\/strong><\/em><\/strong><\/em><\/strong><\/em><\/strong><\/em><\/strong><\/em><\/strong><\/em><\/strong><\/em><\/strong><\/em><\/strong><\/em><\/strong><\/em><\/strong><\/em><\/strong><\/em><\/strong><\/em><\/strong><\/em><\/strong><\/em><\/strong><\/em><\/strong><\/em><\/strong><\/em><\/strong><\/em><\/strong><\/em><\/strong><\/em><\/strong><\/em><\/strong><\/em><\/strong><\/em><\/strong><\/em><\/strong><\/em><\/strong><\/em><\/strong><\/em><\/strong><\/em><\/strong><\/em><\/strong><\/em><\/strong><\/em><\/strong><\/em><\/strong><\/em><\/strong><\/em><\/strong><\/em><\/strong><\/em><\/strong><\/em><\/strong><\/em><\/strong><\/em><\/strong><\/em><\/strong><\/em><\/strong><\/em><\/strong><\/em><\/strong><\/em><\/strong><\/em><\/strong><\/em><\/strong><\/em><\/strong><\/em><\/strong><\/em><\/strong><\/em><\/strong><\/em><\/strong><\/em><\/strong><\/em><\/strong><\/em><\/strong><\/em><\/strong><\/em><\/strong><\/em><\/strong><\/em><\/strong><\/em><\/strong><\/em><\/strong><\/p>\n","protected":false},"excerpt":{"rendered":"<p>A Secretaria da Educa\u00e7\u00e3o do Estado de S\u00e3o Paulo (Seduc-SP) divulgou o calend\u00e1rio da edi\u00e7\u00e3o 2025 do Sistema de Avalia\u00e7\u00e3o de Rendimento Escolar do Estado de S\u00e3o Paulo (Saresp). A aplica\u00e7\u00e3o ocorrer\u00e1 entre os dias 3 de novembro e 1\u00ba de dezembro, com a expectativa de participa\u00e7\u00e3o de cerca de 4 milh\u00f5es de estudantes da &hellip;<\/p>\n","protected":false},"author":1,"featured_media":18982,"comment_status":"open","ping_status":"open","sticky":false,"template":"","format":"standard","meta":{"_jetpack_memberships_contains_paid_content":false,"footnotes":"","jetpack_publicize_message":"","jetpack_publicize_feature_enabled":true,"jetpack_social_post_already_shared":true,"jetpack_social_options":{"image_generator_settings":{"template":"highway","default_image_id":0,"enabled":false},"version":2}},"categories":[4],"tags":[],"class_list":["post-18981","post","type-post","status-publish","format-standard","has-post-thumbnail","hentry","category-regiao"],"jetpack_publicize_connections":[],"jetpack_featured_media_url":"https:\/\/i0.wp.com\/www.paparazzinews.com.br\/wp-content\/uploads\/2025\/08\/54059863221_2e13f60da2_4k-scaled-e1754513820451.jpg?fit=1000%2C667&ssl=1","views":"1390","jetpack_likes_enabled":true,"jetpack_sharing_enabled":true,"_links":{"self":[{"href":"https:\/\/www.paparazzinews.com.br\/index.php?rest_route=\/wp\/v2\/posts\/18981","targetHints":{"allow":["GET"]}}],"collection":[{"href":"https:\/\/www.paparazzinews.com.br\/index.php?rest_route=\/wp\/v2\/posts"}],"about":[{"href":"https:\/\/www.paparazzinews.com.br\/index.php?rest_route=\/wp\/v2\/types\/post"}],"author":[{"embeddable":true,"href":"https:\/\/www.paparazzinews.com.br\/index.php?rest_route=\/wp\/v2\/users\/1"}],"replies":[{"embeddable":true,"href":"https:\/\/www.paparazzinews.com.br\/index.php?rest_route=%2Fwp%2Fv2%2Fcomments&post=18981"}],"version-history":[{"count":1,"href":"https:\/\/www.paparazzinews.com.br\/index.php?rest_route=\/wp\/v2\/posts\/18981\/revisions"}],"predecessor-version":[{"id":18983,"href":"https:\/\/www.paparazzinews.com.br\/index.php?rest_route=\/wp\/v2\/posts\/18981\/revisions\/18983"}],"wp:featuredmedia":[{"embeddable":true,"href":"https:\/\/www.paparazzinews.com.br\/index.php?rest_route=\/wp\/v2\/media\/18982"}],"wp:attachment":[{"href":"https:\/\/www.paparazzinews.com.br\/index.php?rest_route=%2Fwp%2Fv2%2Fmedia&parent=18981"}],"wp:term":[{"taxonomy":"category","embeddable":true,"href":"https:\/\/www.paparazzinews.com.br\/index.php?rest_route=%2Fwp%2Fv2%2Fcategories&post=18981"},{"taxonomy":"post_tag","embeddable":true,"href":"https:\/\/www.paparazzinews.com.br\/index.php?rest_route=%2Fwp%2Fv2%2Ftags&post=18981"}],"curies":[{"name":"wp","href":"https:\/\/api.w.org\/{rel}","templated":true}]}}