{"id":18938,"date":"2025-07-30T11:34:46","date_gmt":"2025-07-30T14:34:46","guid":{"rendered":"https:\/\/www.paparazzinews.com.br\/?p=18938"},"modified":"2025-07-30T11:34:48","modified_gmt":"2025-07-30T14:34:48","slug":"usp-de-sao-carlos-sediara-centro-nacional-de-inovacao-em-nanomedicina-para-cancer-e-doencas-raras-com-apoio-da-finep","status":"publish","type":"post","link":"https:\/\/www.paparazzinews.com.br\/?p=18938","title":{"rendered":"USP de S\u00e3o Carlos sediar\u00e1 centro nacional de inova\u00e7\u00e3o em nanomedicina para c\u00e2ncer e doen\u00e7as raras com apoio da Finep"},"content":{"rendered":"\n<p>O Instituto de F\u00edsica de S\u00e3o Carlos (IFSC), da Universidade de S\u00e3o Paulo (USP), ser\u00e1 sede de um dos mais novos e promissores centros de pesquisa do pa\u00eds: o <strong>Centro Nacional de Inova\u00e7\u00e3o em Nanotecnologia Aplicada ao Diagn\u00f3stico e Terapia do C\u00e2ncer e Doen\u00e7as Raras<\/strong>. A iniciativa, apoiada pela <strong>Financiadora de Estudos e Projetos (Finep)<\/strong>, tem como foco o desenvolvimento de <strong>tecnologias avan\u00e7adas em nanomedicina<\/strong> para o tratamento de doen\u00e7as como o c\u00e2ncer e a <strong>Atrofia Muscular Espinhal (AME)<\/strong>.<\/p>\n\n\n\n<p>Criado a partir da <strong>chamada p\u00fablica MCTI \/ Finep \/ FNDCT \/ Centros Tem\u00e1ticos<\/strong>, o centro foi institu\u00eddo em 2023 e conta com financiamento inicial de <strong>R$ 12 milh\u00f5es<\/strong>, com vig\u00eancia prevista at\u00e9 2028.<\/p>\n\n\n\n<p>Segundo o coordenador do novo centro, o professor e pesquisador <strong>Valtencir Zucolotto<\/strong>, do IFSC, as expectativas s\u00e3o elevadas. \u201cA cria\u00e7\u00e3o do novo centro consolidar\u00e1 nossas pesquisas j\u00e1 em andamento numa \u00e1rea de fronteira e de grande import\u00e2ncia acerca do uso da nanotecnologia no diagn\u00f3stico e terapia do c\u00e2ncer, especialmente <strong>glioblastoma e c\u00e2ncer de pulm\u00e3o<\/strong>, e de <strong>doen\u00e7as raras<\/strong>\u201d, destacou. A base cient\u00edfica da iniciativa surgiu a partir dos avan\u00e7os do <strong>Grupo de Nanomedicina e Nanotoxicologia (GNano)<\/strong>, criado em 2012 no IFSC e tamb\u00e9m coordenado por Zucolotto.<\/p>\n\n\n\n<h3 class=\"wp-block-heading\">Colabora\u00e7\u00e3o multidisciplinar<\/h3>\n\n\n\n<p>O novo centro contar\u00e1 com a atua\u00e7\u00e3o de professores e pesquisadores do IFSC, incluindo <strong>Osvaldo Novais de Oliveira Jr.<\/strong> e <strong>Cleber Mendon\u00e7a<\/strong>, dos grupos de Pol\u00edmeros e Fot\u00f4nica, al\u00e9m de parcerias externas estrat\u00e9gicas com o <strong>Hospital de Amor (Barretos)<\/strong>, a <strong>Faculdade de Medicina da USP<\/strong>, o <strong>Instituto do C\u00e2ncer do Estado de S\u00e3o Paulo (Icesp)<\/strong>, entre outras institui\u00e7\u00f5es nacionais e internacionais.<\/p>\n\n\n\n<p>O centro tamb\u00e9m prev\u00ea o fortalecimento da infraestrutura f\u00edsica e de recursos humanos, al\u00e9m de facilitar a coopera\u00e7\u00e3o com <strong>empresas da \u00e1rea biom\u00e9dica<\/strong>, visando a <strong>transfer\u00eancia de tecnologia ao SUS e ao setor privado<\/strong>.<\/p>\n\n\n\n<h3 class=\"wp-block-heading\">Nanomedicina como revolu\u00e7\u00e3o terap\u00eautica<\/h3>\n\n\n\n<p>A proposta do centro representa um novo paradigma para o tratamento de c\u00e2ncer e doen\u00e7as raras, muitas vezes carentes de terapias eficazes. A meta \u00e9 desenvolver solu\u00e7\u00f5es com <strong>seguran\u00e7a, personaliza\u00e7\u00e3o e alta precis\u00e3o<\/strong>, trazendo a nanomedicina para a <strong>pr\u00e1tica cl\u00ednica em larga escala<\/strong>.<\/p>\n\n\n\n<p>Entre as frentes de pesquisa est\u00e3o:<\/p>\n\n\n\n<ul class=\"wp-block-list\">\n<li><strong>Nanomedicina teran\u00f3stica<\/strong>: desenvolvimento de <strong>nanopart\u00edculas que combinem diagn\u00f3stico e terapia<\/strong>, capazes de detectar tumores e destruir c\u00e9lulas doentes ao mesmo tempo.<\/li>\n\n\n\n<li><strong>Nanovacinas e imunoterapia<\/strong>: cria\u00e7\u00e3o de vacinas personalizadas baseadas em nanotecnologia, que <strong>estimulam o sistema imune a combater c\u00e9lulas tumorais<\/strong>, com foco em c\u00e2ncer e doen\u00e7as raras.<\/li>\n\n\n\n<li><strong>Nanotoxicologia<\/strong>: avalia\u00e7\u00e3o de <strong>riscos e impactos ambientais e biol\u00f3gicos<\/strong> das nanopart\u00edculas, assegurando sua seguran\u00e7a em aplica\u00e7\u00f5es cl\u00ednicas.<\/li>\n<\/ul>\n\n\n\n<p>O GNano, respons\u00e1vel por diversas inova\u00e7\u00f5es na \u00e1rea, recebeu em 2024 o <strong>Pr\u00eamio Veja Sa\u00fade &amp; Oncocl\u00ednicas de Inova\u00e7\u00e3o M\u00e9dica<\/strong>, gra\u00e7as \u00e0 cria\u00e7\u00e3o de uma tecnologia de nanomedicina para administra\u00e7\u00e3o de medicamentos via nasal no tratamento do <strong>glioblastoma<\/strong>, um tipo de c\u00e2ncer cerebral de alta letalidade.<\/p>\n\n\n\n<p>Com o novo centro, o IFSC consolida-se como um dos principais polos de <strong>ci\u00eancia aplicada e inova\u00e7\u00e3o m\u00e9dica do pa\u00eds<\/strong>, com potencial para transformar o cen\u00e1rio da sa\u00fade p\u00fablica brasileira por meio da nanotecnologia.<\/p>\n\n\n\n<p><strong><em><strong><em><strong><em><strong><em><strong><em><strong><em><strong><em><strong><em><strong><em><strong><em><strong><em><strong><em><strong><em><strong><em><strong><em><strong><em><strong><em><strong><em><strong><em><strong><em><strong><em><strong><em><strong><em><strong><em><strong><em><strong><em><strong><em><strong><em><strong><em><strong><em><strong><em><strong><em><strong><em><strong><em><strong><em><strong><em><strong><em><strong><em><strong><em><strong><em><strong><em><strong><em><strong><em><strong><em><strong><em><strong><em><strong><em><strong><em><strong><em><strong><em><strong><em><strong><em><strong><em><strong><em><strong><em><strong><em><strong><em><strong><em><strong><em><strong><em><strong><em><strong><em><strong><em><strong><em><strong><em><strong><em><strong><em><strong><em><strong><em><strong><em><strong><em><strong><em><strong><em><strong><em><strong><em><strong><em><strong><em><strong><em><strong><em><strong><em><strong><em><strong><em><strong><em><strong><em><strong><em><strong><em><strong><em><strong><em><strong><em><strong><em><strong><em><strong><em><strong><em><strong><em><strong><em><strong><em><strong><em><strong><em><strong><em><strong><em><strong><em><strong><em><strong><em><strong><em><strong><em><strong><em><strong><em><strong><em><strong><em><strong><em><strong><em><strong><em><strong><em><strong><em><strong><em><strong><em><strong><em><strong><em><strong><em><strong><em><strong><em><strong><em><strong><em><strong><em><strong><em><strong><em><strong><em><strong><em><strong><em><strong><em><strong><em><strong><em><strong><em><strong><em><strong><em><strong><em><strong><em><strong><em><strong><em><strong><em><strong><em><strong><em><strong><em><strong><em><strong><em><strong><em><strong><em><strong><em><strong><em><strong><em><strong><em><strong><em><strong><em><strong><em><strong><em><strong><em><strong><em><strong><em><strong><em><strong><em><strong><em><strong><em><strong><em><strong><em><strong><em><strong><em><strong><em><strong><em><strong><em><strong><em><strong><em><strong><em><strong><em><strong><em><strong><em><strong><em><strong><em><strong><em><strong><em><strong><em><strong><em><strong><em><strong><em><strong><em><strong><em><strong><em><strong><em><strong><em><strong><em><strong><em><strong><em><strong><em><strong><em><strong><em><strong><em><strong><em><strong><em><strong><em><strong><em><strong><em><strong><em><strong><em><strong><em><strong><em><strong><em><strong><em><strong><em><strong><em><strong><em><strong><em><strong><em><strong><em><strong><em><strong><em><strong><em><strong><em><strong><em><strong><em><strong><em><strong><em><strong><em><strong><em><strong><em><strong><em><strong><em><strong><em><strong><em><strong><em><strong><em><strong><em><strong><em><strong><em><strong><em><strong><em><strong><em><strong><em><strong><em><strong><em><strong><em><strong><em><strong><em><strong><em><strong><em><strong><em><strong><em><strong><em><strong><em><strong><em><strong><em><strong><em><strong>Siga nossas redes sociais e\u00a0participe da nossa comunidade do Canal de noticias do Roni Paparazzi no Whatsapp e receba as principais not\u00edcias da regi\u00e3o de Ara\u00e7atuba do dia direto no seu celular siga nosso \u00a0<a href=\"https:\/\/www.instagram.com\/ronipaparazzi\/\">Instagram e\u00a0<\/a><a href=\"https:\/\/www.facebook.com\/ronipaparazzicomvoce\">Facebook<\/a><a href=\"https:\/\/chat.whatsapp.com\/GsG1XKo0jPOEfjzudWQcml\" target=\"_blank\" rel=\"noreferrer noopener\">\u00a0Clique aqui e se inscreva.<\/a><\/strong><\/em><\/strong><\/em><\/strong><\/em><\/strong><\/em><\/strong><\/em><\/strong><\/em><\/strong><\/em><\/strong><\/em><\/strong><\/em><\/strong><\/em><\/strong><\/em><\/strong><\/em><\/strong><\/em><\/strong><\/em><\/strong><\/em><\/strong><\/em><\/strong><\/em><\/strong><\/em><\/strong><\/em><\/strong><\/em><\/strong><\/em><\/strong><\/em><\/strong><\/em><\/strong><\/em><\/strong><\/em><\/strong><\/em><\/strong><\/em><\/strong><\/em><\/strong><\/em><\/strong><\/em><\/strong><\/em><\/strong><\/em><\/strong><\/em><\/strong><\/em><\/strong><\/em><\/strong><\/em><\/strong><\/em><\/strong><\/em><\/strong><\/em><\/strong><\/em><\/strong><\/em><\/strong><\/em><\/strong><\/em><\/strong><\/em><\/strong><\/em><\/strong><\/em><\/strong><\/em><\/strong><\/em><\/strong><\/em><\/strong><\/em><\/strong><\/em><\/strong><\/em><\/strong><\/em><\/strong><\/em><\/strong><\/em><\/strong><\/em><\/strong><\/em><\/strong><\/em><\/strong><\/em><\/strong><\/em><\/strong><\/em><\/strong><\/em><\/strong><\/em><\/strong><\/em><\/strong><\/em><\/strong><\/em><\/strong><\/em><\/strong><\/em><\/strong><\/em><\/strong><\/em><\/strong><\/em><\/strong><\/em><\/strong><\/em><\/strong><\/em><\/strong><\/em><\/strong><\/em><\/strong><\/em><\/strong><\/em><\/strong><\/em><\/strong><\/em><\/strong><\/em><\/strong><\/em><\/strong><\/em><\/strong><\/em><\/strong><\/em><\/strong><\/em><\/strong><\/em><\/strong><\/em><\/strong><\/em><\/strong><\/em><\/strong><\/em><\/strong><\/em><\/strong><\/em><\/strong><\/em><\/strong><\/em><\/strong><\/em><\/strong><\/em><\/strong><\/em><\/strong><\/em><\/strong><\/em><\/strong><\/em><\/strong><\/em><\/strong><\/em><\/strong><\/em><\/strong><\/em><\/strong><\/em><\/strong><\/em><\/strong><\/em><\/strong><\/em><\/strong><\/em><\/strong><\/em><\/strong><\/em><\/strong><\/em><\/strong><\/em><\/strong><\/em><\/strong><\/em><\/strong><\/em><\/strong><\/em><\/strong><\/em><\/strong><\/em><\/strong><\/em><\/strong><\/em><\/strong><\/em><\/strong><\/em><\/strong><\/em><\/strong><\/em><\/strong><\/em><\/strong><\/em><\/strong><\/em><\/strong><\/em><\/strong><\/em><\/strong><\/em><\/strong><\/em><\/strong><\/em><\/strong><\/em><\/strong><\/em><\/strong><\/em><\/strong><\/em><\/strong><\/em><\/strong><\/em><\/strong><\/em><\/strong><\/em><\/strong><\/em><\/strong><\/em><\/strong><\/em><\/strong><\/em><\/strong><\/em><\/strong><\/em><\/strong><\/em><\/strong><\/em><\/strong><\/em><\/strong><\/em><\/strong><\/em><\/strong><\/em><\/strong><\/em><\/strong><\/em><\/strong><\/em><\/strong><\/em><\/strong><\/em><\/strong><\/em><\/strong><\/em><\/strong><\/em><\/strong><\/em><\/strong><\/em><\/strong><\/em><\/strong><\/em><\/strong><\/em><\/strong><\/em><\/strong><\/em><\/strong><\/em><\/strong><\/em><\/strong><\/em><\/strong><\/em><\/strong><\/em><\/strong><\/em><\/strong><\/em><\/strong><\/em><\/strong><\/em><\/strong><\/em><\/strong><\/em><\/strong><\/em><\/strong><\/em><\/strong><\/em><\/strong><\/em><\/strong><\/em><\/strong><\/em><\/strong><\/em><\/strong><\/em><\/strong><\/em><\/strong><\/em><\/strong><\/em><\/strong><\/em><\/strong><\/em><\/strong><\/em><\/strong><\/em><\/strong><\/em><\/strong><\/em><\/strong><\/em><\/strong><\/em><\/strong><\/em><\/strong><\/em><\/strong><\/em><\/strong><\/em><\/strong><\/em><\/strong><\/em><\/strong><\/em><\/strong><\/em><\/strong><\/em><\/strong><\/em><\/strong><\/em><\/strong><\/em><\/strong><\/em><\/strong><\/em><\/strong><\/em><\/strong><\/em><\/strong><\/em><\/strong><\/em><\/strong><\/em><\/strong><\/em><\/strong><\/em><\/strong><\/em><\/strong><\/em><\/strong><\/em><\/strong><\/em><\/strong><\/em><\/strong><\/em><\/strong><\/em><\/strong><\/em><\/strong><\/em><\/strong><\/em><\/strong><\/em><\/strong><\/em><\/strong><\/em><\/strong><\/em><\/strong><\/em><\/strong><\/em><\/strong><\/em><\/strong><\/em><\/strong><\/em><\/strong><\/em><\/strong><\/em><\/strong><\/em><\/strong><\/em><\/strong><\/em><\/strong><\/em><\/strong><\/em><\/strong><\/em><\/strong><\/em><\/strong><\/em><\/strong><\/em><\/strong><\/p>\n","protected":false},"excerpt":{"rendered":"<p>O Instituto de F\u00edsica de S\u00e3o Carlos (IFSC), da Universidade de S\u00e3o Paulo (USP), ser\u00e1 sede de um dos mais novos e promissores centros de pesquisa do pa\u00eds: o Centro Nacional de Inova\u00e7\u00e3o em Nanotecnologia Aplicada ao Diagn\u00f3stico e Terapia do C\u00e2ncer e Doen\u00e7as Raras. A iniciativa, apoiada pela Financiadora de Estudos e Projetos (Finep), &hellip;<\/p>\n","protected":false},"author":1,"featured_media":18939,"comment_status":"open","ping_status":"open","sticky":false,"template":"","format":"standard","meta":{"_jetpack_memberships_contains_paid_content":false,"footnotes":"","jetpack_publicize_message":"","jetpack_publicize_feature_enabled":true,"jetpack_social_post_already_shared":true,"jetpack_social_options":{"image_generator_settings":{"template":"highway","default_image_id":0,"enabled":false},"version":2}},"categories":[4],"tags":[],"class_list":["post-18938","post","type-post","status-publish","format-standard","has-post-thumbnail","hentry","category-regiao"],"jetpack_publicize_connections":[],"jetpack_featured_media_url":"https:\/\/i0.wp.com\/www.paparazzinews.com.br\/wp-content\/uploads\/2025\/07\/adm-11-e1753886038817.jpg?fit=1000%2C750&ssl=1","views":"1676","jetpack_likes_enabled":true,"jetpack_sharing_enabled":true,"_links":{"self":[{"href":"https:\/\/www.paparazzinews.com.br\/index.php?rest_route=\/wp\/v2\/posts\/18938","targetHints":{"allow":["GET"]}}],"collection":[{"href":"https:\/\/www.paparazzinews.com.br\/index.php?rest_route=\/wp\/v2\/posts"}],"about":[{"href":"https:\/\/www.paparazzinews.com.br\/index.php?rest_route=\/wp\/v2\/types\/post"}],"author":[{"embeddable":true,"href":"https:\/\/www.paparazzinews.com.br\/index.php?rest_route=\/wp\/v2\/users\/1"}],"replies":[{"embeddable":true,"href":"https:\/\/www.paparazzinews.com.br\/index.php?rest_route=%2Fwp%2Fv2%2Fcomments&post=18938"}],"version-history":[{"count":1,"href":"https:\/\/www.paparazzinews.com.br\/index.php?rest_route=\/wp\/v2\/posts\/18938\/revisions"}],"predecessor-version":[{"id":18940,"href":"https:\/\/www.paparazzinews.com.br\/index.php?rest_route=\/wp\/v2\/posts\/18938\/revisions\/18940"}],"wp:featuredmedia":[{"embeddable":true,"href":"https:\/\/www.paparazzinews.com.br\/index.php?rest_route=\/wp\/v2\/media\/18939"}],"wp:attachment":[{"href":"https:\/\/www.paparazzinews.com.br\/index.php?rest_route=%2Fwp%2Fv2%2Fmedia&parent=18938"}],"wp:term":[{"taxonomy":"category","embeddable":true,"href":"https:\/\/www.paparazzinews.com.br\/index.php?rest_route=%2Fwp%2Fv2%2Fcategories&post=18938"},{"taxonomy":"post_tag","embeddable":true,"href":"https:\/\/www.paparazzinews.com.br\/index.php?rest_route=%2Fwp%2Fv2%2Ftags&post=18938"}],"curies":[{"name":"wp","href":"https:\/\/api.w.org\/{rel}","templated":true}]}}