{"id":18935,"date":"2025-07-30T11:14:42","date_gmt":"2025-07-30T14:14:42","guid":{"rendered":"https:\/\/www.paparazzinews.com.br\/?p=18935"},"modified":"2025-07-30T11:14:45","modified_gmt":"2025-07-30T14:14:45","slug":"estado-de-sp-abre-inscricoes-para-5-mil-vagas-de-professores-tecnicos-no-ensino-medio-em-2026","status":"publish","type":"post","link":"https:\/\/www.paparazzinews.com.br\/?p=18935","title":{"rendered":"Estado de SP abre inscri\u00e7\u00f5es para 5 mil vagas de professores t\u00e9cnicos no Ensino M\u00e9dio em 2026"},"content":{"rendered":"\n<p>A Secretaria da Educa\u00e7\u00e3o do Estado de S\u00e3o Paulo (Seduc-SP) est\u00e1 com <strong>inscri\u00e7\u00f5es abertas at\u00e9 o dia 11 de agosto<\/strong> para o <strong>processo seletivo simplificado<\/strong> que visa a forma\u00e7\u00e3o de <strong>cadastro para cerca de 5 mil vagas de professores<\/strong> dos cursos do <strong>itiner\u00e1rio de forma\u00e7\u00e3o t\u00e9cnica e profissional do Ensino M\u00e9dio<\/strong> a partir de 2026. Foto: Divulga\u00e7\u00e3o\/Governo de SP.<\/p>\n\n\n\n<p>A sele\u00e7\u00e3o contempla oportunidades nas <strong>91 diretorias regionais de ensino<\/strong> do estado, e os interessados devem se inscrever exclusivamente pelo site da <strong>Funda\u00e7\u00e3o Get\u00falio Vargas (FGV)<\/strong>:<br>\ud83d\udd17 <a class=\"\" href=\"https:\/\/conhecimento.fgv.br\/concursos\/seducsp25\">https:\/\/conhecimento.fgv.br\/concursos\/seducsp25<\/a><\/p>\n\n\n\n<h3 class=\"wp-block-heading\">Quem pode participar<\/h3>\n\n\n\n<p>Podem se candidatar profissionais com forma\u00e7\u00e3o em <strong>licenciatura, bacharelado ou cursos tecn\u00f3logos<\/strong>, al\u00e9m de <strong>especialistas com not\u00f3rio saber<\/strong> e <strong>t\u00e9cnicos com experi\u00eancia comprovada<\/strong>, conforme crit\u00e9rios definidos pela <strong>Delibera\u00e7\u00e3o CEE n\u00ba 207\/2022<\/strong>.<\/p>\n\n\n\n<p>A <strong>remunera\u00e7\u00e3o inicial \u00e9 de R$ 5.565,00<\/strong> para jornada semanal de 40 horas, com possibilidade de contrata\u00e7\u00e3o proporcional. Os contratos ter\u00e3o <strong>prazo determinado<\/strong>, conforme previsto em edital, j\u00e1 dispon\u00edvel no <strong>Di\u00e1rio Oficial do Estado<\/strong>.<\/p>\n\n\n\n<h3 class=\"wp-block-heading\">Eixos tecnol\u00f3gicos e \u00e1reas de atua\u00e7\u00e3o<\/h3>\n\n\n\n<p>O processo seletivo contempla <strong>seis eixos tecnol\u00f3gicos<\/strong>, que envolvem os seguintes cursos t\u00e9cnicos:<\/p>\n\n\n\n<ul class=\"wp-block-list\">\n<li><strong>Gest\u00e3o e neg\u00f3cios<\/strong> (administra\u00e7\u00e3o, log\u00edstica e vendas)<\/li>\n\n\n\n<li><strong>Sa\u00fade<\/strong> (enfermagem e farm\u00e1cia)<\/li>\n\n\n\n<li><strong>Tecnologia da informa\u00e7\u00e3o<\/strong> (ci\u00eancia de dados, desenvolvimento de sistemas, rob\u00f3tica)<\/li>\n\n\n\n<li><strong>Recursos naturais<\/strong> (agroneg\u00f3cio)<\/li>\n\n\n\n<li><strong>Turismo, hospitalidade e lazer<\/strong> (hospedagem)<\/li>\n\n\n\n<li><strong>Controle e processos industriais<\/strong> (eletr\u00f4nica)<\/li>\n<\/ul>\n\n\n\n<p>Al\u00e9m disso, h\u00e1 vagas para outros componentes curriculares de natureza t\u00e9cnica, de acordo com os itiner\u00e1rios formativos ofertados pela rede estadual. Cada diretoria de ensino ter\u00e1 <strong>oferta espec\u00edfica de eixos<\/strong>, conforme a demanda regional e o interesse dos estudantes. A rela\u00e7\u00e3o completa por diretoria est\u00e1 no <strong>Anexo VI do edital<\/strong>.<\/p>\n\n\n\n<h3 class=\"wp-block-heading\">Etapas do processo seletivo<\/h3>\n\n\n\n<p>A sele\u00e7\u00e3o ser\u00e1 dividida em <strong>quatro etapas<\/strong>:<\/p>\n\n\n\n<ol class=\"wp-block-list\">\n<li><strong>Prova objetiva<\/strong> \u2013 com 30 quest\u00f5es (10 de conhecimentos pedag\u00f3gicos e 20 espec\u00edficos do eixo escolhido)<\/li>\n\n\n\n<li><strong>Prova discursiva<\/strong> \u2013 uma quest\u00e3o com valor de at\u00e9 20 pontos, avaliando argumenta\u00e7\u00e3o, reda\u00e7\u00e3o e dom\u00ednio t\u00e9cnico<\/li>\n\n\n\n<li><strong>Prova pr\u00e1tica<\/strong> \u2013 envio de v\u00eddeo (de 5 a 7 minutos) simulando uma aula com tema definido pela Seduc-SP<\/li>\n\n\n\n<li><strong>Avalia\u00e7\u00e3o de t\u00edtulos<\/strong><\/li>\n<\/ol>\n\n\n\n<p>As <strong>provas objetiva e discursiva ser\u00e3o aplicadas em 28 de setembro<\/strong>, em 77 munic\u00edpios-sede das diretorias de ensino. J\u00e1 o <strong>envio dos v\u00eddeos da prova pr\u00e1tica<\/strong> poder\u00e1 ser feito entre <strong>18 de agosto e 15 de setembro<\/strong>.<\/p>\n\n\n\n<p>No momento da inscri\u00e7\u00e3o, o candidato poder\u00e1 escolher at\u00e9 <strong>duas diretorias de ensino<\/strong> e at\u00e9 <strong>dois eixos de prova<\/strong>, desde que os hor\u00e1rios n\u00e3o coincidam.<\/p>\n\n\n\n<h3 class=\"wp-block-heading\">A\u00e7\u00f5es afirmativas<\/h3>\n\n\n\n<p>A <strong>taxa de inscri\u00e7\u00e3o \u00e9 de R$ 49,00<\/strong>, mas o edital prev\u00ea <strong>a\u00e7\u00f5es afirmativas<\/strong> para <strong>candidatos pretos, pardos, ind\u00edgenas, pessoas com defici\u00eancia e estrangeiros residentes legalmente no pa\u00eds<\/strong> que atendam aos crit\u00e9rios de naturaliza\u00e7\u00e3o.<\/p>\n\n\n\n<p>Com essa sele\u00e7\u00e3o, o Governo de S\u00e3o Paulo refor\u00e7a o compromisso com a <strong>forma\u00e7\u00e3o t\u00e9cnica no Ensino M\u00e9dio<\/strong> e a valoriza\u00e7\u00e3o dos profissionais da educa\u00e7\u00e3o, contribuindo para uma rede estadual mais qualificada e alinhada \u00e0s necessidades do mercado de trabalho.<\/p>\n\n\n\n<p><strong><em><strong><em><strong><em><strong><em><strong><em><strong><em><strong><em><strong><em><strong><em><strong><em><strong><em><strong><em><strong><em><strong><em><strong><em><strong><em><strong><em><strong><em><strong><em><strong><em><strong><em><strong><em><strong><em><strong><em><strong><em><strong><em><strong><em><strong><em><strong><em><strong><em><strong><em><strong><em><strong><em><strong><em><strong><em><strong><em><strong><em><strong><em><strong><em><strong><em><strong><em><strong><em><strong><em><strong><em><strong><em><strong><em><strong><em><strong><em><strong><em><strong><em><strong><em><strong><em><strong><em><strong><em><strong><em><strong><em><strong><em><strong><em><strong><em><strong><em><strong><em><strong><em><strong><em><strong><em><strong><em><strong><em><strong><em><strong><em><strong><em><strong><em><strong><em><strong><em><strong><em><strong><em><strong><em><strong><em><strong><em><strong><em><strong><em><strong><em><strong><em><strong><em><strong><em><strong><em><strong><em><strong><em><strong><em><strong><em><strong><em><strong><em><strong><em><strong><em><strong><em><strong><em><strong><em><strong><em><strong><em><strong><em><strong><em><strong><em><strong><em><strong><em><strong><em><strong><em><strong><em><strong><em><strong><em><strong><em><strong><em><strong><em><strong><em><strong><em><strong><em><strong><em><strong><em><strong><em><strong><em><strong><em><strong><em><strong><em><strong><em><strong><em><strong><em><strong><em><strong><em><strong><em><strong><em><strong><em><strong><em><strong><em><strong><em><strong><em><strong><em><strong><em><strong><em><strong><em><strong><em><strong><em><strong><em><strong><em><strong><em><strong><em><strong><em><strong><em><strong><em><strong><em><strong><em><strong><em><strong><em><strong><em><strong><em><strong><em><strong><em><strong><em><strong><em><strong><em><strong><em><strong><em><strong><em><strong><em><strong><em><strong><em><strong><em><strong><em><strong><em><strong><em><strong><em><strong><em><strong><em><strong><em><strong><em><strong><em><strong><em><strong><em><strong><em><strong><em><strong><em><strong><em><strong><em><strong><em><strong><em><strong><em><strong><em><strong><em><strong><em><strong><em><strong><em><strong><em><strong><em><strong><em><strong><em><strong><em><strong><em><strong><em><strong><em><strong><em><strong><em><strong><em><strong><em><strong><em><strong><em><strong><em><strong><em><strong><em><strong><em><strong><em><strong><em><strong><em><strong><em><strong><em><strong><em><strong><em><strong><em><strong><em><strong><em><strong><em><strong><em><strong><em><strong><em><strong><em><strong><em><strong><em><strong><em><strong><em><strong><em><strong><em><strong><em><strong><em><strong><em><strong><em><strong><em><strong><em><strong><em><strong><em><strong><em><strong><em><strong><em><strong><em><strong><em><strong><em><strong><em><strong><em><strong><em><strong><em><strong><em><strong><em><strong><em><strong><em><strong><em><strong><em><strong>Siga nossas redes sociais e&nbsp;participe da nossa comunidade do Canal de noticias do Roni Paparazzi no Whatsapp e receba as principais not\u00edcias da regi\u00e3o de Ara\u00e7atuba do dia direto no seu celular siga nosso &nbsp;<a href=\"https:\/\/www.instagram.com\/ronipaparazzi\/\">Instagram e&nbsp;<\/a><a href=\"https:\/\/www.facebook.com\/ronipaparazzicomvoce\">Facebook<\/a><a href=\"https:\/\/chat.whatsapp.com\/GsG1XKo0jPOEfjzudWQcml\" target=\"_blank\" rel=\"noreferrer noopener\">&nbsp;Clique aqui e se inscreva.<\/a><\/strong><\/em><\/strong><\/em><\/strong><\/em><\/strong><\/em><\/strong><\/em><\/strong><\/em><\/strong><\/em><\/strong><\/em><\/strong><\/em><\/strong><\/em><\/strong><\/em><\/strong><\/em><\/strong><\/em><\/strong><\/em><\/strong><\/em><\/strong><\/em><\/strong><\/em><\/strong><\/em><\/strong><\/em><\/strong><\/em><\/strong><\/em><\/strong><\/em><\/strong><\/em><\/strong><\/em><\/strong><\/em><\/strong><\/em><\/strong><\/em><\/strong><\/em><\/strong><\/em><\/strong><\/em><\/strong><\/em><\/strong><\/em><\/strong><\/em><\/strong><\/em><\/strong><\/em><\/strong><\/em><\/strong><\/em><\/strong><\/em><\/strong><\/em><\/strong><\/em><\/strong><\/em><\/strong><\/em><\/strong><\/em><\/strong><\/em><\/strong><\/em><\/strong><\/em><\/strong><\/em><\/strong><\/em><\/strong><\/em><\/strong><\/em><\/strong><\/em><\/strong><\/em><\/strong><\/em><\/strong><\/em><\/strong><\/em><\/strong><\/em><\/strong><\/em><\/strong><\/em><\/strong><\/em><\/strong><\/em><\/strong><\/em><\/strong><\/em><\/strong><\/em><\/strong><\/em><\/strong><\/em><\/strong><\/em><\/strong><\/em><\/strong><\/em><\/strong><\/em><\/strong><\/em><\/strong><\/em><\/strong><\/em><\/strong><\/em><\/strong><\/em><\/strong><\/em><\/strong><\/em><\/strong><\/em><\/strong><\/em><\/strong><\/em><\/strong><\/em><\/strong><\/em><\/strong><\/em><\/strong><\/em><\/strong><\/em><\/strong><\/em><\/strong><\/em><\/strong><\/em><\/strong><\/em><\/strong><\/em><\/strong><\/em><\/strong><\/em><\/strong><\/em><\/strong><\/em><\/strong><\/em><\/strong><\/em><\/strong><\/em><\/strong><\/em><\/strong><\/em><\/strong><\/em><\/strong><\/em><\/strong><\/em><\/strong><\/em><\/strong><\/em><\/strong><\/em><\/strong><\/em><\/strong><\/em><\/strong><\/em><\/strong><\/em><\/strong><\/em><\/strong><\/em><\/strong><\/em><\/strong><\/em><\/strong><\/em><\/strong><\/em><\/strong><\/em><\/strong><\/em><\/strong><\/em><\/strong><\/em><\/strong><\/em><\/strong><\/em><\/strong><\/em><\/strong><\/em><\/strong><\/em><\/strong><\/em><\/strong><\/em><\/strong><\/em><\/strong><\/em><\/strong><\/em><\/strong><\/em><\/strong><\/em><\/strong><\/em><\/strong><\/em><\/strong><\/em><\/strong><\/em><\/strong><\/em><\/strong><\/em><\/strong><\/em><\/strong><\/em><\/strong><\/em><\/strong><\/em><\/strong><\/em><\/strong><\/em><\/strong><\/em><\/strong><\/em><\/strong><\/em><\/strong><\/em><\/strong><\/em><\/strong><\/em><\/strong><\/em><\/strong><\/em><\/strong><\/em><\/strong><\/em><\/strong><\/em><\/strong><\/em><\/strong><\/em><\/strong><\/em><\/strong><\/em><\/strong><\/em><\/strong><\/em><\/strong><\/em><\/strong><\/em><\/strong><\/em><\/strong><\/em><\/strong><\/em><\/strong><\/em><\/strong><\/em><\/strong><\/em><\/strong><\/em><\/strong><\/em><\/strong><\/em><\/strong><\/em><\/strong><\/em><\/strong><\/em><\/strong><\/em><\/strong><\/em><\/strong><\/em><\/strong><\/em><\/strong><\/em><\/strong><\/em><\/strong><\/em><\/strong><\/em><\/strong><\/em><\/strong><\/em><\/strong><\/em><\/strong><\/em><\/strong><\/em><\/strong><\/em><\/strong><\/em><\/strong><\/em><\/strong><\/em><\/strong><\/em><\/strong><\/em><\/strong><\/em><\/strong><\/em><\/strong><\/em><\/strong><\/em><\/strong><\/em><\/strong><\/em><\/strong><\/em><\/strong><\/em><\/strong><\/em><\/strong><\/em><\/strong><\/em><\/strong><\/em><\/strong><\/em><\/strong><\/em><\/strong><\/em><\/strong><\/em><\/strong><\/em><\/strong><\/em><\/strong><\/em><\/strong><\/em><\/strong><\/em><\/strong><\/em><\/strong><\/em><\/strong><\/em><\/strong><\/em><\/strong><\/em><\/strong><\/em><\/strong><\/em><\/strong><\/em><\/strong><\/em><\/strong><\/em><\/strong><\/em><\/strong><\/em><\/strong><\/em><\/strong><\/em><\/strong><\/em><\/strong><\/em><\/strong><\/em><\/strong><\/em><\/strong><\/em><\/strong><\/em><\/strong><\/em><\/strong><\/em><\/strong><\/em><\/strong><\/em><\/strong><\/em><\/strong><\/em><\/strong><\/em><\/strong><\/em><\/strong><\/em><\/strong><\/em><\/strong><\/em><\/strong><\/em><\/strong><\/em><\/strong><\/em><\/strong><\/em><\/strong><\/em><\/strong><\/em><\/strong><\/p>\n","protected":false},"excerpt":{"rendered":"<p>A Secretaria da Educa\u00e7\u00e3o do Estado de S\u00e3o Paulo (Seduc-SP) est\u00e1 com inscri\u00e7\u00f5es abertas at\u00e9 o dia 11 de agosto para o processo seletivo simplificado que visa a forma\u00e7\u00e3o de cadastro para cerca de 5 mil vagas de professores dos cursos do itiner\u00e1rio de forma\u00e7\u00e3o t\u00e9cnica e profissional do Ensino M\u00e9dio a partir de 2026. &hellip;<\/p>\n","protected":false},"author":1,"featured_media":18936,"comment_status":"open","ping_status":"open","sticky":false,"template":"","format":"standard","meta":{"_jetpack_memberships_contains_paid_content":false,"footnotes":"","jetpack_publicize_message":"","jetpack_publicize_feature_enabled":true,"jetpack_social_post_already_shared":true,"jetpack_social_options":{"image_generator_settings":{"template":"highway","default_image_id":0,"enabled":false},"version":2}},"categories":[4],"tags":[],"class_list":["post-18935","post","type-post","status-publish","format-standard","has-post-thumbnail","hentry","category-regiao"],"jetpack_publicize_connections":[],"jetpack_featured_media_url":"https:\/\/i0.wp.com\/www.paparazzinews.com.br\/wp-content\/uploads\/2025\/07\/professora-rede-estadual.jpg?fit=700%2C480&ssl=1","views":"1952","jetpack_likes_enabled":true,"jetpack_sharing_enabled":true,"_links":{"self":[{"href":"https:\/\/www.paparazzinews.com.br\/index.php?rest_route=\/wp\/v2\/posts\/18935","targetHints":{"allow":["GET"]}}],"collection":[{"href":"https:\/\/www.paparazzinews.com.br\/index.php?rest_route=\/wp\/v2\/posts"}],"about":[{"href":"https:\/\/www.paparazzinews.com.br\/index.php?rest_route=\/wp\/v2\/types\/post"}],"author":[{"embeddable":true,"href":"https:\/\/www.paparazzinews.com.br\/index.php?rest_route=\/wp\/v2\/users\/1"}],"replies":[{"embeddable":true,"href":"https:\/\/www.paparazzinews.com.br\/index.php?rest_route=%2Fwp%2Fv2%2Fcomments&post=18935"}],"version-history":[{"count":1,"href":"https:\/\/www.paparazzinews.com.br\/index.php?rest_route=\/wp\/v2\/posts\/18935\/revisions"}],"predecessor-version":[{"id":18937,"href":"https:\/\/www.paparazzinews.com.br\/index.php?rest_route=\/wp\/v2\/posts\/18935\/revisions\/18937"}],"wp:featuredmedia":[{"embeddable":true,"href":"https:\/\/www.paparazzinews.com.br\/index.php?rest_route=\/wp\/v2\/media\/18936"}],"wp:attachment":[{"href":"https:\/\/www.paparazzinews.com.br\/index.php?rest_route=%2Fwp%2Fv2%2Fmedia&parent=18935"}],"wp:term":[{"taxonomy":"category","embeddable":true,"href":"https:\/\/www.paparazzinews.com.br\/index.php?rest_route=%2Fwp%2Fv2%2Fcategories&post=18935"},{"taxonomy":"post_tag","embeddable":true,"href":"https:\/\/www.paparazzinews.com.br\/index.php?rest_route=%2Fwp%2Fv2%2Ftags&post=18935"}],"curies":[{"name":"wp","href":"https:\/\/api.w.org\/{rel}","templated":true}]}}