{"id":18928,"date":"2025-07-29T17:17:20","date_gmt":"2025-07-29T20:17:20","guid":{"rendered":"https:\/\/www.paparazzinews.com.br\/?p=18928"},"modified":"2025-07-29T17:17:23","modified_gmt":"2025-07-29T20:17:23","slug":"castilho-celebra-72-anos-com-programacao-repleta-de-cultura-esporte-e-musica","status":"publish","type":"post","link":"https:\/\/www.paparazzinews.com.br\/?p=18928","title":{"rendered":"Castilho celebra 72 anos com programa\u00e7\u00e3o repleta de cultura, esporte e m\u00fasica"},"content":{"rendered":"\n<p>O munic\u00edpio de <strong>Castilho<\/strong> comemora no pr\u00f3ximo dia <strong>10 de agosto<\/strong> seus <strong>72 anos de emancipa\u00e7\u00e3o pol\u00edtico-administrativa<\/strong> com uma programa\u00e7\u00e3o especial que promete agitar a cidade durante todo o m\u00eas. As celebra\u00e7\u00f5es incluem <strong>shows musicais, eventos esportivos, apresenta\u00e7\u00f5es culturais e a\u00e7\u00f5es para toda a fam\u00edlia<\/strong>, fortalecendo o sentimento de pertencimento e valorizando a identidade castilhense.<\/p>\n\n\n\n<p>As festividades t\u00eam in\u00edcio no dia <strong>6 de agosto (quarta-feira)<\/strong>, com a apresenta\u00e7\u00e3o do <strong>Trio Carcar\u00e1 na Feira do Produtor Rural<\/strong>, trazendo m\u00fasica e anima\u00e7\u00e3o ao espa\u00e7o tradicional da agricultura familiar local.<\/p>\n\n\n\n<p>Nos dias <strong>8 e 9 de agosto<\/strong>, o <strong>Recinto de Festas Ad\u00e3o Severino<\/strong> ser\u00e1 palco da <strong>29\u00aa Festa do Pescador<\/strong>, evento j\u00e1 tradicional no calend\u00e1rio municipal. Na sexta (08), a festa come\u00e7a com <strong>DJ Kakau \u00e0s 21h<\/strong>, seguido pelo show da dupla sertaneja <strong>Maur\u00edcio &amp; Mauri \u00e0s 22h30<\/strong>, e se encerra com o animado <strong>\u201cBaile do Zena\u201d<\/strong>.<\/p>\n\n\n\n<p>No <strong>s\u00e1bado (09)<\/strong>, o DJ Kakau volta a agitar o p\u00fablico \u00e0s 21h, antes da apresenta\u00e7\u00e3o da dupla <strong>\u00cdcaro &amp; Gilmar \u00e0s 22h30<\/strong>. A noite termina com a boate comandada pelo <strong>DJ Menca<\/strong>.<\/p>\n\n\n\n<p>Tamb\u00e9m no s\u00e1bado, a partir das <strong>08h30<\/strong>, a cidade recebe o tradicional <strong>Desfile C\u00edvico<\/strong>, na <strong>Rua Os\u00f3rio Junqueira<\/strong>, com a participa\u00e7\u00e3o de escolas, institui\u00e7\u00f5es e autoridades locais. No mesmo hor\u00e1rio, o <strong>Rancho J.A<\/strong> sedia a aguardada <strong>Prova dos 3 Tambores<\/strong>, reunindo cavaleiros e amazonas da regi\u00e3o.<\/p>\n\n\n\n<p>No <strong>domingo, 10 de agosto<\/strong>, data oficial do anivers\u00e1rio de Castilho, a Pra\u00e7a da Matriz ser\u00e1 palco do <strong>Circuito Corrida de Rua Mar\u00edlson Gomes<\/strong>, incentivando o esporte e a sa\u00fade.<\/p>\n\n\n\n<p>A programa\u00e7\u00e3o segue no dia <strong>13 de agosto<\/strong>, com mais uma edi\u00e7\u00e3o da <strong>Feira do Produtor Rural<\/strong> e apresenta\u00e7\u00e3o musical gospel da <strong>banda Koinonia Music<\/strong>, voltada ao p\u00fablico crist\u00e3o.<\/p>\n\n\n\n<p>Nos dias <strong>21, 22 e 23 de agosto<\/strong>, as crian\u00e7as poder\u00e3o se divertir com passeios gratuitos da <strong>Carreta Meteoros<\/strong>, que circular\u00e1 pelas ruas da cidade com muita alegria e seguran\u00e7a.<\/p>\n\n\n\n<p>No dia <strong>22 de agosto<\/strong>, a Pra\u00e7a da Matriz ser\u00e1 ainda espa\u00e7o para a <strong>Loja Colaborativa do Sebrae<\/strong>, incentivando o empreendedorismo local e a valoriza\u00e7\u00e3o dos pequenos neg\u00f3cios.<\/p>\n\n\n\n<p>No <strong>domingo (24)<\/strong>, ser\u00e1 realizada a tradicional <strong>Cavalgada Acolhedora<\/strong>, reunindo comitivas e amantes da cultura rural.<\/p>\n\n\n\n<p>Encerrando a programa\u00e7\u00e3o, o grupo musical <strong>Grupo do Mato<\/strong> se apresenta no dia <strong>30 de agosto (s\u00e1bado)<\/strong>, na Pra\u00e7a da Matriz. J\u00e1 no dia <strong>31 (domingo)<\/strong>, acontece o <strong>Encontro Cicl\u00edstico<\/strong>, com concentra\u00e7\u00e3o \u00e0s <strong>6h30<\/strong> tamb\u00e9m na Pra\u00e7a da Matriz, fechando as festividades com muito movimento e integra\u00e7\u00e3o comunit\u00e1ria.<\/p>\n\n\n\n<p>A Prefeitura de Castilho convida toda a popula\u00e7\u00e3o e visitantes para participarem das comemora\u00e7\u00f5es e prestarem homenagem \u00e0 cidade que, ao longo de 72 anos, vem construindo sua hist\u00f3ria com trabalho, cultura e uni\u00e3o.<\/p>\n\n\n\n<p><strong><em><strong><em><strong><em><strong><em><strong><em><strong><em><strong><em><strong><em><strong><em><strong><em><strong><em><strong><em><strong><em><strong><em><strong><em><strong><em><strong><em><strong><em><strong><em><strong><em><strong><em><strong><em><strong><em><strong><em><strong><em><strong><em><strong><em><strong><em><strong><em><strong><em><strong><em><strong><em><strong><em><strong><em><strong><em><strong><em><strong><em><strong><em><strong><em><strong><em><strong><em><strong><em><strong><em><strong><em><strong><em><strong><em><strong><em><strong><em><strong><em><strong><em><strong><em><strong><em><strong><em><strong><em><strong><em><strong><em><strong><em><strong><em><strong><em><strong><em><strong><em><strong><em><strong><em><strong><em><strong><em><strong><em><strong><em><strong><em><strong><em><strong><em><strong><em><strong><em><strong><em><strong><em><strong><em><strong><em><strong><em><strong><em><strong><em><strong><em><strong><em><strong><em><strong><em><strong><em><strong><em><strong><em><strong><em><strong><em><strong><em><strong><em><strong><em><strong><em><strong><em><strong><em><strong><em><strong><em><strong><em><strong><em><strong><em><strong><em><strong><em><strong><em><strong><em><strong><em><strong><em><strong><em><strong><em><strong><em><strong><em><strong><em><strong><em><strong><em><strong><em><strong><em><strong><em><strong><em><strong><em><strong><em><strong><em><strong><em><strong><em><strong><em><strong><em><strong><em><strong><em><strong><em><strong><em><strong><em><strong><em><strong><em><strong><em><strong><em><strong><em><strong><em><strong><em><strong><em><strong><em><strong><em><strong><em><strong><em><strong><em><strong><em><strong><em><strong><em><strong><em><strong><em><strong><em><strong><em><strong><em><strong><em><strong><em><strong><em><strong><em><strong><em><strong><em><strong><em><strong><em><strong><em><strong><em><strong><em><strong><em><strong><em><strong><em><strong><em><strong><em><strong><em><strong><em><strong><em><strong><em><strong><em><strong><em><strong><em><strong><em><strong><em><strong><em><strong><em><strong><em><strong><em><strong><em><strong><em><strong><em><strong><em><strong><em><strong><em><strong><em><strong><em><strong><em><strong><em><strong><em><strong><em><strong><em><strong><em><strong><em><strong><em><strong><em><strong><em><strong><em><strong><em><strong><em><strong><em><strong><em><strong><em><strong><em><strong><em><strong><em><strong><em><strong><em><strong><em><strong><em><strong><em><strong><em><strong><em><strong><em><strong><em><strong><em><strong><em><strong><em><strong><em><strong><em><strong><em><strong><em><strong><em><strong><em><strong><em><strong><em><strong><em><strong><em><strong><em><strong><em><strong><em><strong><em><strong><em><strong><em><strong><em><strong><em><strong><em><strong><em><strong><em><strong><em><strong><em><strong><em><strong><em><strong><em><strong><em><strong><em><strong><em><strong><em><strong><em><strong><em><strong><em><strong>Siga nossas redes sociais e\u00a0participe da nossa comunidade do Canal de noticias do Roni Paparazzi no Whatsapp e receba as principais not\u00edcias da regi\u00e3o de Ara\u00e7atuba do dia direto no seu celular siga nosso \u00a0<a href=\"https:\/\/www.instagram.com\/ronipaparazzi\/\">Instagram e\u00a0<\/a><a href=\"https:\/\/www.facebook.com\/ronipaparazzicomvoce\">Facebook<\/a><a href=\"https:\/\/chat.whatsapp.com\/GsG1XKo0jPOEfjzudWQcml\" target=\"_blank\" rel=\"noreferrer noopener\">\u00a0Clique aqui e se inscreva.<\/a><\/strong><\/em><\/strong><\/em><\/strong><\/em><\/strong><\/em><\/strong><\/em><\/strong><\/em><\/strong><\/em><\/strong><\/em><\/strong><\/em><\/strong><\/em><\/strong><\/em><\/strong><\/em><\/strong><\/em><\/strong><\/em><\/strong><\/em><\/strong><\/em><\/strong><\/em><\/strong><\/em><\/strong><\/em><\/strong><\/em><\/strong><\/em><\/strong><\/em><\/strong><\/em><\/strong><\/em><\/strong><\/em><\/strong><\/em><\/strong><\/em><\/strong><\/em><\/strong><\/em><\/strong><\/em><\/strong><\/em><\/strong><\/em><\/strong><\/em><\/strong><\/em><\/strong><\/em><\/strong><\/em><\/strong><\/em><\/strong><\/em><\/strong><\/em><\/strong><\/em><\/strong><\/em><\/strong><\/em><\/strong><\/em><\/strong><\/em><\/strong><\/em><\/strong><\/em><\/strong><\/em><\/strong><\/em><\/strong><\/em><\/strong><\/em><\/strong><\/em><\/strong><\/em><\/strong><\/em><\/strong><\/em><\/strong><\/em><\/strong><\/em><\/strong><\/em><\/strong><\/em><\/strong><\/em><\/strong><\/em><\/strong><\/em><\/strong><\/em><\/strong><\/em><\/strong><\/em><\/strong><\/em><\/strong><\/em><\/strong><\/em><\/strong><\/em><\/strong><\/em><\/strong><\/em><\/strong><\/em><\/strong><\/em><\/strong><\/em><\/strong><\/em><\/strong><\/em><\/strong><\/em><\/strong><\/em><\/strong><\/em><\/strong><\/em><\/strong><\/em><\/strong><\/em><\/strong><\/em><\/strong><\/em><\/strong><\/em><\/strong><\/em><\/strong><\/em><\/strong><\/em><\/strong><\/em><\/strong><\/em><\/strong><\/em><\/strong><\/em><\/strong><\/em><\/strong><\/em><\/strong><\/em><\/strong><\/em><\/strong><\/em><\/strong><\/em><\/strong><\/em><\/strong><\/em><\/strong><\/em><\/strong><\/em><\/strong><\/em><\/strong><\/em><\/strong><\/em><\/strong><\/em><\/strong><\/em><\/strong><\/em><\/strong><\/em><\/strong><\/em><\/strong><\/em><\/strong><\/em><\/strong><\/em><\/strong><\/em><\/strong><\/em><\/strong><\/em><\/strong><\/em><\/strong><\/em><\/strong><\/em><\/strong><\/em><\/strong><\/em><\/strong><\/em><\/strong><\/em><\/strong><\/em><\/strong><\/em><\/strong><\/em><\/strong><\/em><\/strong><\/em><\/strong><\/em><\/strong><\/em><\/strong><\/em><\/strong><\/em><\/strong><\/em><\/strong><\/em><\/strong><\/em><\/strong><\/em><\/strong><\/em><\/strong><\/em><\/strong><\/em><\/strong><\/em><\/strong><\/em><\/strong><\/em><\/strong><\/em><\/strong><\/em><\/strong><\/em><\/strong><\/em><\/strong><\/em><\/strong><\/em><\/strong><\/em><\/strong><\/em><\/strong><\/em><\/strong><\/em><\/strong><\/em><\/strong><\/em><\/strong><\/em><\/strong><\/em><\/strong><\/em><\/strong><\/em><\/strong><\/em><\/strong><\/em><\/strong><\/em><\/strong><\/em><\/strong><\/em><\/strong><\/em><\/strong><\/em><\/strong><\/em><\/strong><\/em><\/strong><\/em><\/strong><\/em><\/strong><\/em><\/strong><\/em><\/strong><\/em><\/strong><\/em><\/strong><\/em><\/strong><\/em><\/strong><\/em><\/strong><\/em><\/strong><\/em><\/strong><\/em><\/strong><\/em><\/strong><\/em><\/strong><\/em><\/strong><\/em><\/strong><\/em><\/strong><\/em><\/strong><\/em><\/strong><\/em><\/strong><\/em><\/strong><\/em><\/strong><\/em><\/strong><\/em><\/strong><\/em><\/strong><\/em><\/strong><\/em><\/strong><\/em><\/strong><\/em><\/strong><\/em><\/strong><\/em><\/strong><\/em><\/strong><\/em><\/strong><\/em><\/strong><\/em><\/strong><\/em><\/strong><\/em><\/strong><\/em><\/strong><\/em><\/strong><\/em><\/strong><\/em><\/strong><\/em><\/strong><\/em><\/strong><\/em><\/strong><\/em><\/strong><\/em><\/strong><\/em><\/strong><\/em><\/strong><\/em><\/strong><\/em><\/strong><\/em><\/strong><\/em><\/strong><\/em><\/strong><\/em><\/strong><\/em><\/strong><\/em><\/strong><\/em><\/strong><\/em><\/strong><\/em><\/strong><\/em><\/strong><\/em><\/strong><\/em><\/strong><\/em><\/strong><\/em><\/strong><\/em><\/strong><\/em><\/strong><\/em><\/strong><\/em><\/strong><\/em><\/strong><\/em><\/strong><\/em><\/strong><\/em><\/strong><\/em><\/strong><\/em><\/strong><\/em><\/strong><\/em><\/strong><\/em><\/strong><\/em><\/strong><\/em><\/strong><\/em><\/strong><\/em><\/strong><\/em><\/strong><\/em><\/strong><\/em><\/strong><\/p>\n","protected":false},"excerpt":{"rendered":"<p>O munic\u00edpio de Castilho comemora no pr\u00f3ximo dia 10 de agosto seus 72 anos de emancipa\u00e7\u00e3o pol\u00edtico-administrativa com uma programa\u00e7\u00e3o especial que promete agitar a cidade durante todo o m\u00eas. As celebra\u00e7\u00f5es incluem shows musicais, eventos esportivos, apresenta\u00e7\u00f5es culturais e a\u00e7\u00f5es para toda a fam\u00edlia, fortalecendo o sentimento de pertencimento e valorizando a identidade castilhense. &hellip;<\/p>\n","protected":false},"author":1,"featured_media":18929,"comment_status":"open","ping_status":"open","sticky":false,"template":"","format":"standard","meta":{"_jetpack_memberships_contains_paid_content":false,"footnotes":"","jetpack_publicize_message":"","jetpack_publicize_feature_enabled":true,"jetpack_social_post_already_shared":true,"jetpack_social_options":{"image_generator_settings":{"template":"highway","default_image_id":0,"enabled":false},"version":2}},"categories":[6],"tags":[],"class_list":["post-18928","post","type-post","status-publish","format-standard","has-post-thumbnail","hentry","category-entretenimento"],"jetpack_publicize_connections":[],"jetpack_featured_media_url":"https:\/\/i0.wp.com\/www.paparazzinews.com.br\/wp-content\/uploads\/2025\/07\/c7dd6776-6865-4c0b-be3b-d9bb8cc77ed0.jpeg?fit=724%2C1024&ssl=1","views":"1840","jetpack_likes_enabled":true,"jetpack_sharing_enabled":true,"_links":{"self":[{"href":"https:\/\/www.paparazzinews.com.br\/index.php?rest_route=\/wp\/v2\/posts\/18928","targetHints":{"allow":["GET"]}}],"collection":[{"href":"https:\/\/www.paparazzinews.com.br\/index.php?rest_route=\/wp\/v2\/posts"}],"about":[{"href":"https:\/\/www.paparazzinews.com.br\/index.php?rest_route=\/wp\/v2\/types\/post"}],"author":[{"embeddable":true,"href":"https:\/\/www.paparazzinews.com.br\/index.php?rest_route=\/wp\/v2\/users\/1"}],"replies":[{"embeddable":true,"href":"https:\/\/www.paparazzinews.com.br\/index.php?rest_route=%2Fwp%2Fv2%2Fcomments&post=18928"}],"version-history":[{"count":1,"href":"https:\/\/www.paparazzinews.com.br\/index.php?rest_route=\/wp\/v2\/posts\/18928\/revisions"}],"predecessor-version":[{"id":18930,"href":"https:\/\/www.paparazzinews.com.br\/index.php?rest_route=\/wp\/v2\/posts\/18928\/revisions\/18930"}],"wp:featuredmedia":[{"embeddable":true,"href":"https:\/\/www.paparazzinews.com.br\/index.php?rest_route=\/wp\/v2\/media\/18929"}],"wp:attachment":[{"href":"https:\/\/www.paparazzinews.com.br\/index.php?rest_route=%2Fwp%2Fv2%2Fmedia&parent=18928"}],"wp:term":[{"taxonomy":"category","embeddable":true,"href":"https:\/\/www.paparazzinews.com.br\/index.php?rest_route=%2Fwp%2Fv2%2Fcategories&post=18928"},{"taxonomy":"post_tag","embeddable":true,"href":"https:\/\/www.paparazzinews.com.br\/index.php?rest_route=%2Fwp%2Fv2%2Ftags&post=18928"}],"curies":[{"name":"wp","href":"https:\/\/api.w.org\/{rel}","templated":true}]}}