{"id":18922,"date":"2025-07-28T17:38:57","date_gmt":"2025-07-28T20:38:57","guid":{"rendered":"https:\/\/www.paparazzinews.com.br\/?p=18922"},"modified":"2025-07-28T17:39:01","modified_gmt":"2025-07-28T20:39:01","slug":"andradina-institui-comissao-municipal-intersetorial-para-fiscalizar-convenio-da-santa-casa","status":"publish","type":"post","link":"https:\/\/www.paparazzinews.com.br\/?p=18922","title":{"rendered":"Andradina institui Comiss\u00e3o Municipal Intersetorial para fiscalizar conv\u00eanio da Santa Casa"},"content":{"rendered":"\n<p>A Prefeitura de <strong>Andradina<\/strong>, por meio da <strong>Portaria n\u00ba 12.356\/2025<\/strong>, instituiu oficialmente a <strong>Comiss\u00e3o Municipal Intersetorial de Acompanhamento de Conv\u00eanios da Secretaria Municipal de Sa\u00fade<\/strong>, com o objetivo de <strong>monitorar, avaliar e fiscalizar o conv\u00eanio de assist\u00eancia m\u00e9dica hospitalar<\/strong> firmado com a <strong>Santa Casa de Andradina<\/strong>, no \u00e2mbito do <strong>Sistema \u00danico de Sa\u00fade (SUS)<\/strong>. Foto: Prefeitura de Andradina.<\/p>\n\n\n\n<p>O Roni Paparazzi apurou que a medida foi assinada pelo secret\u00e1rio municipal de Governo, <strong>Ernesto Ant\u00f4nio da Silva J\u00fanior<\/strong>, em atendimento \u00e0s exig\u00eancias legais previstas na <strong>Lei Federal n\u00ba 13.019\/2014<\/strong>, que regula as parcerias entre a administra\u00e7\u00e3o p\u00fablica e organiza\u00e7\u00f5es da sociedade civil. A iniciativa tamb\u00e9m segue diretrizes da <strong>Portaria GM\/MS n\u00ba 3410\/2013<\/strong> e da <strong>Pol\u00edtica Nacional de Aten\u00e7\u00e3o Hospitalar (PNHOSP)<\/strong>, garantindo maior transpar\u00eancia e controle sobre os recursos p\u00fablicos destinados \u00e0 sa\u00fade.<\/p>\n\n\n\n<p>A comiss\u00e3o ser\u00e1 presidida por <strong>Maristela Rodrigues Marinho<\/strong> e contar\u00e1 com nove membros titulares, representantes de diferentes setores da administra\u00e7\u00e3o. A equipe ter\u00e1 como fun\u00e7\u00f5es principais:<\/p>\n\n\n\n<ul class=\"wp-block-list\">\n<li><strong>Acompanhar a execu\u00e7\u00e3o do conv\u00eanio<\/strong>, monitorando o cumprimento das cl\u00e1usulas contratuais e das metas estabelecidas no plano de trabalho;<\/li>\n\n\n\n<li><strong>Analisar a presta\u00e7\u00e3o de contas e os documentos comprobat\u00f3rios apresentados pela Santa Casa<\/strong>;<\/li>\n\n\n\n<li><strong>Emitir e homologar relat\u00f3rios t\u00e9cnicos de monitoramento e avalia\u00e7\u00e3o<\/strong>;<\/li>\n\n\n\n<li><strong>Propor ajustes e aperfei\u00e7oamentos<\/strong> nos processos de acompanhamento;<\/li>\n\n\n\n<li><strong>Consolidar informa\u00e7\u00f5es em atas e relat\u00f3rios mensais<\/strong>.<\/li>\n<\/ul>\n\n\n\n<p>As <strong>reuni\u00f5es ordin\u00e1rias da Comiss\u00e3o acontecer\u00e3o mensalmente<\/strong>, sempre na <strong>\u00faltima sexta-feira do m\u00eas<\/strong>, podendo tamb\u00e9m ocorrer de forma extraordin\u00e1ria mediante solicita\u00e7\u00e3o de qualquer membro, da Secretaria Municipal de Sa\u00fade ou da pr\u00f3pria Santa Casa.<\/p>\n\n\n\n<p>Com a nova portaria, tamb\u00e9m foi <strong>revogada a Portaria n\u00ba 12.334\/2025<\/strong>, de 7 de maio deste ano, refor\u00e7ando a reestrutura\u00e7\u00e3o e o fortalecimento da atua\u00e7\u00e3o fiscalizadora da administra\u00e7\u00e3o municipal sobre conv\u00eanios estrat\u00e9gicos na \u00e1rea da sa\u00fade.<\/p>\n\n\n\n<p>A a\u00e7\u00e3o representa um <strong>importante passo para garantir maior efici\u00eancia na aplica\u00e7\u00e3o de recursos p\u00fablicos<\/strong>, especialmente em um setor essencial como a sa\u00fade hospitalar, assegurando que a popula\u00e7\u00e3o receba servi\u00e7os com qualidade e responsabilidade.<\/p>\n\n\n\n<p><strong><em><strong><em><strong><em><strong><em><strong><em><strong><em><strong><em><strong><em><strong><em><strong><em><strong><em><strong><em><strong><em><strong><em><strong><em><strong><em><strong><em><strong><em><strong><em><strong><em><strong><em><strong><em><strong><em><strong><em><strong><em><strong><em><strong><em><strong><em><strong><em><strong><em><strong><em><strong><em><strong><em><strong><em><strong><em><strong><em><strong><em><strong><em><strong><em><strong><em><strong><em><strong><em><strong><em><strong><em><strong><em><strong><em><strong><em><strong><em><strong><em><strong><em><strong><em><strong><em><strong><em><strong><em><strong><em><strong><em><strong><em><strong><em><strong><em><strong><em><strong><em><strong><em><strong><em><strong><em><strong><em><strong><em><strong><em><strong><em><strong><em><strong><em><strong><em><strong><em><strong><em><strong><em><strong><em><strong><em><strong><em><strong><em><strong><em><strong><em><strong><em><strong><em><strong><em><strong><em><strong><em><strong><em><strong><em><strong><em><strong><em><strong><em><strong><em><strong><em><strong><em><strong><em><strong><em><strong><em><strong><em><strong><em><strong><em><strong><em><strong><em><strong><em><strong><em><strong><em><strong><em><strong><em><strong><em><strong><em><strong><em><strong><em><strong><em><strong><em><strong><em><strong><em><strong><em><strong><em><strong><em><strong><em><strong><em><strong><em><strong><em><strong><em><strong><em><strong><em><strong><em><strong><em><strong><em><strong><em><strong><em><strong><em><strong><em><strong><em><strong><em><strong><em><strong><em><strong><em><strong><em><strong><em><strong><em><strong><em><strong><em><strong><em><strong><em><strong><em><strong><em><strong><em><strong><em><strong><em><strong><em><strong><em><strong><em><strong><em><strong><em><strong><em><strong><em><strong><em><strong><em><strong><em><strong><em><strong><em><strong><em><strong><em><strong><em><strong><em><strong><em><strong><em><strong><em><strong><em><strong><em><strong><em><strong><em><strong><em><strong><em><strong><em><strong><em><strong><em><strong><em><strong><em><strong><em><strong><em><strong><em><strong><em><strong><em><strong><em><strong><em><strong><em><strong><em><strong><em><strong><em><strong><em><strong><em><strong><em><strong><em><strong><em><strong><em><strong><em><strong><em><strong><em><strong><em><strong><em><strong><em><strong><em><strong><em><strong><em><strong><em><strong><em><strong><em><strong><em><strong><em><strong><em><strong><em><strong><em><strong><em><strong><em><strong><em><strong><em><strong><em><strong><em><strong><em><strong><em><strong><em><strong><em><strong><em><strong><em><strong><em><strong><em><strong><em><strong><em><strong><em><strong><em><strong><em><strong><em><strong><em><strong><em><strong><em><strong><em><strong><em><strong><em><strong><em><strong><em><strong><em><strong><em><strong><em><strong><em><strong><em><strong><em><strong><em><strong><em><strong><em><strong><em><strong>Siga nossas redes sociais e\u00a0participe da nossa comunidade do Canal de noticias do Roni Paparazzi no Whatsapp e receba as principais not\u00edcias da regi\u00e3o de Ara\u00e7atuba do dia direto no seu celular siga nosso \u00a0<a href=\"https:\/\/www.instagram.com\/ronipaparazzi\/\">Instagram e\u00a0<\/a><a href=\"https:\/\/www.facebook.com\/ronipaparazzicomvoce\">Facebook<\/a><a href=\"https:\/\/chat.whatsapp.com\/GsG1XKo0jPOEfjzudWQcml\" target=\"_blank\" rel=\"noreferrer noopener\">\u00a0Clique aqui e se inscreva.<\/a><\/strong><\/em><\/strong><\/em><\/strong><\/em><\/strong><\/em><\/strong><\/em><\/strong><\/em><\/strong><\/em><\/strong><\/em><\/strong><\/em><\/strong><\/em><\/strong><\/em><\/strong><\/em><\/strong><\/em><\/strong><\/em><\/strong><\/em><\/strong><\/em><\/strong><\/em><\/strong><\/em><\/strong><\/em><\/strong><\/em><\/strong><\/em><\/strong><\/em><\/strong><\/em><\/strong><\/em><\/strong><\/em><\/strong><\/em><\/strong><\/em><\/strong><\/em><\/strong><\/em><\/strong><\/em><\/strong><\/em><\/strong><\/em><\/strong><\/em><\/strong><\/em><\/strong><\/em><\/strong><\/em><\/strong><\/em><\/strong><\/em><\/strong><\/em><\/strong><\/em><\/strong><\/em><\/strong><\/em><\/strong><\/em><\/strong><\/em><\/strong><\/em><\/strong><\/em><\/strong><\/em><\/strong><\/em><\/strong><\/em><\/strong><\/em><\/strong><\/em><\/strong><\/em><\/strong><\/em><\/strong><\/em><\/strong><\/em><\/strong><\/em><\/strong><\/em><\/strong><\/em><\/strong><\/em><\/strong><\/em><\/strong><\/em><\/strong><\/em><\/strong><\/em><\/strong><\/em><\/strong><\/em><\/strong><\/em><\/strong><\/em><\/strong><\/em><\/strong><\/em><\/strong><\/em><\/strong><\/em><\/strong><\/em><\/strong><\/em><\/strong><\/em><\/strong><\/em><\/strong><\/em><\/strong><\/em><\/strong><\/em><\/strong><\/em><\/strong><\/em><\/strong><\/em><\/strong><\/em><\/strong><\/em><\/strong><\/em><\/strong><\/em><\/strong><\/em><\/strong><\/em><\/strong><\/em><\/strong><\/em><\/strong><\/em><\/strong><\/em><\/strong><\/em><\/strong><\/em><\/strong><\/em><\/strong><\/em><\/strong><\/em><\/strong><\/em><\/strong><\/em><\/strong><\/em><\/strong><\/em><\/strong><\/em><\/strong><\/em><\/strong><\/em><\/strong><\/em><\/strong><\/em><\/strong><\/em><\/strong><\/em><\/strong><\/em><\/strong><\/em><\/strong><\/em><\/strong><\/em><\/strong><\/em><\/strong><\/em><\/strong><\/em><\/strong><\/em><\/strong><\/em><\/strong><\/em><\/strong><\/em><\/strong><\/em><\/strong><\/em><\/strong><\/em><\/strong><\/em><\/strong><\/em><\/strong><\/em><\/strong><\/em><\/strong><\/em><\/strong><\/em><\/strong><\/em><\/strong><\/em><\/strong><\/em><\/strong><\/em><\/strong><\/em><\/strong><\/em><\/strong><\/em><\/strong><\/em><\/strong><\/em><\/strong><\/em><\/strong><\/em><\/strong><\/em><\/strong><\/em><\/strong><\/em><\/strong><\/em><\/strong><\/em><\/strong><\/em><\/strong><\/em><\/strong><\/em><\/strong><\/em><\/strong><\/em><\/strong><\/em><\/strong><\/em><\/strong><\/em><\/strong><\/em><\/strong><\/em><\/strong><\/em><\/strong><\/em><\/strong><\/em><\/strong><\/em><\/strong><\/em><\/strong><\/em><\/strong><\/em><\/strong><\/em><\/strong><\/em><\/strong><\/em><\/strong><\/em><\/strong><\/em><\/strong><\/em><\/strong><\/em><\/strong><\/em><\/strong><\/em><\/strong><\/em><\/strong><\/em><\/strong><\/em><\/strong><\/em><\/strong><\/em><\/strong><\/em><\/strong><\/em><\/strong><\/em><\/strong><\/em><\/strong><\/em><\/strong><\/em><\/strong><\/em><\/strong><\/em><\/strong><\/em><\/strong><\/em><\/strong><\/em><\/strong><\/em><\/strong><\/em><\/strong><\/em><\/strong><\/em><\/strong><\/em><\/strong><\/em><\/strong><\/em><\/strong><\/em><\/strong><\/em><\/strong><\/em><\/strong><\/em><\/strong><\/em><\/strong><\/em><\/strong><\/em><\/strong><\/em><\/strong><\/em><\/strong><\/em><\/strong><\/em><\/strong><\/em><\/strong><\/em><\/strong><\/em><\/strong><\/em><\/strong><\/em><\/strong><\/em><\/strong><\/em><\/strong><\/em><\/strong><\/em><\/strong><\/em><\/strong><\/em><\/strong><\/em><\/strong><\/em><\/strong><\/em><\/strong><\/em><\/strong><\/em><\/strong><\/em><\/strong><\/em><\/strong><\/em><\/strong><\/em><\/strong><\/em><\/strong><\/em><\/strong><\/em><\/strong><\/em><\/strong><\/em><\/strong><\/em><\/strong><\/em><\/strong><\/em><\/strong><\/em><\/strong><\/em><\/strong><\/em><\/strong><\/em><\/strong><\/em><\/strong><\/em><\/strong><\/em><\/strong><\/em><\/strong><\/em><\/strong><\/em><\/strong><\/em><\/strong><\/em><\/strong><\/em><\/strong><\/em><\/strong><\/em><\/strong><\/em><\/strong><\/em><\/strong><\/em><\/strong><\/em><\/strong><\/p>\n","protected":false},"excerpt":{"rendered":"<p>A Prefeitura de Andradina, por meio da Portaria n\u00ba 12.356\/2025, instituiu oficialmente a Comiss\u00e3o Municipal Intersetorial de Acompanhamento de Conv\u00eanios da Secretaria Municipal de Sa\u00fade, com o objetivo de monitorar, avaliar e fiscalizar o conv\u00eanio de assist\u00eancia m\u00e9dica hospitalar firmado com a Santa Casa de Andradina, no \u00e2mbito do Sistema \u00danico de Sa\u00fade (SUS). Foto: &hellip;<\/p>\n","protected":false},"author":1,"featured_media":18923,"comment_status":"open","ping_status":"open","sticky":false,"template":"","format":"standard","meta":{"_jetpack_memberships_contains_paid_content":false,"footnotes":"","jetpack_publicize_message":"","jetpack_publicize_feature_enabled":true,"jetpack_social_post_already_shared":true,"jetpack_social_options":{"image_generator_settings":{"template":"highway","default_image_id":0,"enabled":false},"version":2}},"categories":[4],"tags":[],"class_list":["post-18922","post","type-post","status-publish","format-standard","has-post-thumbnail","hentry","category-regiao"],"jetpack_publicize_connections":[],"jetpack_featured_media_url":"https:\/\/i0.wp.com\/www.paparazzinews.com.br\/wp-content\/uploads\/2025\/07\/491673711_1093118009525321_1632540872560740693_n-e1753735128715.jpg?fit=1000%2C667&ssl=1","views":"2164","jetpack_likes_enabled":true,"jetpack_sharing_enabled":true,"_links":{"self":[{"href":"https:\/\/www.paparazzinews.com.br\/index.php?rest_route=\/wp\/v2\/posts\/18922","targetHints":{"allow":["GET"]}}],"collection":[{"href":"https:\/\/www.paparazzinews.com.br\/index.php?rest_route=\/wp\/v2\/posts"}],"about":[{"href":"https:\/\/www.paparazzinews.com.br\/index.php?rest_route=\/wp\/v2\/types\/post"}],"author":[{"embeddable":true,"href":"https:\/\/www.paparazzinews.com.br\/index.php?rest_route=\/wp\/v2\/users\/1"}],"replies":[{"embeddable":true,"href":"https:\/\/www.paparazzinews.com.br\/index.php?rest_route=%2Fwp%2Fv2%2Fcomments&post=18922"}],"version-history":[{"count":1,"href":"https:\/\/www.paparazzinews.com.br\/index.php?rest_route=\/wp\/v2\/posts\/18922\/revisions"}],"predecessor-version":[{"id":18924,"href":"https:\/\/www.paparazzinews.com.br\/index.php?rest_route=\/wp\/v2\/posts\/18922\/revisions\/18924"}],"wp:featuredmedia":[{"embeddable":true,"href":"https:\/\/www.paparazzinews.com.br\/index.php?rest_route=\/wp\/v2\/media\/18923"}],"wp:attachment":[{"href":"https:\/\/www.paparazzinews.com.br\/index.php?rest_route=%2Fwp%2Fv2%2Fmedia&parent=18922"}],"wp:term":[{"taxonomy":"category","embeddable":true,"href":"https:\/\/www.paparazzinews.com.br\/index.php?rest_route=%2Fwp%2Fv2%2Fcategories&post=18922"},{"taxonomy":"post_tag","embeddable":true,"href":"https:\/\/www.paparazzinews.com.br\/index.php?rest_route=%2Fwp%2Fv2%2Ftags&post=18922"}],"curies":[{"name":"wp","href":"https:\/\/api.w.org\/{rel}","templated":true}]}}