{"id":18913,"date":"2025-07-28T16:18:51","date_gmt":"2025-07-28T19:18:51","guid":{"rendered":"https:\/\/www.paparazzinews.com.br\/?p=18913"},"modified":"2025-07-28T16:18:54","modified_gmt":"2025-07-28T19:18:54","slug":"brasil-tem-baixa-cobertura-mamografica-e-enfrenta-desigualdades-raciais-no-combate-ao-cancer-de-mama","status":"publish","type":"post","link":"https:\/\/www.paparazzinews.com.br\/?p=18913","title":{"rendered":"Brasil tem baixa cobertura mamogr\u00e1fica e enfrenta desigualdades raciais no combate ao c\u00e2ncer de mama"},"content":{"rendered":"\n<p>O Brasil enfrenta um grave desafio na preven\u00e7\u00e3o e diagn\u00f3stico precoce do c\u00e2ncer de mama. Dados do <strong>Panorama do C\u00e2ncer de Mama<\/strong> revelam que <strong>menos de 24% das mulheres t\u00eam acesso ao exame de mamografia<\/strong>, n\u00famero bem abaixo dos <strong>70% recomendados pela Organiza\u00e7\u00e3o Mundial da Sa\u00fade (OMS)<\/strong>. Al\u00e9m disso, o estudo escancara <strong>disparidades raciais preocupantes<\/strong>: <strong>44% das mulheres pretas e pardas<\/strong> recebem o diagn\u00f3stico em est\u00e1gio avan\u00e7ado, contra <strong>36% das mulheres brancas<\/strong>. Foto: Jos\u00e9 Cruz\/Ag\u00eancia Brasil.<\/p>\n\n\n\n<p>Especialistas apontam que a baixa ades\u00e3o aos exames de rastreamento se deve a <strong>barreiras geogr\u00e1ficas, log\u00edsticas e socioecon\u00f4micas<\/strong>, al\u00e9m da <strong>falta de conscientiza\u00e7\u00e3o<\/strong> sobre a import\u00e2ncia da mamografia. A <strong>professora Maria Del Pilar Estevez<\/strong>, chefe da Oncologia Cl\u00ednica do Instituto do C\u00e2ncer do Estado de S\u00e3o Paulo (Icesp), destaca que em regi\u00f5es como a Amaz\u00f4nia, <strong>o acesso ao exame pode exigir dias de deslocamento<\/strong>, enquanto mesmo nos grandes centros urbanos, como no Sudeste, <strong>a cobertura ainda est\u00e1 al\u00e9m do ideal<\/strong>.<\/p>\n\n\n\n<p>Para enfrentar o problema, a especialista defende <strong>a\u00e7\u00f5es de busca ativa<\/strong> por meio da aten\u00e7\u00e3o prim\u00e1ria, com <strong>abordagens mais pr\u00f3ximas da comunidade<\/strong>. A m\u00e9dica mastologista <strong>Bruna Salani Mota<\/strong>, tamb\u00e9m do Icesp, refor\u00e7a a necessidade de promover tanto a <strong>preven\u00e7\u00e3o prim\u00e1ria quanto a secund\u00e1ria<\/strong> da doen\u00e7a.<\/p>\n\n\n\n<h3 class=\"wp-block-heading\">Preven\u00e7\u00e3o pode reduzir em at\u00e9 30% os casos<\/h3>\n\n\n\n<p>A <strong>preven\u00e7\u00e3o prim\u00e1ria<\/strong> envolve a ado\u00e7\u00e3o de h\u00e1bitos saud\u00e1veis: manter um peso adequado (especialmente ap\u00f3s a menopausa), praticar <strong>ao menos 150 minutos de atividade f\u00edsica semanal<\/strong>, limitar o consumo de \u00e1lcool e <strong>eliminar o tabagismo<\/strong>. De acordo com estudos, essas atitudes podem <strong>reduzir em at\u00e9 30% o risco de desenvolver c\u00e2ncer de mama<\/strong>.<\/p>\n\n\n\n<p>J\u00e1 a <strong>preven\u00e7\u00e3o secund\u00e1ria<\/strong> exige o <strong>rastreamento sistem\u00e1tico por mamografias<\/strong>, com in\u00edcio anual a partir dos <strong>40 anos<\/strong> para a popula\u00e7\u00e3o geral \u2014 ou antes, no caso de mulheres com hist\u00f3rico familiar ou muta\u00e7\u00f5es gen\u00e9ticas que aumentem o risco. Contudo, <strong>dificuldades como a dist\u00e2ncia at\u00e9 os servi\u00e7os de sa\u00fade e incompatibilidade de hor\u00e1rios<\/strong> com a rotina das pacientes impactam diretamente a ades\u00e3o ao exame.<\/p>\n\n\n\n<h3 class=\"wp-block-heading\">Diagn\u00f3stico precoce \u00e9 chave para cura<\/h3>\n\n\n\n<p>Quando uma les\u00e3o suspeita \u00e9 detectada na mamografia, o pr\u00f3ximo passo \u00e9 a <strong>bi\u00f3psia para confirma\u00e7\u00e3o do diagn\u00f3stico<\/strong>. Os tratamentos podem incluir <strong>cirurgia, quimioterapia, radioterapia, hormonioterapia ou imunoterapia<\/strong>, a depender do tipo e est\u00e1gio do tumor.<\/p>\n\n\n\n<p>Segundo Maria Del Pilar, <strong>tumores identificados precocemente t\u00eam alta chance de cura<\/strong>, mas no Brasil <strong>30% a 40% dos casos ainda s\u00e3o diagnosticados em est\u00e1gios avan\u00e7ados<\/strong>, o que dificulta a efic\u00e1cia do tratamento.<\/p>\n\n\n\n<h3 class=\"wp-block-heading\">Desigualdade racial e estrutural agravam cen\u00e1rio<\/h3>\n\n\n\n<p>O estudo tamb\u00e9m aponta para uma realidade alarmante: <strong>mulheres negras enfrentam mais barreiras no acesso ao diagn\u00f3stico e tratamento<\/strong>. Al\u00e9m das dificuldades socioecon\u00f4micas, elas t\u00eam <strong>maior preval\u00eancia do subtipo triplo-negativo<\/strong>, o mais agressivo do c\u00e2ncer de mama, que responde mal a tratamentos hormonais.<\/p>\n\n\n\n<p>Bruna Salani destaca que essa desigualdade \u00e9 global. Nos Estados Unidos, por exemplo, a <strong>mortalidade por c\u00e2ncer de mama \u00e9 40% maior entre mulheres negras<\/strong>. Para mudar esse cen\u00e1rio, \u00e9 necess\u00e1rio <strong>capacitar agentes comunit\u00e1rios de sa\u00fade e adotar pol\u00edticas p\u00fablicas sens\u00edveis \u00e0s realidades de popula\u00e7\u00f5es vulner\u00e1veis<\/strong>.<\/p>\n\n\n\n<p>Maria Del Pilar acrescenta que \u00e9 fundamental reconhecer e enfrentar o <strong>racismo estrutural no sistema de sa\u00fade<\/strong>. Para ela, o <strong>letramento racial entre os profissionais<\/strong> \u00e9 uma ferramenta importante para combater <strong>vieses inconscientes<\/strong> e garantir um atendimento mais justo e eficiente para todas as mulheres.<\/p>\n\n\n\n<p>O combate ao c\u00e2ncer de mama exige <strong>a\u00e7\u00e3o integrada, equidade no acesso \u00e0 sa\u00fade e investimento em pol\u00edticas p\u00fablicas que coloquem a vida das mulheres \u2014 de todas as ra\u00e7as e regi\u00f5es \u2014 no centro das prioridades<\/strong>.<\/p>\n\n\n\n<p><strong><em><strong><em><strong><em><strong><em><strong><em><strong><em><strong><em><strong><em><strong><em><strong><em><strong><em><strong><em><strong><em><strong><em><strong><em><strong><em><strong><em><strong><em><strong><em><strong><em><strong><em><strong><em><strong><em><strong><em><strong><em><strong><em><strong><em><strong><em><strong><em><strong><em><strong><em><strong><em><strong><em><strong><em><strong><em><strong><em><strong><em><strong><em><strong><em><strong><em><strong><em><strong><em><strong><em><strong><em><strong><em><strong><em><strong><em><strong><em><strong><em><strong><em><strong><em><strong><em><strong><em><strong><em><strong><em><strong><em><strong><em><strong><em><strong><em><strong><em><strong><em><strong><em><strong><em><strong><em><strong><em><strong><em><strong><em><strong><em><strong><em><strong><em><strong><em><strong><em><strong><em><strong><em><strong><em><strong><em><strong><em><strong><em><strong><em><strong><em><strong><em><strong><em><strong><em><strong><em><strong><em><strong><em><strong><em><strong><em><strong><em><strong><em><strong><em><strong><em><strong><em><strong><em><strong><em><strong><em><strong><em><strong><em><strong><em><strong><em><strong><em><strong><em><strong><em><strong><em><strong><em><strong><em><strong><em><strong><em><strong><em><strong><em><strong><em><strong><em><strong><em><strong><em><strong><em><strong><em><strong><em><strong><em><strong><em><strong><em><strong><em><strong><em><strong><em><strong><em><strong><em><strong><em><strong><em><strong><em><strong><em><strong><em><strong><em><strong><em><strong><em><strong><em><strong><em><strong><em><strong><em><strong><em><strong><em><strong><em><strong><em><strong><em><strong><em><strong><em><strong><em><strong><em><strong><em><strong><em><strong><em><strong><em><strong><em><strong><em><strong><em><strong><em><strong><em><strong><em><strong><em><strong><em><strong><em><strong><em><strong><em><strong><em><strong><em><strong><em><strong><em><strong><em><strong><em><strong><em><strong><em><strong><em><strong><em><strong><em><strong><em><strong><em><strong><em><strong><em><strong><em><strong><em><strong><em><strong><em><strong><em><strong><em><strong><em><strong><em><strong><em><strong><em><strong><em><strong><em><strong><em><strong><em><strong><em><strong><em><strong><em><strong><em><strong><em><strong><em><strong><em><strong><em><strong><em><strong><em><strong><em><strong><em><strong><em><strong><em><strong><em><strong><em><strong><em><strong><em><strong><em><strong><em><strong><em><strong><em><strong><em><strong><em><strong><em><strong><em><strong><em><strong><em><strong><em><strong><em><strong><em><strong><em><strong><em><strong><em><strong><em><strong><em><strong><em><strong><em><strong><em><strong><em><strong><em><strong><em><strong><em><strong><em><strong><em><strong><em><strong><em><strong><em><strong><em><strong><em><strong><em><strong><em><strong><em><strong><em><strong><em><strong><em><strong><em><strong><em><strong><em><strong><em><strong>Siga nossas redes sociais e\u00a0participe da nossa comunidade do Canal de noticias do Roni Paparazzi no Whatsapp e receba as principais not\u00edcias da regi\u00e3o de Ara\u00e7atuba do dia direto no seu celular siga nosso \u00a0<a href=\"https:\/\/www.instagram.com\/ronipaparazzi\/\">Instagram e\u00a0<\/a><a href=\"https:\/\/www.facebook.com\/ronipaparazzicomvoce\">Facebook<\/a><a href=\"https:\/\/chat.whatsapp.com\/GsG1XKo0jPOEfjzudWQcml\" target=\"_blank\" rel=\"noreferrer noopener\">\u00a0Clique aqui e se inscreva.<\/a><\/strong><\/em><\/strong><\/em><\/strong><\/em><\/strong><\/em><\/strong><\/em><\/strong><\/em><\/strong><\/em><\/strong><\/em><\/strong><\/em><\/strong><\/em><\/strong><\/em><\/strong><\/em><\/strong><\/em><\/strong><\/em><\/strong><\/em><\/strong><\/em><\/strong><\/em><\/strong><\/em><\/strong><\/em><\/strong><\/em><\/strong><\/em><\/strong><\/em><\/strong><\/em><\/strong><\/em><\/strong><\/em><\/strong><\/em><\/strong><\/em><\/strong><\/em><\/strong><\/em><\/strong><\/em><\/strong><\/em><\/strong><\/em><\/strong><\/em><\/strong><\/em><\/strong><\/em><\/strong><\/em><\/strong><\/em><\/strong><\/em><\/strong><\/em><\/strong><\/em><\/strong><\/em><\/strong><\/em><\/strong><\/em><\/strong><\/em><\/strong><\/em><\/strong><\/em><\/strong><\/em><\/strong><\/em><\/strong><\/em><\/strong><\/em><\/strong><\/em><\/strong><\/em><\/strong><\/em><\/strong><\/em><\/strong><\/em><\/strong><\/em><\/strong><\/em><\/strong><\/em><\/strong><\/em><\/strong><\/em><\/strong><\/em><\/strong><\/em><\/strong><\/em><\/strong><\/em><\/strong><\/em><\/strong><\/em><\/strong><\/em><\/strong><\/em><\/strong><\/em><\/strong><\/em><\/strong><\/em><\/strong><\/em><\/strong><\/em><\/strong><\/em><\/strong><\/em><\/strong><\/em><\/strong><\/em><\/strong><\/em><\/strong><\/em><\/strong><\/em><\/strong><\/em><\/strong><\/em><\/strong><\/em><\/strong><\/em><\/strong><\/em><\/strong><\/em><\/strong><\/em><\/strong><\/em><\/strong><\/em><\/strong><\/em><\/strong><\/em><\/strong><\/em><\/strong><\/em><\/strong><\/em><\/strong><\/em><\/strong><\/em><\/strong><\/em><\/strong><\/em><\/strong><\/em><\/strong><\/em><\/strong><\/em><\/strong><\/em><\/strong><\/em><\/strong><\/em><\/strong><\/em><\/strong><\/em><\/strong><\/em><\/strong><\/em><\/strong><\/em><\/strong><\/em><\/strong><\/em><\/strong><\/em><\/strong><\/em><\/strong><\/em><\/strong><\/em><\/strong><\/em><\/strong><\/em><\/strong><\/em><\/strong><\/em><\/strong><\/em><\/strong><\/em><\/strong><\/em><\/strong><\/em><\/strong><\/em><\/strong><\/em><\/strong><\/em><\/strong><\/em><\/strong><\/em><\/strong><\/em><\/strong><\/em><\/strong><\/em><\/strong><\/em><\/strong><\/em><\/strong><\/em><\/strong><\/em><\/strong><\/em><\/strong><\/em><\/strong><\/em><\/strong><\/em><\/strong><\/em><\/strong><\/em><\/strong><\/em><\/strong><\/em><\/strong><\/em><\/strong><\/em><\/strong><\/em><\/strong><\/em><\/strong><\/em><\/strong><\/em><\/strong><\/em><\/strong><\/em><\/strong><\/em><\/strong><\/em><\/strong><\/em><\/strong><\/em><\/strong><\/em><\/strong><\/em><\/strong><\/em><\/strong><\/em><\/strong><\/em><\/strong><\/em><\/strong><\/em><\/strong><\/em><\/strong><\/em><\/strong><\/em><\/strong><\/em><\/strong><\/em><\/strong><\/em><\/strong><\/em><\/strong><\/em><\/strong><\/em><\/strong><\/em><\/strong><\/em><\/strong><\/em><\/strong><\/em><\/strong><\/em><\/strong><\/em><\/strong><\/em><\/strong><\/em><\/strong><\/em><\/strong><\/em><\/strong><\/em><\/strong><\/em><\/strong><\/em><\/strong><\/em><\/strong><\/em><\/strong><\/em><\/strong><\/em><\/strong><\/em><\/strong><\/em><\/strong><\/em><\/strong><\/em><\/strong><\/em><\/strong><\/em><\/strong><\/em><\/strong><\/em><\/strong><\/em><\/strong><\/em><\/strong><\/em><\/strong><\/em><\/strong><\/em><\/strong><\/em><\/strong><\/em><\/strong><\/em><\/strong><\/em><\/strong><\/em><\/strong><\/em><\/strong><\/em><\/strong><\/em><\/strong><\/em><\/strong><\/em><\/strong><\/em><\/strong><\/em><\/strong><\/em><\/strong><\/em><\/strong><\/em><\/strong><\/em><\/strong><\/em><\/strong><\/em><\/strong><\/em><\/strong><\/em><\/strong><\/em><\/strong><\/em><\/strong><\/em><\/strong><\/em><\/strong><\/em><\/strong><\/em><\/strong><\/em><\/strong><\/em><\/strong><\/em><\/strong><\/em><\/strong><\/em><\/strong><\/em><\/strong><\/em><\/strong><\/em><\/strong><\/em><\/strong><\/em><\/strong><\/em><\/strong><\/em><\/strong><\/em><\/strong><\/em><\/strong><\/em><\/strong><\/em><\/strong><\/em><\/strong><\/em><\/strong><\/em><\/strong><\/em><\/strong><\/em><\/strong><\/em><\/strong><\/em><\/strong><\/p>\n","protected":false},"excerpt":{"rendered":"<p>O Brasil enfrenta um grave desafio na preven\u00e7\u00e3o e diagn\u00f3stico precoce do c\u00e2ncer de mama. Dados do Panorama do C\u00e2ncer de Mama revelam que menos de 24% das mulheres t\u00eam acesso ao exame de mamografia, n\u00famero bem abaixo dos 70% recomendados pela Organiza\u00e7\u00e3o Mundial da Sa\u00fade (OMS). Al\u00e9m disso, o estudo escancara disparidades raciais preocupantes: &hellip;<\/p>\n","protected":false},"author":1,"featured_media":18914,"comment_status":"open","ping_status":"open","sticky":false,"template":"","format":"standard","meta":{"_jetpack_memberships_contains_paid_content":false,"footnotes":"","jetpack_publicize_message":"","jetpack_publicize_feature_enabled":true,"jetpack_social_post_already_shared":true,"jetpack_social_options":{"image_generator_settings":{"template":"highway","default_image_id":0,"enabled":false},"version":2}},"categories":[4],"tags":[],"class_list":["post-18913","post","type-post","status-publish","format-standard","has-post-thumbnail","hentry","category-regiao"],"jetpack_publicize_connections":[],"jetpack_featured_media_url":"https:\/\/i0.wp.com\/www.paparazzinews.com.br\/wp-content\/uploads\/2025\/07\/mama-e1753730316352.jpg?fit=1000%2C667&ssl=1","views":"1637","jetpack_likes_enabled":true,"jetpack_sharing_enabled":true,"_links":{"self":[{"href":"https:\/\/www.paparazzinews.com.br\/index.php?rest_route=\/wp\/v2\/posts\/18913","targetHints":{"allow":["GET"]}}],"collection":[{"href":"https:\/\/www.paparazzinews.com.br\/index.php?rest_route=\/wp\/v2\/posts"}],"about":[{"href":"https:\/\/www.paparazzinews.com.br\/index.php?rest_route=\/wp\/v2\/types\/post"}],"author":[{"embeddable":true,"href":"https:\/\/www.paparazzinews.com.br\/index.php?rest_route=\/wp\/v2\/users\/1"}],"replies":[{"embeddable":true,"href":"https:\/\/www.paparazzinews.com.br\/index.php?rest_route=%2Fwp%2Fv2%2Fcomments&post=18913"}],"version-history":[{"count":1,"href":"https:\/\/www.paparazzinews.com.br\/index.php?rest_route=\/wp\/v2\/posts\/18913\/revisions"}],"predecessor-version":[{"id":18915,"href":"https:\/\/www.paparazzinews.com.br\/index.php?rest_route=\/wp\/v2\/posts\/18913\/revisions\/18915"}],"wp:featuredmedia":[{"embeddable":true,"href":"https:\/\/www.paparazzinews.com.br\/index.php?rest_route=\/wp\/v2\/media\/18914"}],"wp:attachment":[{"href":"https:\/\/www.paparazzinews.com.br\/index.php?rest_route=%2Fwp%2Fv2%2Fmedia&parent=18913"}],"wp:term":[{"taxonomy":"category","embeddable":true,"href":"https:\/\/www.paparazzinews.com.br\/index.php?rest_route=%2Fwp%2Fv2%2Fcategories&post=18913"},{"taxonomy":"post_tag","embeddable":true,"href":"https:\/\/www.paparazzinews.com.br\/index.php?rest_route=%2Fwp%2Fv2%2Ftags&post=18913"}],"curies":[{"name":"wp","href":"https:\/\/api.w.org\/{rel}","templated":true}]}}