{"id":18891,"date":"2025-07-21T17:45:58","date_gmt":"2025-07-21T20:45:58","guid":{"rendered":"https:\/\/www.paparazzinews.com.br\/?p=18891"},"modified":"2025-07-21T17:46:01","modified_gmt":"2025-07-21T20:46:01","slug":"praca-do-vento-passa-a-se-chamar-praca-maria-gorete-de-assis-em-homenagem-postuma","status":"publish","type":"post","link":"https:\/\/www.paparazzinews.com.br\/?p=18891","title":{"rendered":"Pra\u00e7a do Vento passa a se chamar Pra\u00e7a Maria Gorete de Assis em homenagem p\u00f3stuma"},"content":{"rendered":"\n<p><strong>Castilho, 18 de julho de 2025<\/strong> \u2013 Em cerim\u00f4nia realizada na \u00faltima sexta-feira, 18, a Pra\u00e7a do Vento, localizada no bairro Le\u00e3o 1, recebeu o novo nome de Pra\u00e7a Maria Gorete de Assis, em homenagem \u00e0 castilhense que faleceu em 2024.<\/p>\n\n\n\n<p>A mudan\u00e7a foi oficializada pelo prefeito Paulo Boaventura, que, durante o evento, contou com a emocionante presen\u00e7a de Edson Assis, filho ca\u00e7ula da homenageada. O dia teve um significado duplo: Edson completou anos em 17 de julho e recebeu, como presente, a nomea\u00e7\u00e3o da pra\u00e7a em tributo \u00e0 dedica\u00e7\u00e3o da m\u00e3e.<\/p>\n\n\n\n<h3 class=\"wp-block-heading\">\ud83d\udcac Depoimento emocionado do filho<\/h3>\n\n\n\n<p>Edson compartilhou sua gratid\u00e3o:<\/p>\n\n\n\n<blockquote class=\"wp-block-quote is-layout-flow wp-block-quote-is-layout-flow\">\n<p>\u201cSou muito grato ao prefeito Paulo que atendeu ao pedido da fam\u00edlia. Pois no dia do vel\u00f3rio dela eu j\u00e1 tinha solicitado a ele para colocar o nome de minha m\u00e3e na pra\u00e7a.\u201d<\/p>\n<\/blockquote>\n\n\n\n<p>Ele relembrou que a escolha do local foi particularmente tocante, pois Maria Gorete morava em frente \u00e0 pra\u00e7a e cuidava dela com carinho, zelando pela limpeza e impedindo atos de vandalismo:<\/p>\n\n\n\n<blockquote class=\"wp-block-quote is-layout-flow wp-block-quote-is-layout-flow\">\n<p>\u201cEra um dos locais preferidos dela nos fins de tarde.\u201d<\/p>\n<\/blockquote>\n\n\n\n<h3 class=\"wp-block-heading\">\ud83c\udfdb Envolvimento institucional<\/h3>\n\n\n\n<p>O projeto para renomear a pra\u00e7a tamb\u00e9m foi apresentado na C\u00e2mara pelo vereador Ademar On\u00f3rio, o popular Lorinho. Ele destacou a atua\u00e7\u00e3o volunt\u00e1ria de Maria Gorete no bairro, onde morava na rua Cirilo Eleuterio de Souza, n\u00ba 120.<\/p>\n\n\n\n<h3 class=\"wp-block-heading\">\ud83d\udc69\u200d\ud83e\uddb3 Vida e legado de Maria Gorete de Assis<\/h3>\n\n\n\n<ul class=\"wp-block-list\">\n<li><strong>Nascimento:<\/strong> 1954, em Cajazeiras (PB)<\/li>\n\n\n\n<li><strong>Casada com:<\/strong> Ant\u00f4nio Rodrigues de Freitas<\/li>\n\n\n\n<li><strong>Filhos:<\/strong> Rejanea, Reginaldo, Regil\u00e2nia (in memoriam) e Edson<\/li>\n\n\n\n<li><strong>Chegada a Castilho:<\/strong> 1989, ap\u00f3s residir em v\u00e1rios estados<\/li>\n\n\n\n<li><strong>Atua\u00e7\u00e3o:<\/strong> Participante ativa em atividades da Terceira Idade, incluindo bailes e dan\u00e7as regionais<\/li>\n\n\n\n<li><strong>Pandemia:<\/strong> Mudou-se temporariamente para S\u00e3o Paulo em 2021, para apoiar os filhos e cuidar da sa\u00fade, mantendo contato com a comunidade local<\/li>\n\n\n\n<li><strong>Falecimento:<\/strong> 30 de mar\u00e7o de 2024, deixando uma saudosa lembran\u00e7a e desejo de retornar \u00e0 cidade<\/li>\n<\/ul>\n\n\n\n<h3 class=\"wp-block-heading\">\ud83c\udf1f Legado comunit\u00e1rio<\/h3>\n\n\n\n<p>Maria Gorete dedicava-se ao cuidado da pra\u00e7a e \u00e0 intera\u00e7\u00e3o com os moradores idosos, sendo refer\u00eancia de gentileza, amizade e zelo comunit\u00e1rio. A rebatiza\u00e7\u00e3o do espa\u00e7o homenageia essa hist\u00f3ria de amor ao bairro e \u00e0 cidade.<\/p>\n\n\n\n<hr class=\"wp-block-separator has-alpha-channel-opacity\"\/>\n\n\n\n<p>A Pra\u00e7a Maria Gorete de Assis passa a eternizar um exemplo de cidadania e carinho pela comunidade, refor\u00e7ando o compromisso de Castilho com a valoriza\u00e7\u00e3o de seus cidad\u00e3os e as hist\u00f3rias que constroem a identidade local.<\/p>\n\n\n\n<p><strong><em><strong><em><strong><em><strong><em><strong><em><strong><em><strong><em><strong><em><strong><em><strong><em><strong><em><strong><em><strong><em><strong><em><strong><em><strong><em><strong><em><strong><em><strong><em><strong><em><strong><em><strong><em><strong><em><strong><em><strong><em><strong><em><strong><em><strong><em><strong><em><strong><em><strong><em><strong><em><strong><em><strong><em><strong><em><strong><em><strong><em><strong><em><strong><em><strong><em><strong><em><strong><em><strong><em><strong><em><strong><em><strong><em><strong><em><strong><em><strong><em><strong><em><strong><em><strong><em><strong><em><strong><em><strong><em><strong><em><strong><em><strong><em><strong><em><strong><em><strong><em><strong><em><strong><em><strong><em><strong><em><strong><em><strong><em><strong><em><strong><em><strong><em><strong><em><strong><em><strong><em><strong><em><strong><em><strong><em><strong><em><strong><em><strong><em><strong><em><strong><em><strong><em><strong><em><strong><em><strong><em><strong><em><strong><em><strong><em><strong><em><strong><em><strong><em><strong><em><strong><em><strong><em><strong><em><strong><em><strong><em><strong><em><strong><em><strong><em><strong><em><strong><em><strong><em><strong><em><strong><em><strong><em><strong><em><strong><em><strong><em><strong><em><strong><em><strong><em><strong><em><strong><em><strong><em><strong><em><strong><em><strong><em><strong><em><strong><em><strong><em><strong><em><strong><em><strong><em><strong><em><strong><em><strong><em><strong><em><strong><em><strong><em><strong><em><strong><em><strong><em><strong><em><strong><em><strong><em><strong><em><strong><em><strong><em><strong><em><strong><em><strong><em><strong><em><strong><em><strong><em><strong><em><strong><em><strong><em><strong><em><strong><em><strong><em><strong><em><strong><em><strong><em><strong><em><strong><em><strong><em><strong><em><strong><em><strong><em><strong><em><strong><em><strong><em><strong><em><strong><em><strong><em><strong><em><strong><em><strong><em><strong><em><strong><em><strong><em><strong><em><strong><em><strong><em><strong><em><strong><em><strong><em><strong><em><strong><em><strong><em><strong><em><strong><em><strong><em><strong><em><strong><em><strong><em><strong><em><strong><em><strong><em><strong><em><strong><em><strong><em><strong><em><strong><em><strong><em><strong><em><strong><em><strong><em><strong><em><strong><em><strong><em><strong><em><strong><em><strong><em><strong><em><strong><em><strong><em><strong><em><strong><em><strong><em><strong><em><strong><em><strong><em><strong><em><strong><em><strong><em><strong><em><strong><em><strong><em><strong><em><strong><em><strong><em><strong><em><strong><em><strong><em><strong><em><strong><em><strong><em><strong><em><strong><em><strong><em><strong><em><strong><em><strong><em><strong><em><strong><em><strong><em><strong><em><strong><em><strong><em><strong><em><strong><em><strong><em><strong><em><strong><em><strong><em><strong><em><strong><em><strong><em><strong>Siga nossas redes sociais e\u00a0participe da nossa comunidade do Canal de noticias do Roni Paparazzi no Whatsapp e receba as principais not\u00edcias da regi\u00e3o de Ara\u00e7atuba do dia direto no seu celular siga nosso \u00a0<a href=\"https:\/\/www.instagram.com\/ronipaparazzi\/\">Instagram e\u00a0<\/a><a href=\"https:\/\/www.facebook.com\/ronipaparazzicomvoce\">Facebook<\/a><a href=\"https:\/\/chat.whatsapp.com\/GsG1XKo0jPOEfjzudWQcml\" target=\"_blank\" rel=\"noreferrer noopener\">\u00a0Clique aqui e se inscreva.<\/a><\/strong><\/em><\/strong><\/em><\/strong><\/em><\/strong><\/em><\/strong><\/em><\/strong><\/em><\/strong><\/em><\/strong><\/em><\/strong><\/em><\/strong><\/em><\/strong><\/em><\/strong><\/em><\/strong><\/em><\/strong><\/em><\/strong><\/em><\/strong><\/em><\/strong><\/em><\/strong><\/em><\/strong><\/em><\/strong><\/em><\/strong><\/em><\/strong><\/em><\/strong><\/em><\/strong><\/em><\/strong><\/em><\/strong><\/em><\/strong><\/em><\/strong><\/em><\/strong><\/em><\/strong><\/em><\/strong><\/em><\/strong><\/em><\/strong><\/em><\/strong><\/em><\/strong><\/em><\/strong><\/em><\/strong><\/em><\/strong><\/em><\/strong><\/em><\/strong><\/em><\/strong><\/em><\/strong><\/em><\/strong><\/em><\/strong><\/em><\/strong><\/em><\/strong><\/em><\/strong><\/em><\/strong><\/em><\/strong><\/em><\/strong><\/em><\/strong><\/em><\/strong><\/em><\/strong><\/em><\/strong><\/em><\/strong><\/em><\/strong><\/em><\/strong><\/em><\/strong><\/em><\/strong><\/em><\/strong><\/em><\/strong><\/em><\/strong><\/em><\/strong><\/em><\/strong><\/em><\/strong><\/em><\/strong><\/em><\/strong><\/em><\/strong><\/em><\/strong><\/em><\/strong><\/em><\/strong><\/em><\/strong><\/em><\/strong><\/em><\/strong><\/em><\/strong><\/em><\/strong><\/em><\/strong><\/em><\/strong><\/em><\/strong><\/em><\/strong><\/em><\/strong><\/em><\/strong><\/em><\/strong><\/em><\/strong><\/em><\/strong><\/em><\/strong><\/em><\/strong><\/em><\/strong><\/em><\/strong><\/em><\/strong><\/em><\/strong><\/em><\/strong><\/em><\/strong><\/em><\/strong><\/em><\/strong><\/em><\/strong><\/em><\/strong><\/em><\/strong><\/em><\/strong><\/em><\/strong><\/em><\/strong><\/em><\/strong><\/em><\/strong><\/em><\/strong><\/em><\/strong><\/em><\/strong><\/em><\/strong><\/em><\/strong><\/em><\/strong><\/em><\/strong><\/em><\/strong><\/em><\/strong><\/em><\/strong><\/em><\/strong><\/em><\/strong><\/em><\/strong><\/em><\/strong><\/em><\/strong><\/em><\/strong><\/em><\/strong><\/em><\/strong><\/em><\/strong><\/em><\/strong><\/em><\/strong><\/em><\/strong><\/em><\/strong><\/em><\/strong><\/em><\/strong><\/em><\/strong><\/em><\/strong><\/em><\/strong><\/em><\/strong><\/em><\/strong><\/em><\/strong><\/em><\/strong><\/em><\/strong><\/em><\/strong><\/em><\/strong><\/em><\/strong><\/em><\/strong><\/em><\/strong><\/em><\/strong><\/em><\/strong><\/em><\/strong><\/em><\/strong><\/em><\/strong><\/em><\/strong><\/em><\/strong><\/em><\/strong><\/em><\/strong><\/em><\/strong><\/em><\/strong><\/em><\/strong><\/em><\/strong><\/em><\/strong><\/em><\/strong><\/em><\/strong><\/em><\/strong><\/em><\/strong><\/em><\/strong><\/em><\/strong><\/em><\/strong><\/em><\/strong><\/em><\/strong><\/em><\/strong><\/em><\/strong><\/em><\/strong><\/em><\/strong><\/em><\/strong><\/em><\/strong><\/em><\/strong><\/em><\/strong><\/em><\/strong><\/em><\/strong><\/em><\/strong><\/em><\/strong><\/em><\/strong><\/em><\/strong><\/em><\/strong><\/em><\/strong><\/em><\/strong><\/em><\/strong><\/em><\/strong><\/em><\/strong><\/em><\/strong><\/em><\/strong><\/em><\/strong><\/em><\/strong><\/em><\/strong><\/em><\/strong><\/em><\/strong><\/em><\/strong><\/em><\/strong><\/em><\/strong><\/em><\/strong><\/em><\/strong><\/em><\/strong><\/em><\/strong><\/em><\/strong><\/em><\/strong><\/em><\/strong><\/em><\/strong><\/em><\/strong><\/em><\/strong><\/em><\/strong><\/em><\/strong><\/em><\/strong><\/em><\/strong><\/em><\/strong><\/em><\/strong><\/em><\/strong><\/em><\/strong><\/em><\/strong><\/em><\/strong><\/em><\/strong><\/em><\/strong><\/em><\/strong><\/em><\/strong><\/em><\/strong><\/em><\/strong><\/em><\/strong><\/em><\/strong><\/em><\/strong><\/em><\/strong><\/em><\/strong><\/em><\/strong><\/em><\/strong><\/em><\/strong><\/em><\/strong><\/em><\/strong><\/em><\/strong><\/em><\/strong><\/em><\/strong><\/em><\/strong><\/em><\/strong><\/em><\/strong><\/em><\/strong><\/em><\/strong><\/em><\/strong><\/em><\/strong><\/em><\/strong><\/em><\/strong><\/em><\/strong><\/em><\/strong><\/em><\/strong><\/em><\/strong><\/em><\/strong><\/em><\/strong><\/em><\/strong><\/em><\/strong><\/em><\/strong><\/p>\n","protected":false},"excerpt":{"rendered":"<p>Castilho, 18 de julho de 2025 \u2013 Em cerim\u00f4nia realizada na \u00faltima sexta-feira, 18, a Pra\u00e7a do Vento, localizada no bairro Le\u00e3o 1, recebeu o novo nome de Pra\u00e7a Maria Gorete de Assis, em homenagem \u00e0 castilhense que faleceu em 2024. A mudan\u00e7a foi oficializada pelo prefeito Paulo Boaventura, que, durante o evento, contou com &hellip;<\/p>\n","protected":false},"author":1,"featured_media":18892,"comment_status":"open","ping_status":"open","sticky":false,"template":"","format":"standard","meta":{"_jetpack_memberships_contains_paid_content":false,"footnotes":"","jetpack_publicize_message":"","jetpack_publicize_feature_enabled":true,"jetpack_social_post_already_shared":true,"jetpack_social_options":{"image_generator_settings":{"template":"highway","default_image_id":0,"enabled":false},"version":2}},"categories":[4],"tags":[],"class_list":["post-18891","post","type-post","status-publish","format-standard","has-post-thumbnail","hentry","category-regiao"],"jetpack_publicize_connections":[],"jetpack_featured_media_url":"https:\/\/i0.wp.com\/www.paparazzinews.com.br\/wp-content\/uploads\/2025\/07\/89ceae8f-5e50-4d68-be9a-89941adfc7c8-e1753130745993.jpeg?fit=1000%2C562&ssl=1","views":"2128","jetpack_likes_enabled":true,"jetpack_sharing_enabled":true,"_links":{"self":[{"href":"https:\/\/www.paparazzinews.com.br\/index.php?rest_route=\/wp\/v2\/posts\/18891","targetHints":{"allow":["GET"]}}],"collection":[{"href":"https:\/\/www.paparazzinews.com.br\/index.php?rest_route=\/wp\/v2\/posts"}],"about":[{"href":"https:\/\/www.paparazzinews.com.br\/index.php?rest_route=\/wp\/v2\/types\/post"}],"author":[{"embeddable":true,"href":"https:\/\/www.paparazzinews.com.br\/index.php?rest_route=\/wp\/v2\/users\/1"}],"replies":[{"embeddable":true,"href":"https:\/\/www.paparazzinews.com.br\/index.php?rest_route=%2Fwp%2Fv2%2Fcomments&post=18891"}],"version-history":[{"count":1,"href":"https:\/\/www.paparazzinews.com.br\/index.php?rest_route=\/wp\/v2\/posts\/18891\/revisions"}],"predecessor-version":[{"id":18893,"href":"https:\/\/www.paparazzinews.com.br\/index.php?rest_route=\/wp\/v2\/posts\/18891\/revisions\/18893"}],"wp:featuredmedia":[{"embeddable":true,"href":"https:\/\/www.paparazzinews.com.br\/index.php?rest_route=\/wp\/v2\/media\/18892"}],"wp:attachment":[{"href":"https:\/\/www.paparazzinews.com.br\/index.php?rest_route=%2Fwp%2Fv2%2Fmedia&parent=18891"}],"wp:term":[{"taxonomy":"category","embeddable":true,"href":"https:\/\/www.paparazzinews.com.br\/index.php?rest_route=%2Fwp%2Fv2%2Fcategories&post=18891"},{"taxonomy":"post_tag","embeddable":true,"href":"https:\/\/www.paparazzinews.com.br\/index.php?rest_route=%2Fwp%2Fv2%2Ftags&post=18891"}],"curies":[{"name":"wp","href":"https:\/\/api.w.org\/{rel}","templated":true}]}}