{"id":18879,"date":"2025-07-21T16:49:33","date_gmt":"2025-07-21T19:49:33","guid":{"rendered":"https:\/\/www.paparazzinews.com.br\/?p=18879"},"modified":"2025-07-21T16:49:36","modified_gmt":"2025-07-21T19:49:36","slug":"aracatuba-registra-queda-drastica-nos-casos-de-dengue","status":"publish","type":"post","link":"https:\/\/www.paparazzinews.com.br\/?p=18879","title":{"rendered":"Ara\u00e7atuba registra queda dr\u00e1stica nos casos de dengue"},"content":{"rendered":"\n<p><strong>Ara\u00e7atuba, 21 de julho de 2025<\/strong> \u2013 A Secretaria Municipal de Sa\u00fade de Ara\u00e7atuba divulgou que houve uma redu\u00e7\u00e3o de <strong>97,6%<\/strong> no n\u00famero de casos positivos de dengue em junho, comparado a janeiro. O boletim divulgado na sexta-feira (18) aponta:<\/p>\n\n\n\n<ul class=\"wp-block-list\">\n<li><strong>Janeiro:<\/strong> 5.209 casos<\/li>\n\n\n\n<li><strong>Fevereiro:<\/strong> 3.171<\/li>\n\n\n\n<li><strong>Mar\u00e7o:<\/strong> 1.026<\/li>\n\n\n\n<li><strong>Abril:<\/strong> 389<\/li>\n\n\n\n<li><strong>Maio:<\/strong> 301<\/li>\n\n\n\n<li><strong>Junho:<\/strong> 125<\/li>\n\n\n\n<li><strong>Julho (at\u00e9 o momento):<\/strong> 18<\/li>\n<\/ul>\n\n\n\n<p>Desde o in\u00edcio de 2025, <strong>10.239 pessoas<\/strong> foram infectadas, com <strong>9 mortes<\/strong> confirmadas por complica\u00e7\u00f5es da doen\u00e7a. Al\u00e9m disso, foram descartados <strong>19.278<\/strong> casos, <strong>27 continuam em investiga\u00e7\u00e3o<\/strong>, totalizando <strong>29.544 notifica\u00e7\u00f5es<\/strong>. A cidade tamb\u00e9m registrou <strong>39 casos de chikungunya<\/strong> e nenhum de zika.<\/p>\n\n\n\n<h3 class=\"wp-block-heading\">\ud83d\udd0d Situa\u00e7\u00e3o ainda preocupante<\/h3>\n\n\n\n<p>Apesar da queda nos casos, Ara\u00e7atuba permanece em alerta. O \u00edndice de infesta\u00e7\u00e3o por Aedes aegypti, medido pelo LIRAa, est\u00e1 em <strong>2,17%<\/strong>, acima do considerado seguro, indicando risco de reintrodu\u00e7\u00e3o da doen\u00e7a.<\/p>\n\n\n\n<h3 class=\"wp-block-heading\">\ud83d\udee0 Medidas adotadas<\/h3>\n\n\n\n<p>A Prefeitura intensificou as a\u00e7\u00f5es contra a dengue com:<\/p>\n\n\n\n<ol class=\"wp-block-list\">\n<li><strong>Visitas domiciliares<\/strong>:\n<ul class=\"wp-block-list\">\n<li><strong>144.180<\/strong> visitas realizadas por agentes de sa\u00fade no primeiro semestre, com foco na elimina\u00e7\u00e3o de focos, aplica\u00e7\u00e3o de larvicida e nebuliza\u00e7\u00e3o.<\/li>\n<\/ul>\n<\/li>\n\n\n\n<li><strong>Limpeza urbana<\/strong>:\n<ul class=\"wp-block-list\">\n<li>Recolhimento de <strong>3.300 toneladas<\/strong> de res\u00edduos inserv\u00edveis.<\/li>\n<\/ul>\n<\/li>\n\n\n\n<li><strong>Vistorias em im\u00f3veis fechados<\/strong>:\n<ul class=\"wp-block-list\">\n<li>Realizadas em parceria com o Conselho Regional de Corretores de Im\u00f3veis.<\/li>\n<\/ul>\n<\/li>\n<\/ol>\n\n\n\n<h3 class=\"wp-block-heading\">\ud83d\udce2 Alerta \u00e0 popula\u00e7\u00e3o<\/h3>\n\n\n\n<p>A diretora da Vigil\u00e2ncia Sanit\u00e1ria e Epidemiol\u00f3gica, <strong>Priscila Cestaro<\/strong>, refor\u00e7a que, mesmo com a queda, a colabora\u00e7\u00e3o dos moradores segue essencial:<\/p>\n\n\n\n<blockquote class=\"wp-block-quote is-layout-flow wp-block-quote-is-layout-flow\">\n<p>\u201cSeguimos com bloqueios, nebuliza\u00e7\u00e3o e orienta\u00e7\u00f5es educativas, mas precisamos muito do apoio da popula\u00e7\u00e3o para que os casos n\u00e3o voltem a subir. O cuidado deve ser de todos.\u201d<\/p>\n<\/blockquote>\n\n\n\n<p>Moradores devem eliminar \u00e1gua parada diariamente e manter recipientes limpos, para evitar a reprodu\u00e7\u00e3o do mosquito.<\/p>\n\n\n\n<h3 class=\"wp-block-heading\">\ud83d\udc89 Vacina\u00e7\u00e3o<\/h3>\n\n\n\n<p>A imuniza\u00e7\u00e3o est\u00e1 dispon\u00edvel para crian\u00e7as e adolescentes entre <strong>10 e 14 anos<\/strong>. O esquema inclui duas doses, com intervalo de tr\u00eas meses. At\u00e9 agora:<\/p>\n\n\n\n<ul class=\"wp-block-list\">\n<li><strong>41,9%<\/strong> do p\u00fablico-alvo tomou a primeira dose.<\/li>\n\n\n\n<li><strong>9,9%<\/strong> j\u00e1 completaram o esquema com a segunda dose.<\/li>\n<\/ul>\n\n\n\n<p>Hor\u00e1rios de vacina\u00e7\u00e3o nas UBSs:<\/p>\n\n\n\n<ul class=\"wp-block-list\">\n<li><strong>Segunda a sexta:<\/strong> 7h \u00e0s 19h<\/li>\n\n\n\n<li><strong>UBSs Morada dos Nobres, Planalto e Umuarama 2:<\/strong> atendimento at\u00e9 \u00e0s 22h<\/li>\n\n\n\n<li><strong>Finais de semana:<\/strong> Morada dos Nobres e Umuarama 2, das 8h \u00e0s 17h<\/li>\n<\/ul>\n\n\n\n<hr class=\"wp-block-separator has-alpha-channel-opacity\"\/>\n\n\n\n<h3 class=\"wp-block-heading\">\u2705 Resumo dos dados<\/h3>\n\n\n\n<figure class=\"wp-block-table\"><table class=\"has-fixed-layout\"><thead><tr><th>Indicador<\/th><th>Quantidade<\/th><\/tr><\/thead><tbody><tr><td><strong>Casos confirmados (at\u00e9 junho)<\/strong><\/td><td>10.239<\/td><\/tr><tr><td><strong>\u00d3bitos por dengue<\/strong><\/td><td>9<\/td><\/tr><tr><td><strong>Notifica\u00e7\u00f5es totais<\/strong><\/td><td>29.544<\/td><\/tr><tr><td><strong>Infesta\u00e7\u00e3o (LIRAa)<\/strong><\/td><td>2,17%<\/td><\/tr><tr><td><strong>Visitas domiciliares<\/strong><\/td><td>144.180<\/td><\/tr><tr><td><strong>Res\u00edduos recolhidos<\/strong><\/td><td>3.300 t<\/td><\/tr><tr><td><strong>Casos de chikungunya<\/strong><\/td><td>39<\/td><\/tr><tr><td><strong>Cobertura vacinal (1\u00aa dose)<\/strong><\/td><td>41,9%<\/td><\/tr><tr><td><strong>Cobertura vacinal (2\u00aa dose)<\/strong><\/td><td>9,9%<\/td><\/tr><\/tbody><\/table><\/figure>\n\n\n\n<hr class=\"wp-block-separator has-alpha-channel-opacity\"\/>\n\n\n\n<p>Apesar do recuo expressivo nos n\u00fameros, o alerta permanece. A Prefeitura refor\u00e7a a necessidade da participa\u00e7\u00e3o de toda a popula\u00e7\u00e3o no combate di\u00e1rio ao mosquito para evitar nova epidemia.<\/p>\n\n\n\n<p><strong><em><strong><em><strong><em><strong><em><strong><em><strong><em><strong><em><strong><em><strong><em><strong><em><strong><em><strong><em><strong><em><strong><em><strong><em><strong><em><strong><em><strong><em><strong><em><strong><em><strong><em><strong><em><strong><em><strong><em><strong><em><strong><em><strong><em><strong><em><strong><em><strong><em><strong><em><strong><em><strong><em><strong><em><strong><em><strong><em><strong><em><strong><em><strong><em><strong><em><strong><em><strong><em><strong><em><strong><em><strong><em><strong><em><strong><em><strong><em><strong><em><strong><em><strong><em><strong><em><strong><em><strong><em><strong><em><strong><em><strong><em><strong><em><strong><em><strong><em><strong><em><strong><em><strong><em><strong><em><strong><em><strong><em><strong><em><strong><em><strong><em><strong><em><strong><em><strong><em><strong><em><strong><em><strong><em><strong><em><strong><em><strong><em><strong><em><strong><em><strong><em><strong><em><strong><em><strong><em><strong><em><strong><em><strong><em><strong><em><strong><em><strong><em><strong><em><strong><em><strong><em><strong><em><strong><em><strong><em><strong><em><strong><em><strong><em><strong><em><strong><em><strong><em><strong><em><strong><em><strong><em><strong><em><strong><em><strong><em><strong><em><strong><em><strong><em><strong><em><strong><em><strong><em><strong><em><strong><em><strong><em><strong><em><strong><em><strong><em><strong><em><strong><em><strong><em><strong><em><strong><em><strong><em><strong><em><strong><em><strong><em><strong><em><strong><em><strong><em><strong><em><strong><em><strong><em><strong><em><strong><em><strong><em><strong><em><strong><em><strong><em><strong><em><strong><em><strong><em><strong><em><strong><em><strong><em><strong><em><strong><em><strong><em><strong><em><strong><em><strong><em><strong><em><strong><em><strong><em><strong><em><strong><em><strong><em><strong><em><strong><em><strong><em><strong><em><strong><em><strong><em><strong><em><strong><em><strong><em><strong><em><strong><em><strong><em><strong><em><strong><em><strong><em><strong><em><strong><em><strong><em><strong><em><strong><em><strong><em><strong><em><strong><em><strong><em><strong><em><strong><em><strong><em><strong><em><strong><em><strong><em><strong><em><strong><em><strong><em><strong><em><strong><em><strong><em><strong><em><strong><em><strong><em><strong><em><strong><em><strong><em><strong><em><strong><em><strong><em><strong><em><strong><em><strong><em><strong><em><strong><em><strong><em><strong><em><strong><em><strong><em><strong><em><strong><em><strong><em><strong><em><strong><em><strong><em><strong><em><strong><em><strong><em><strong><em><strong><em><strong><em><strong><em><strong><em><strong><em><strong><em><strong><em><strong><em><strong><em><strong><em><strong><em><strong><em><strong><em><strong><em><strong><em><strong><em><strong><em><strong><em><strong><em><strong><em><strong><em><strong><em><strong><em><strong><em><strong><em><strong><em><strong><em><strong>Siga nossas redes sociais e\u00a0participe da nossa comunidade do Canal de noticias do Roni Paparazzi no Whatsapp e receba as principais not\u00edcias da regi\u00e3o de Ara\u00e7atuba do dia direto no seu celular siga nosso \u00a0<a href=\"https:\/\/www.instagram.com\/ronipaparazzi\/\">Instagram e\u00a0<\/a><a href=\"https:\/\/www.facebook.com\/ronipaparazzicomvoce\">Facebook<\/a><a href=\"https:\/\/chat.whatsapp.com\/GsG1XKo0jPOEfjzudWQcml\" target=\"_blank\" rel=\"noreferrer noopener\">\u00a0Clique aqui e se inscreva.<\/a><\/strong><\/em><\/strong><\/em><\/strong><\/em><\/strong><\/em><\/strong><\/em><\/strong><\/em><\/strong><\/em><\/strong><\/em><\/strong><\/em><\/strong><\/em><\/strong><\/em><\/strong><\/em><\/strong><\/em><\/strong><\/em><\/strong><\/em><\/strong><\/em><\/strong><\/em><\/strong><\/em><\/strong><\/em><\/strong><\/em><\/strong><\/em><\/strong><\/em><\/strong><\/em><\/strong><\/em><\/strong><\/em><\/strong><\/em><\/strong><\/em><\/strong><\/em><\/strong><\/em><\/strong><\/em><\/strong><\/em><\/strong><\/em><\/strong><\/em><\/strong><\/em><\/strong><\/em><\/strong><\/em><\/strong><\/em><\/strong><\/em><\/strong><\/em><\/strong><\/em><\/strong><\/em><\/strong><\/em><\/strong><\/em><\/strong><\/em><\/strong><\/em><\/strong><\/em><\/strong><\/em><\/strong><\/em><\/strong><\/em><\/strong><\/em><\/strong><\/em><\/strong><\/em><\/strong><\/em><\/strong><\/em><\/strong><\/em><\/strong><\/em><\/strong><\/em><\/strong><\/em><\/strong><\/em><\/strong><\/em><\/strong><\/em><\/strong><\/em><\/strong><\/em><\/strong><\/em><\/strong><\/em><\/strong><\/em><\/strong><\/em><\/strong><\/em><\/strong><\/em><\/strong><\/em><\/strong><\/em><\/strong><\/em><\/strong><\/em><\/strong><\/em><\/strong><\/em><\/strong><\/em><\/strong><\/em><\/strong><\/em><\/strong><\/em><\/strong><\/em><\/strong><\/em><\/strong><\/em><\/strong><\/em><\/strong><\/em><\/strong><\/em><\/strong><\/em><\/strong><\/em><\/strong><\/em><\/strong><\/em><\/strong><\/em><\/strong><\/em><\/strong><\/em><\/strong><\/em><\/strong><\/em><\/strong><\/em><\/strong><\/em><\/strong><\/em><\/strong><\/em><\/strong><\/em><\/strong><\/em><\/strong><\/em><\/strong><\/em><\/strong><\/em><\/strong><\/em><\/strong><\/em><\/strong><\/em><\/strong><\/em><\/strong><\/em><\/strong><\/em><\/strong><\/em><\/strong><\/em><\/strong><\/em><\/strong><\/em><\/strong><\/em><\/strong><\/em><\/strong><\/em><\/strong><\/em><\/strong><\/em><\/strong><\/em><\/strong><\/em><\/strong><\/em><\/strong><\/em><\/strong><\/em><\/strong><\/em><\/strong><\/em><\/strong><\/em><\/strong><\/em><\/strong><\/em><\/strong><\/em><\/strong><\/em><\/strong><\/em><\/strong><\/em><\/strong><\/em><\/strong><\/em><\/strong><\/em><\/strong><\/em><\/strong><\/em><\/strong><\/em><\/strong><\/em><\/strong><\/em><\/strong><\/em><\/strong><\/em><\/strong><\/em><\/strong><\/em><\/strong><\/em><\/strong><\/em><\/strong><\/em><\/strong><\/em><\/strong><\/em><\/strong><\/em><\/strong><\/em><\/strong><\/em><\/strong><\/em><\/strong><\/em><\/strong><\/em><\/strong><\/em><\/strong><\/em><\/strong><\/em><\/strong><\/em><\/strong><\/em><\/strong><\/em><\/strong><\/em><\/strong><\/em><\/strong><\/em><\/strong><\/em><\/strong><\/em><\/strong><\/em><\/strong><\/em><\/strong><\/em><\/strong><\/em><\/strong><\/em><\/strong><\/em><\/strong><\/em><\/strong><\/em><\/strong><\/em><\/strong><\/em><\/strong><\/em><\/strong><\/em><\/strong><\/em><\/strong><\/em><\/strong><\/em><\/strong><\/em><\/strong><\/em><\/strong><\/em><\/strong><\/em><\/strong><\/em><\/strong><\/em><\/strong><\/em><\/strong><\/em><\/strong><\/em><\/strong><\/em><\/strong><\/em><\/strong><\/em><\/strong><\/em><\/strong><\/em><\/strong><\/em><\/strong><\/em><\/strong><\/em><\/strong><\/em><\/strong><\/em><\/strong><\/em><\/strong><\/em><\/strong><\/em><\/strong><\/em><\/strong><\/em><\/strong><\/em><\/strong><\/em><\/strong><\/em><\/strong><\/em><\/strong><\/em><\/strong><\/em><\/strong><\/em><\/strong><\/em><\/strong><\/em><\/strong><\/em><\/strong><\/em><\/strong><\/em><\/strong><\/em><\/strong><\/em><\/strong><\/em><\/strong><\/em><\/strong><\/em><\/strong><\/em><\/strong><\/em><\/strong><\/em><\/strong><\/em><\/strong><\/em><\/strong><\/em><\/strong><\/em><\/strong><\/em><\/strong><\/em><\/strong><\/em><\/strong><\/em><\/strong><\/em><\/strong><\/em><\/strong><\/em><\/strong><\/em><\/strong><\/em><\/strong><\/em><\/strong><\/em><\/strong><\/em><\/strong><\/em><\/strong><\/em><\/strong><\/em><\/strong><\/em><\/strong><\/em><\/strong><\/em><\/strong><\/em><\/strong><\/em><\/strong><\/em><\/strong><\/p>\n","protected":false},"excerpt":{"rendered":"<p>Ara\u00e7atuba, 21 de julho de 2025 \u2013 A Secretaria Municipal de Sa\u00fade de Ara\u00e7atuba divulgou que houve uma redu\u00e7\u00e3o de 97,6% no n\u00famero de casos positivos de dengue em junho, comparado a janeiro. O boletim divulgado na sexta-feira (18) aponta: Janeiro: 5.209 casos Fevereiro: 3.171 Mar\u00e7o: 1.026 Abril: 389 Maio: 301 Junho: 125 Julho (at\u00e9 &hellip;<\/p>\n","protected":false},"author":1,"featured_media":18880,"comment_status":"open","ping_status":"open","sticky":false,"template":"","format":"standard","meta":{"_jetpack_memberships_contains_paid_content":false,"footnotes":"","jetpack_publicize_message":"","jetpack_publicize_feature_enabled":true,"jetpack_social_post_already_shared":true,"jetpack_social_options":{"image_generator_settings":{"template":"highway","default_image_id":0,"enabled":false},"version":2}},"categories":[4],"tags":[],"class_list":["post-18879","post","type-post","status-publish","format-standard","has-post-thumbnail","hentry","category-regiao"],"jetpack_publicize_connections":[],"jetpack_featured_media_url":"https:\/\/i0.wp.com\/www.paparazzinews.com.br\/wp-content\/uploads\/2025\/07\/dea4c309-a82e-4c17-ac83-0305cc988d7d.jpeg?fit=720%2C922&ssl=1","views":"1752","jetpack_likes_enabled":true,"jetpack_sharing_enabled":true,"_links":{"self":[{"href":"https:\/\/www.paparazzinews.com.br\/index.php?rest_route=\/wp\/v2\/posts\/18879","targetHints":{"allow":["GET"]}}],"collection":[{"href":"https:\/\/www.paparazzinews.com.br\/index.php?rest_route=\/wp\/v2\/posts"}],"about":[{"href":"https:\/\/www.paparazzinews.com.br\/index.php?rest_route=\/wp\/v2\/types\/post"}],"author":[{"embeddable":true,"href":"https:\/\/www.paparazzinews.com.br\/index.php?rest_route=\/wp\/v2\/users\/1"}],"replies":[{"embeddable":true,"href":"https:\/\/www.paparazzinews.com.br\/index.php?rest_route=%2Fwp%2Fv2%2Fcomments&post=18879"}],"version-history":[{"count":1,"href":"https:\/\/www.paparazzinews.com.br\/index.php?rest_route=\/wp\/v2\/posts\/18879\/revisions"}],"predecessor-version":[{"id":18881,"href":"https:\/\/www.paparazzinews.com.br\/index.php?rest_route=\/wp\/v2\/posts\/18879\/revisions\/18881"}],"wp:featuredmedia":[{"embeddable":true,"href":"https:\/\/www.paparazzinews.com.br\/index.php?rest_route=\/wp\/v2\/media\/18880"}],"wp:attachment":[{"href":"https:\/\/www.paparazzinews.com.br\/index.php?rest_route=%2Fwp%2Fv2%2Fmedia&parent=18879"}],"wp:term":[{"taxonomy":"category","embeddable":true,"href":"https:\/\/www.paparazzinews.com.br\/index.php?rest_route=%2Fwp%2Fv2%2Fcategories&post=18879"},{"taxonomy":"post_tag","embeddable":true,"href":"https:\/\/www.paparazzinews.com.br\/index.php?rest_route=%2Fwp%2Fv2%2Ftags&post=18879"}],"curies":[{"name":"wp","href":"https:\/\/api.w.org\/{rel}","templated":true}]}}