{"id":18868,"date":"2025-07-21T16:20:35","date_gmt":"2025-07-21T19:20:35","guid":{"rendered":"https:\/\/www.paparazzinews.com.br\/?p=18868"},"modified":"2025-07-21T16:20:38","modified_gmt":"2025-07-21T19:20:38","slug":"procon%e2%80%91sp-cria-grupo-de-trabalho-para-orientar-comercio-de-produtos-usados-e-fortalecer-economia-circular","status":"publish","type":"post","link":"https:\/\/www.paparazzinews.com.br\/?p=18868","title":{"rendered":"Procon\u2011SP cria grupo de trabalho para orientar com\u00e9rcio de produtos usados e fortalecer economia circular"},"content":{"rendered":"\n<p><strong>S\u00e3o Paulo, 18 de julho de 2025<\/strong> \u2013 A Funda\u00e7\u00e3o Procon\u2011SP lan\u00e7ou um grupo de trabalho voltado a empresas que atuam com produtos usados, com foco inicial no mercado de ve\u00edculos \u2014 setor que movimentou mais de 15 milh\u00f5es de unidades no Brasil em 2024. A informa\u00e7\u00e3o \u00e9 do Roni Paparazzi e Foto: Ag\u00eancia SP.<\/p>\n\n\n\n<p>A iniciativa busca impulsionar a economia circular, refor\u00e7ar a seguran\u00e7a jur\u00eddica e promover rela\u00e7\u00f5es de consumo equilibradas, alinhando-se a metas como os Objetivos de Desenvolvimento Sustent\u00e1vel da ONU (ODS 3, 11, 12, 13 e 17).<\/p>\n\n\n\n<h3 class=\"wp-block-heading\"><strong>In\u00edcio dos trabalhos e principais a\u00e7\u00f5es<\/strong><\/h3>\n\n\n\n<p>O primeiro encontro contou com a participa\u00e7\u00e3o de representantes da Alvesp (Associa\u00e7\u00e3o dos Lojistas de Ve\u00edculos do Estado de S\u00e3o Paulo) e do Sindiauto, com discuss\u00f5es centradas na aplica\u00e7\u00e3o do C\u00f3digo de Defesa do Consumidor no com\u00e9rcio de ve\u00edculos usados. Entre as a\u00e7\u00f5es previstas est\u00e3o:<\/p>\n\n\n\n<ul class=\"wp-block-list\">\n<li><strong>Cartilha esclarecedora<\/strong>: elaborada para orientar lojistas e consumidores sobre direitos e deveres previstos no CDC.<\/li>\n\n\n\n<li><strong>Canal exclusivo para fornecedores<\/strong>: j\u00e1 existente e com divulga\u00e7\u00e3o intensificada, oferecendo apoio t\u00e9cnico adaptado aos diferentes setores.<\/li>\n<\/ul>\n\n\n\n<h3 class=\"wp-block-heading\"><strong>Ampla expans\u00e3o para outros segmentos<\/strong><\/h3>\n\n\n\n<p>Al\u00e9m dos ve\u00edculos, o grupo ser\u00e1 estendido a outros mercados de produtos de segunda m\u00e3o \u2014 como eletroeletr\u00f4nicos, m\u00f3veis, vestu\u00e1rio, livros e bens dur\u00e1veis \u2014 com o objetivo de incentivar a formaliza\u00e7\u00e3o, a profissionaliza\u00e7\u00e3o e pr\u00e1ticas mais transparentes.<\/p>\n\n\n\n<h3 class=\"wp-block-heading\"><strong>Procon\u2011SP como parceiro estrat\u00e9gico<\/strong><\/h3>\n\n\n\n<p>O diretor\u2011executivo da Funda\u00e7\u00e3o Procon\u2011SP, Luiz Orsatti Filho, ressaltou que o papel do \u00f3rg\u00e3o vai al\u00e9m da fiscaliza\u00e7\u00e3o: \u201cDesejamos atuar como parceiros na constru\u00e7\u00e3o de solu\u00e7\u00f5es que fortale\u00e7am a economia circular.\u201d A parceria com o IQA (Instituto da Qualidade Automotiva) refor\u00e7a esse compromisso, promovendo boas pr\u00e1ticas no setor automotivo.<\/p>\n\n\n\n<h3 class=\"wp-block-heading\"><strong>Expectativas e impactos<\/strong><\/h3>\n\n\n\n<p>Espera\u2011se que o grupo de trabalho proporcione:<\/p>\n\n\n\n<ul class=\"wp-block-list\">\n<li>Maior clareza jur\u00eddica para lojistas e consumidores;<\/li>\n\n\n\n<li>Fortalecimento da reutiliza\u00e7\u00e3o e do consumo respons\u00e1vel;<\/li>\n\n\n\n<li>Mercado de produtos usados mais confi\u00e1vel, formalizado e sustent\u00e1vel;<\/li>\n\n\n\n<li>Contribui\u00e7\u00e3o efetiva para o desenvolvimento sustent\u00e1vel das cidades.<\/li>\n<\/ul>\n\n\n\n<p><strong>Sobre o Procon\u2011SP<\/strong><br>Autarquia ligada \u00e0 Secretaria da Justi\u00e7a e Defesa da Cidadania, com atua\u00e7\u00e3o voltada \u00e0 orienta\u00e7\u00e3o, fiscaliza\u00e7\u00e3o e media\u00e7\u00e3o de rela\u00e7\u00f5es de consumo, em defesa dos direitos dos consumidores.<\/p>\n\n\n\n<p><strong><em><strong><em><strong><em><strong><em><strong><em><strong><em><strong><em><strong><em><strong><em><strong><em><strong><em><strong><em><strong><em><strong><em><strong><em><strong><em><strong><em><strong><em><strong><em><strong><em><strong><em><strong><em><strong><em><strong><em><strong><em><strong><em><strong><em><strong><em><strong><em><strong><em><strong><em><strong><em><strong><em><strong><em><strong><em><strong><em><strong><em><strong><em><strong><em><strong><em><strong><em><strong><em><strong><em><strong><em><strong><em><strong><em><strong><em><strong><em><strong><em><strong><em><strong><em><strong><em><strong><em><strong><em><strong><em><strong><em><strong><em><strong><em><strong><em><strong><em><strong><em><strong><em><strong><em><strong><em><strong><em><strong><em><strong><em><strong><em><strong><em><strong><em><strong><em><strong><em><strong><em><strong><em><strong><em><strong><em><strong><em><strong><em><strong><em><strong><em><strong><em><strong><em><strong><em><strong><em><strong><em><strong><em><strong><em><strong><em><strong><em><strong><em><strong><em><strong><em><strong><em><strong><em><strong><em><strong><em><strong><em><strong><em><strong><em><strong><em><strong><em><strong><em><strong><em><strong><em><strong><em><strong><em><strong><em><strong><em><strong><em><strong><em><strong><em><strong><em><strong><em><strong><em><strong><em><strong><em><strong><em><strong><em><strong><em><strong><em><strong><em><strong><em><strong><em><strong><em><strong><em><strong><em><strong><em><strong><em><strong><em><strong><em><strong><em><strong><em><strong><em><strong><em><strong><em><strong><em><strong><em><strong><em><strong><em><strong><em><strong><em><strong><em><strong><em><strong><em><strong><em><strong><em><strong><em><strong><em><strong><em><strong><em><strong><em><strong><em><strong><em><strong><em><strong><em><strong><em><strong><em><strong><em><strong><em><strong><em><strong><em><strong><em><strong><em><strong><em><strong><em><strong><em><strong><em><strong><em><strong><em><strong><em><strong><em><strong><em><strong><em><strong><em><strong><em><strong><em><strong><em><strong><em><strong><em><strong><em><strong><em><strong><em><strong><em><strong><em><strong><em><strong><em><strong><em><strong><em><strong><em><strong><em><strong><em><strong><em><strong><em><strong><em><strong><em><strong><em><strong><em><strong><em><strong><em><strong><em><strong><em><strong><em><strong><em><strong><em><strong><em><strong><em><strong><em><strong><em><strong><em><strong><em><strong><em><strong><em><strong><em><strong><em><strong><em><strong><em><strong><em><strong><em><strong><em><strong><em><strong><em><strong><em><strong><em><strong><em><strong><em><strong><em><strong><em><strong><em><strong><em><strong><em><strong><em><strong><em><strong><em><strong><em><strong><em><strong><em><strong><em><strong><em><strong><em><strong><em><strong><em><strong><em><strong><em><strong><em><strong><em><strong><em><strong><em><strong><em><strong><em><strong><em><strong>Siga nossas redes sociais e&nbsp;participe da nossa comunidade do Canal de noticias do Roni Paparazzi no Whatsapp e receba as principais not\u00edcias da regi\u00e3o de Ara\u00e7atuba do dia direto no seu celular siga nosso &nbsp;<a href=\"https:\/\/www.instagram.com\/ronipaparazzi\/\">Instagram e&nbsp;<\/a><a href=\"https:\/\/www.facebook.com\/ronipaparazzicomvoce\">Facebook<\/a><a href=\"https:\/\/chat.whatsapp.com\/GsG1XKo0jPOEfjzudWQcml\" target=\"_blank\" rel=\"noreferrer noopener\">&nbsp;Clique aqui e se inscreva.<\/a><\/strong><\/em><\/strong><\/em><\/strong><\/em><\/strong><\/em><\/strong><\/em><\/strong><\/em><\/strong><\/em><\/strong><\/em><\/strong><\/em><\/strong><\/em><\/strong><\/em><\/strong><\/em><\/strong><\/em><\/strong><\/em><\/strong><\/em><\/strong><\/em><\/strong><\/em><\/strong><\/em><\/strong><\/em><\/strong><\/em><\/strong><\/em><\/strong><\/em><\/strong><\/em><\/strong><\/em><\/strong><\/em><\/strong><\/em><\/strong><\/em><\/strong><\/em><\/strong><\/em><\/strong><\/em><\/strong><\/em><\/strong><\/em><\/strong><\/em><\/strong><\/em><\/strong><\/em><\/strong><\/em><\/strong><\/em><\/strong><\/em><\/strong><\/em><\/strong><\/em><\/strong><\/em><\/strong><\/em><\/strong><\/em><\/strong><\/em><\/strong><\/em><\/strong><\/em><\/strong><\/em><\/strong><\/em><\/strong><\/em><\/strong><\/em><\/strong><\/em><\/strong><\/em><\/strong><\/em><\/strong><\/em><\/strong><\/em><\/strong><\/em><\/strong><\/em><\/strong><\/em><\/strong><\/em><\/strong><\/em><\/strong><\/em><\/strong><\/em><\/strong><\/em><\/strong><\/em><\/strong><\/em><\/strong><\/em><\/strong><\/em><\/strong><\/em><\/strong><\/em><\/strong><\/em><\/strong><\/em><\/strong><\/em><\/strong><\/em><\/strong><\/em><\/strong><\/em><\/strong><\/em><\/strong><\/em><\/strong><\/em><\/strong><\/em><\/strong><\/em><\/strong><\/em><\/strong><\/em><\/strong><\/em><\/strong><\/em><\/strong><\/em><\/strong><\/em><\/strong><\/em><\/strong><\/em><\/strong><\/em><\/strong><\/em><\/strong><\/em><\/strong><\/em><\/strong><\/em><\/strong><\/em><\/strong><\/em><\/strong><\/em><\/strong><\/em><\/strong><\/em><\/strong><\/em><\/strong><\/em><\/strong><\/em><\/strong><\/em><\/strong><\/em><\/strong><\/em><\/strong><\/em><\/strong><\/em><\/strong><\/em><\/strong><\/em><\/strong><\/em><\/strong><\/em><\/strong><\/em><\/strong><\/em><\/strong><\/em><\/strong><\/em><\/strong><\/em><\/strong><\/em><\/strong><\/em><\/strong><\/em><\/strong><\/em><\/strong><\/em><\/strong><\/em><\/strong><\/em><\/strong><\/em><\/strong><\/em><\/strong><\/em><\/strong><\/em><\/strong><\/em><\/strong><\/em><\/strong><\/em><\/strong><\/em><\/strong><\/em><\/strong><\/em><\/strong><\/em><\/strong><\/em><\/strong><\/em><\/strong><\/em><\/strong><\/em><\/strong><\/em><\/strong><\/em><\/strong><\/em><\/strong><\/em><\/strong><\/em><\/strong><\/em><\/strong><\/em><\/strong><\/em><\/strong><\/em><\/strong><\/em><\/strong><\/em><\/strong><\/em><\/strong><\/em><\/strong><\/em><\/strong><\/em><\/strong><\/em><\/strong><\/em><\/strong><\/em><\/strong><\/em><\/strong><\/em><\/strong><\/em><\/strong><\/em><\/strong><\/em><\/strong><\/em><\/strong><\/em><\/strong><\/em><\/strong><\/em><\/strong><\/em><\/strong><\/em><\/strong><\/em><\/strong><\/em><\/strong><\/em><\/strong><\/em><\/strong><\/em><\/strong><\/em><\/strong><\/em><\/strong><\/em><\/strong><\/em><\/strong><\/em><\/strong><\/em><\/strong><\/em><\/strong><\/em><\/strong><\/em><\/strong><\/em><\/strong><\/em><\/strong><\/em><\/strong><\/em><\/strong><\/em><\/strong><\/em><\/strong><\/em><\/strong><\/em><\/strong><\/em><\/strong><\/em><\/strong><\/em><\/strong><\/em><\/strong><\/em><\/strong><\/em><\/strong><\/em><\/strong><\/em><\/strong><\/em><\/strong><\/em><\/strong><\/em><\/strong><\/em><\/strong><\/em><\/strong><\/em><\/strong><\/em><\/strong><\/em><\/strong><\/em><\/strong><\/em><\/strong><\/em><\/strong><\/em><\/strong><\/em><\/strong><\/em><\/strong><\/em><\/strong><\/em><\/strong><\/em><\/strong><\/em><\/strong><\/em><\/strong><\/em><\/strong><\/em><\/strong><\/em><\/strong><\/em><\/strong><\/em><\/strong><\/em><\/strong><\/em><\/strong><\/em><\/strong><\/em><\/strong><\/em><\/strong><\/em><\/strong><\/em><\/strong><\/em><\/strong><\/em><\/strong><\/em><\/strong><\/em><\/strong><\/em><\/strong><\/em><\/strong><\/em><\/strong><\/em><\/strong><\/em><\/strong><\/em><\/strong><\/em><\/strong><\/em><\/strong><\/em><\/strong><\/em><\/strong><\/em><\/strong><\/em><\/strong><\/em><\/strong><\/em><\/strong><\/em><\/strong><\/em><\/strong><\/em><\/strong><\/em><\/strong><\/em><\/strong><\/p>\n","protected":false},"excerpt":{"rendered":"<p>S\u00e3o Paulo, 18 de julho de 2025 \u2013 A Funda\u00e7\u00e3o Procon\u2011SP lan\u00e7ou um grupo de trabalho voltado a empresas que atuam com produtos usados, com foco inicial no mercado de ve\u00edculos \u2014 setor que movimentou mais de 15 milh\u00f5es de unidades no Brasil em 2024. A informa\u00e7\u00e3o \u00e9 do Roni Paparazzi e Foto: Ag\u00eancia SP. &hellip;<\/p>\n","protected":false},"author":1,"featured_media":18871,"comment_status":"open","ping_status":"open","sticky":false,"template":"","format":"standard","meta":{"_jetpack_memberships_contains_paid_content":false,"footnotes":"","jetpack_publicize_message":"","jetpack_publicize_feature_enabled":true,"jetpack_social_post_already_shared":true,"jetpack_social_options":{"image_generator_settings":{"template":"highway","default_image_id":0,"enabled":false},"version":2}},"categories":[4],"tags":[],"class_list":["post-18868","post","type-post","status-publish","format-standard","has-post-thumbnail","hentry","category-regiao"],"jetpack_publicize_connections":[],"jetpack_featured_media_url":"https:\/\/i0.wp.com\/www.paparazzinews.com.br\/wp-content\/uploads\/2025\/07\/atendimento-liberdade-10-scaled-e1753125622751.jpg?fit=1000%2C666&ssl=1","views":"1646","jetpack_likes_enabled":true,"jetpack_sharing_enabled":true,"_links":{"self":[{"href":"https:\/\/www.paparazzinews.com.br\/index.php?rest_route=\/wp\/v2\/posts\/18868","targetHints":{"allow":["GET"]}}],"collection":[{"href":"https:\/\/www.paparazzinews.com.br\/index.php?rest_route=\/wp\/v2\/posts"}],"about":[{"href":"https:\/\/www.paparazzinews.com.br\/index.php?rest_route=\/wp\/v2\/types\/post"}],"author":[{"embeddable":true,"href":"https:\/\/www.paparazzinews.com.br\/index.php?rest_route=\/wp\/v2\/users\/1"}],"replies":[{"embeddable":true,"href":"https:\/\/www.paparazzinews.com.br\/index.php?rest_route=%2Fwp%2Fv2%2Fcomments&post=18868"}],"version-history":[{"count":1,"href":"https:\/\/www.paparazzinews.com.br\/index.php?rest_route=\/wp\/v2\/posts\/18868\/revisions"}],"predecessor-version":[{"id":18870,"href":"https:\/\/www.paparazzinews.com.br\/index.php?rest_route=\/wp\/v2\/posts\/18868\/revisions\/18870"}],"wp:featuredmedia":[{"embeddable":true,"href":"https:\/\/www.paparazzinews.com.br\/index.php?rest_route=\/wp\/v2\/media\/18871"}],"wp:attachment":[{"href":"https:\/\/www.paparazzinews.com.br\/index.php?rest_route=%2Fwp%2Fv2%2Fmedia&parent=18868"}],"wp:term":[{"taxonomy":"category","embeddable":true,"href":"https:\/\/www.paparazzinews.com.br\/index.php?rest_route=%2Fwp%2Fv2%2Fcategories&post=18868"},{"taxonomy":"post_tag","embeddable":true,"href":"https:\/\/www.paparazzinews.com.br\/index.php?rest_route=%2Fwp%2Fv2%2Ftags&post=18868"}],"curies":[{"name":"wp","href":"https:\/\/api.w.org\/{rel}","templated":true}]}}