{"id":18862,"date":"2025-07-11T12:05:07","date_gmt":"2025-07-11T15:05:07","guid":{"rendered":"https:\/\/www.paparazzinews.com.br\/?p=18862"},"modified":"2025-07-11T12:05:10","modified_gmt":"2025-07-11T15:05:10","slug":"aguas-andradina-reforca-importancia-dos-servicos-de-agua-e-esgoto-no-aniversario-da-cidade","status":"publish","type":"post","link":"https:\/\/www.paparazzinews.com.br\/?p=18862","title":{"rendered":"\u00c1guas Andradina refor\u00e7a import\u00e2ncia dos servi\u00e7os de \u00e1gua e esgoto no anivers\u00e1rio da cidade"},"content":{"rendered":"\n<p>Andradina, 11 de julho de 2025 &#8211; Durante esta semana, foi celebrado o anivers\u00e1rio de Andradina. Para marcar, esta data, a \u00c1guas Andradina, empresa do grupo Igu\u00e1 Saneamento e Sabesp, refor\u00e7a o papel essencial dos servi\u00e7os de \u00e1gua e esgoto para o desenvolvimento urbano, a sa\u00fade p\u00fablica e a preserva\u00e7\u00e3o ambiental.<\/p>\n\n\n\n<p>Desde 2010 \u00e0 frente do abastecimento de \u00e1gua e do esgotamento sanit\u00e1rio da cidade, a concession\u00e1ria tem investido em infraestrutura, tecnologia e melhorias que impactam diretamente o cotidiano da popula\u00e7\u00e3o.<\/p>\n\n\n\n<p>\u00c1gua tratada na torneira<\/p>\n\n\n\n<p>A rotina de milhares de moradores de Andradina come\u00e7a com um recurso essencial: a \u00e1gua.<\/p>\n\n\n\n<p>Seja para o consumo, preparo de alimentos ou higiene pessoal, o acesso \u00e0 \u00e1gua tratada faz parte da realidade local gra\u00e7as aos sistemas operados pela equipe da \u00c1guas Andradina.<\/p>\n\n\n\n<p>A capta\u00e7\u00e3o \u00e9 feita por po\u00e7os distribu\u00eddos em pontos estrat\u00e9gicos do munic\u00edpio. Ap\u00f3s esse processo, a \u00e1gua recebe tratamento com fl\u00faor e cloro em n\u00edveis controlados antes de seguir para a rede de distribui\u00e7\u00e3o. Para garantir a qualidade exigida pelo Minist\u00e9rio da Sa\u00fade, an\u00e1lises f\u00edsico-qu\u00edmicas e bacteriol\u00f3gicas s\u00e3o realizadas mensalmente, avaliando itens como pH, turbidez e presen\u00e7a de microrganismos.<\/p>\n\n\n\n<p>Compromisso com o meio ambiente<\/p>\n\n\n\n<p>Al\u00e9m de garantir sa\u00fade e qualidade de vida, o trabalho realizado pela \u00c1guas Andradina \u00e9 essencial na defesa do meio ambiente.<\/p>\n\n\n\n<p>Sabe por que? Andradina est\u00e1 fora da estat\u00edstica alarmante que indica o despejo di\u00e1rio de 3,5 mil piscinas ol\u00edmpicas de esgoto sem tratamento em rios e mares, conforme levantamento do Instituto Trata Brasil.<\/p>\n\n\n\n<p>Os dejetos gerados na cidade s\u00e3o encaminhados para esta\u00e7\u00f5es de tratamento que seguem rigorosos padr\u00f5es ambientais. Com isso, rios, c\u00f3rregos e o ecossistema local s\u00e3o preservados \u2014 uma conquista que coloca o munic\u00edpio em posi\u00e7\u00e3o de destaque na pauta da sustentabilidade.<\/p>\n\n\n\n<p>At\u00e9 o final deste ano, o sistema de esgotamento sanit\u00e1rio tamb\u00e9m ser\u00e1 estendido aos distritos de Planalto e Paran\u00e1polis.<\/p>\n\n\n\n<p>Para o diretor geral da \u00c1guas Andradina, Lu\u00eds Guilherme Bizelli, os avan\u00e7os alcan\u00e7ados nos \u00faltimos anos refletem o compromisso da empresa com o bem-estar da popula\u00e7\u00e3o.<\/p>\n\n\n\n<p>&#8220;Temos muito orgulho em contribuir com o crescimento de Andradina. Acreditamos no saneamento como alicerce do desenvolvimento. Ele valoriza os im\u00f3veis, atrai investimentos, melhora a sa\u00fade e ainda gera empregos\u201d, destaca.<\/p>\n\n\n\n<p>Quer conhecer mais sobre os servi\u00e7os de \u00e1gua e esgoto da sua cidade? Acesse <a href=\"http:\/\/www.igua.com.br\/andradina\" data-type=\"link\" data-id=\"www.igua.com.br\/andradina\">www.igua.com.br\/andradina<\/a>.<\/p>\n\n\n\n<p><strong><em><strong><em><strong><em><strong><em><strong><em><strong><em><strong><em><strong><em><strong><em><strong><em><strong><em><strong><em><strong><em><strong><em><strong><em><strong><em><strong><em><strong><em><strong><em><strong><em><strong><em><strong><em><strong><em><strong><em><strong><em><strong><em><strong><em><strong><em><strong><em><strong><em><strong><em><strong><em><strong><em><strong><em><strong><em><strong><em><strong><em><strong><em><strong><em><strong><em><strong><em><strong><em><strong><em><strong><em><strong><em><strong><em><strong><em><strong><em><strong><em><strong><em><strong><em><strong><em><strong><em><strong><em><strong><em><strong><em><strong><em><strong><em><strong><em><strong><em><strong><em><strong><em><strong><em><strong><em><strong><em><strong><em><strong><em><strong><em><strong><em><strong><em><strong><em><strong><em><strong><em><strong><em><strong><em><strong><em><strong><em><strong><em><strong><em><strong><em><strong><em><strong><em><strong><em><strong><em><strong><em><strong><em><strong><em><strong><em><strong><em><strong><em><strong><em><strong><em><strong><em><strong><em><strong><em><strong><em><strong><em><strong><em><strong><em><strong><em><strong><em><strong><em><strong><em><strong><em><strong><em><strong><em><strong><em><strong><em><strong><em><strong><em><strong><em><strong><em><strong><em><strong><em><strong><em><strong><em><strong><em><strong><em><strong><em><strong><em><strong><em><strong><em><strong><em><strong><em><strong><em><strong><em><strong><em><strong><em><strong><em><strong><em><strong><em><strong><em><strong><em><strong><em><strong><em><strong><em><strong><em><strong><em><strong><em><strong><em><strong><em><strong><em><strong><em><strong><em><strong><em><strong><em><strong><em><strong><em><strong><em><strong><em><strong><em><strong><em><strong><em><strong><em><strong><em><strong><em><strong><em><strong><em><strong><em><strong><em><strong><em><strong><em><strong><em><strong><em><strong><em><strong><em><strong><em><strong><em><strong><em><strong><em><strong><em><strong><em><strong><em><strong><em><strong><em><strong><em><strong><em><strong><em><strong><em><strong><em><strong><em><strong><em><strong><em><strong><em><strong><em><strong><em><strong><em><strong><em><strong><em><strong><em><strong><em><strong><em><strong><em><strong><em><strong><em><strong><em><strong><em><strong><em><strong><em><strong><em><strong><em><strong><em><strong><em><strong><em><strong><em><strong><em><strong><em><strong><em><strong><em><strong><em><strong><em><strong><em><strong><em><strong><em><strong><em><strong><em><strong><em><strong><em><strong><em><strong><em><strong><em><strong><em><strong><em><strong><em><strong><em><strong><em><strong><em><strong><em><strong><em><strong><em><strong><em><strong><em><strong><em><strong><em><strong><em><strong><em><strong><em><strong><em><strong><em><strong><em><strong><em><strong><em><strong><em><strong><em><strong><em><strong><em><strong><em><strong><em><strong><em><strong><em><strong>Siga nossas redes sociais e&nbsp;participe da nossa comunidade do Canal de noticias do Roni Paparazzi no Whatsapp e receba as principais not\u00edcias da regi\u00e3o de Ara\u00e7atuba do dia direto no seu celular siga nosso &nbsp;<a href=\"https:\/\/www.instagram.com\/ronipaparazzi\/\">Instagram e&nbsp;<\/a><a href=\"https:\/\/www.facebook.com\/ronipaparazzicomvoce\">Facebook<\/a><a href=\"https:\/\/chat.whatsapp.com\/GsG1XKo0jPOEfjzudWQcml\" target=\"_blank\" rel=\"noreferrer noopener\">&nbsp;Clique aqui e se inscreva.<\/a><\/strong><\/em><\/strong><\/em><\/strong><\/em><\/strong><\/em><\/strong><\/em><\/strong><\/em><\/strong><\/em><\/strong><\/em><\/strong><\/em><\/strong><\/em><\/strong><\/em><\/strong><\/em><\/strong><\/em><\/strong><\/em><\/strong><\/em><\/strong><\/em><\/strong><\/em><\/strong><\/em><\/strong><\/em><\/strong><\/em><\/strong><\/em><\/strong><\/em><\/strong><\/em><\/strong><\/em><\/strong><\/em><\/strong><\/em><\/strong><\/em><\/strong><\/em><\/strong><\/em><\/strong><\/em><\/strong><\/em><\/strong><\/em><\/strong><\/em><\/strong><\/em><\/strong><\/em><\/strong><\/em><\/strong><\/em><\/strong><\/em><\/strong><\/em><\/strong><\/em><\/strong><\/em><\/strong><\/em><\/strong><\/em><\/strong><\/em><\/strong><\/em><\/strong><\/em><\/strong><\/em><\/strong><\/em><\/strong><\/em><\/strong><\/em><\/strong><\/em><\/strong><\/em><\/strong><\/em><\/strong><\/em><\/strong><\/em><\/strong><\/em><\/strong><\/em><\/strong><\/em><\/strong><\/em><\/strong><\/em><\/strong><\/em><\/strong><\/em><\/strong><\/em><\/strong><\/em><\/strong><\/em><\/strong><\/em><\/strong><\/em><\/strong><\/em><\/strong><\/em><\/strong><\/em><\/strong><\/em><\/strong><\/em><\/strong><\/em><\/strong><\/em><\/strong><\/em><\/strong><\/em><\/strong><\/em><\/strong><\/em><\/strong><\/em><\/strong><\/em><\/strong><\/em><\/strong><\/em><\/strong><\/em><\/strong><\/em><\/strong><\/em><\/strong><\/em><\/strong><\/em><\/strong><\/em><\/strong><\/em><\/strong><\/em><\/strong><\/em><\/strong><\/em><\/strong><\/em><\/strong><\/em><\/strong><\/em><\/strong><\/em><\/strong><\/em><\/strong><\/em><\/strong><\/em><\/strong><\/em><\/strong><\/em><\/strong><\/em><\/strong><\/em><\/strong><\/em><\/strong><\/em><\/strong><\/em><\/strong><\/em><\/strong><\/em><\/strong><\/em><\/strong><\/em><\/strong><\/em><\/strong><\/em><\/strong><\/em><\/strong><\/em><\/strong><\/em><\/strong><\/em><\/strong><\/em><\/strong><\/em><\/strong><\/em><\/strong><\/em><\/strong><\/em><\/strong><\/em><\/strong><\/em><\/strong><\/em><\/strong><\/em><\/strong><\/em><\/strong><\/em><\/strong><\/em><\/strong><\/em><\/strong><\/em><\/strong><\/em><\/strong><\/em><\/strong><\/em><\/strong><\/em><\/strong><\/em><\/strong><\/em><\/strong><\/em><\/strong><\/em><\/strong><\/em><\/strong><\/em><\/strong><\/em><\/strong><\/em><\/strong><\/em><\/strong><\/em><\/strong><\/em><\/strong><\/em><\/strong><\/em><\/strong><\/em><\/strong><\/em><\/strong><\/em><\/strong><\/em><\/strong><\/em><\/strong><\/em><\/strong><\/em><\/strong><\/em><\/strong><\/em><\/strong><\/em><\/strong><\/em><\/strong><\/em><\/strong><\/em><\/strong><\/em><\/strong><\/em><\/strong><\/em><\/strong><\/em><\/strong><\/em><\/strong><\/em><\/strong><\/em><\/strong><\/em><\/strong><\/em><\/strong><\/em><\/strong><\/em><\/strong><\/em><\/strong><\/em><\/strong><\/em><\/strong><\/em><\/strong><\/em><\/strong><\/em><\/strong><\/em><\/strong><\/em><\/strong><\/em><\/strong><\/em><\/strong><\/em><\/strong><\/em><\/strong><\/em><\/strong><\/em><\/strong><\/em><\/strong><\/em><\/strong><\/em><\/strong><\/em><\/strong><\/em><\/strong><\/em><\/strong><\/em><\/strong><\/em><\/strong><\/em><\/strong><\/em><\/strong><\/em><\/strong><\/em><\/strong><\/em><\/strong><\/em><\/strong><\/em><\/strong><\/em><\/strong><\/em><\/strong><\/em><\/strong><\/em><\/strong><\/em><\/strong><\/em><\/strong><\/em><\/strong><\/em><\/strong><\/em><\/strong><\/em><\/strong><\/em><\/strong><\/em><\/strong><\/em><\/strong><\/em><\/strong><\/em><\/strong><\/em><\/strong><\/em><\/strong><\/em><\/strong><\/em><\/strong><\/em><\/strong><\/em><\/strong><\/em><\/strong><\/em><\/strong><\/em><\/strong><\/em><\/strong><\/em><\/strong><\/em><\/strong><\/em><\/strong><\/em><\/strong><\/em><\/strong><\/em><\/strong><\/em><\/strong><\/em><\/strong><\/em><\/strong><\/em><\/strong><\/em><\/strong><\/em><\/strong><\/em><\/strong><\/em><\/strong><\/em><\/strong><\/em><\/strong><\/em><\/strong><\/em><\/strong><\/em><\/strong><\/em><\/strong><\/em><\/strong><\/em><\/strong><\/em><\/strong><\/em><\/strong><\/em><\/strong><\/p>\n","protected":false},"excerpt":{"rendered":"<p>Andradina, 11 de julho de 2025 &#8211; Durante esta semana, foi celebrado o anivers\u00e1rio de Andradina. Para marcar, esta data, a \u00c1guas Andradina, empresa do grupo Igu\u00e1 Saneamento e Sabesp, refor\u00e7a o papel essencial dos servi\u00e7os de \u00e1gua e esgoto para o desenvolvimento urbano, a sa\u00fade p\u00fablica e a preserva\u00e7\u00e3o ambiental. Desde 2010 \u00e0 frente &hellip;<\/p>\n","protected":false},"author":1,"featured_media":18863,"comment_status":"open","ping_status":"open","sticky":false,"template":"","format":"standard","meta":{"_jetpack_memberships_contains_paid_content":false,"footnotes":"","jetpack_publicize_message":"","jetpack_publicize_feature_enabled":true,"jetpack_social_post_already_shared":true,"jetpack_social_options":{"image_generator_settings":{"template":"highway","default_image_id":0,"enabled":false},"version":2}},"categories":[4],"tags":[],"class_list":["post-18862","post","type-post","status-publish","format-standard","has-post-thumbnail","hentry","category-regiao"],"jetpack_publicize_connections":[],"jetpack_featured_media_url":"https:\/\/i0.wp.com\/www.paparazzinews.com.br\/wp-content\/uploads\/2025\/07\/349e88f1-0d29-438f-8e6a-18caca8d00a8.jpeg?fit=1079%2C773&ssl=1","views":"2151","jetpack_likes_enabled":true,"jetpack_sharing_enabled":true,"_links":{"self":[{"href":"https:\/\/www.paparazzinews.com.br\/index.php?rest_route=\/wp\/v2\/posts\/18862","targetHints":{"allow":["GET"]}}],"collection":[{"href":"https:\/\/www.paparazzinews.com.br\/index.php?rest_route=\/wp\/v2\/posts"}],"about":[{"href":"https:\/\/www.paparazzinews.com.br\/index.php?rest_route=\/wp\/v2\/types\/post"}],"author":[{"embeddable":true,"href":"https:\/\/www.paparazzinews.com.br\/index.php?rest_route=\/wp\/v2\/users\/1"}],"replies":[{"embeddable":true,"href":"https:\/\/www.paparazzinews.com.br\/index.php?rest_route=%2Fwp%2Fv2%2Fcomments&post=18862"}],"version-history":[{"count":1,"href":"https:\/\/www.paparazzinews.com.br\/index.php?rest_route=\/wp\/v2\/posts\/18862\/revisions"}],"predecessor-version":[{"id":18864,"href":"https:\/\/www.paparazzinews.com.br\/index.php?rest_route=\/wp\/v2\/posts\/18862\/revisions\/18864"}],"wp:featuredmedia":[{"embeddable":true,"href":"https:\/\/www.paparazzinews.com.br\/index.php?rest_route=\/wp\/v2\/media\/18863"}],"wp:attachment":[{"href":"https:\/\/www.paparazzinews.com.br\/index.php?rest_route=%2Fwp%2Fv2%2Fmedia&parent=18862"}],"wp:term":[{"taxonomy":"category","embeddable":true,"href":"https:\/\/www.paparazzinews.com.br\/index.php?rest_route=%2Fwp%2Fv2%2Fcategories&post=18862"},{"taxonomy":"post_tag","embeddable":true,"href":"https:\/\/www.paparazzinews.com.br\/index.php?rest_route=%2Fwp%2Fv2%2Ftags&post=18862"}],"curies":[{"name":"wp","href":"https:\/\/api.w.org\/{rel}","templated":true}]}}