{"id":18811,"date":"2025-07-03T18:14:29","date_gmt":"2025-07-03T21:14:29","guid":{"rendered":"https:\/\/www.paparazzinews.com.br\/?p=18811"},"modified":"2025-07-03T18:14:33","modified_gmt":"2025-07-03T21:14:33","slug":"tabela-sus-paulista-garante-reajuste-de-ate-400-em-cirurgias-e-exames-para-ampliar-acesso-e-reduzir-filas-no-estado","status":"publish","type":"post","link":"https:\/\/www.paparazzinews.com.br\/?p=18811","title":{"rendered":"Tabela SUS Paulista garante reajuste de at\u00e9 400% em cirurgias e exames para ampliar acesso e reduzir filas no estado"},"content":{"rendered":"\n<p><strong>S\u00c3O PAULO (SP)<\/strong> \u2013 Para enfrentar a defasagem hist\u00f3rica da tabela nacional do Sistema \u00danico de Sa\u00fade (SUS) e reduzir filas por exames e cirurgias, o <strong>Governo de S\u00e3o Paulo<\/strong> implantou a <strong>Tabela SUS Paulista<\/strong>, uma iniciativa que <strong>complementa os valores pagos pelo Minist\u00e9rio da Sa\u00fade<\/strong> a hospitais filantr\u00f3picos conveniados ao SUS. Desde o lan\u00e7amento, em janeiro de 2023, a medida vem ampliando o acesso da popula\u00e7\u00e3o aos atendimentos em sa\u00fade, com reajustes de at\u00e9 <strong>400%<\/strong> em diversos procedimentos.<\/p>\n\n\n\n<p>Atualmente, <strong>800 institui\u00e7\u00f5es<\/strong> de todas as regi\u00f5es paulistas s\u00e3o beneficiadas pela iniciativa. O investimento adicional foi de <strong>R$ 4,3 bilh\u00f5es no primeiro ano<\/strong>, com recursos <strong>100% provenientes do Tesouro Estadual<\/strong>. A medida contempla <strong>Santas Casas, hospitais filantr\u00f3picos e entidades da rede complementar<\/strong>, respons\u00e1veis por cerca de <strong>50% do atendimento hospitalar<\/strong> no SUS paulista.<\/p>\n\n\n\n<h3 class=\"wp-block-heading\">Aumentos significativos nos valores pagos<\/h3>\n\n\n\n<p>Com base em an\u00e1lises comparativas entre os valores federais e os praticados no mercado, os principais procedimentos receberam aumentos expressivos. Exemplos:<\/p>\n\n\n\n<ul class=\"wp-block-list\">\n<li><strong>Parto normal<\/strong>: de R$ 443,40 (tabela federal) para R$ 2.217 (SUS Paulista) \u2192 <strong>aumento de 400%<\/strong><\/li>\n\n\n\n<li><strong>Colecistectomia (remo\u00e7\u00e3o da ves\u00edcula biliar)<\/strong>: de R$ 996,34 para R$ 4.483,53 \u2192 <strong>aumento de 350%<\/strong><\/li>\n<\/ul>\n\n\n\n<h3 class=\"wp-block-heading\">Mais interna\u00e7\u00f5es e novos leitos<\/h3>\n\n\n\n<p>O impacto j\u00e1 \u00e9 vis\u00edvel na expans\u00e3o dos atendimentos. A Tabela SUS Paulista possibilitou o aumento de interna\u00e7\u00f5es e, na pr\u00e1tica, a abertura de <strong>3.207 leitos SUS<\/strong> em todo o estado.<\/p>\n\n\n\n<ul class=\"wp-block-list\">\n<li>O <strong>Hospital das Cl\u00ednicas Faepa Ribeir\u00e3o Preto<\/strong> teve <strong>13.185 interna\u00e7\u00f5es a mais em 2024<\/strong>, em rela\u00e7\u00e3o a 2022.<\/li>\n\n\n\n<li>O <strong>Hospital S\u00e3o Paulo da Unifesp<\/strong> registrou <strong>8.453 interna\u00e7\u00f5es extras<\/strong> no mesmo per\u00edodo.<\/li>\n<\/ul>\n\n\n\n<p>Segundo o secret\u00e1rio estadual da Sa\u00fade, <strong>Eleuses Paiva<\/strong>, o sucesso do programa depende da escuta ativa das necessidades regionais:<\/p>\n\n\n\n<blockquote class=\"wp-block-quote is-layout-flow wp-block-quote-is-layout-flow\">\n<p>\u201cPrecisamos garantir recursos suficientes para que a popula\u00e7\u00e3o seja atendida perto de casa, sem precisar se deslocar para os grandes centros. Quando conhecemos a demanda e a oferta, conseguimos planejar melhor, ampliando os servi\u00e7os onde h\u00e1 maior necessidade.\u201d<\/p>\n<\/blockquote>\n\n\n\n<h3 class=\"wp-block-heading\">Como funciona a remunera\u00e7\u00e3o<\/h3>\n\n\n\n<p>Quando um paciente realiza um procedimento em um hospital filantr\u00f3pico, o <strong>Governo Federal paga o valor da Tabela SUS<\/strong>, e o <strong>Governo de S\u00e3o Paulo complementa a quantia<\/strong> com base nos valores reajustados da tabela estadual.<\/p>\n\n\n\n<p>O programa busca corrigir a <strong>defasagem de mais de 20 anos sem reajustes<\/strong> na tabela federal e <strong>valorizar os prestadores de servi\u00e7o que sustentam boa parte da rede hospitalar do estado<\/strong>.<\/p>\n\n\n\n<p><strong><em><strong><em><strong><em><strong><em><strong><em><strong><em><strong><em><strong><em><strong><em><strong><em><strong><em><strong><em><strong><em><strong><em><strong><em><strong><em><strong><em><strong><em><strong><em><strong><em><strong><em><strong><em><strong><em><strong><em><strong><em><strong><em><strong><em><strong><em><strong><em><strong><em><strong><em><strong><em><strong><em><strong><em><strong><em><strong><em><strong><em><strong><em><strong><em><strong><em><strong><em><strong><em><strong><em><strong><em><strong><em><strong><em><strong><em><strong><em><strong><em><strong><em><strong><em><strong><em><strong><em><strong><em><strong><em><strong><em><strong><em><strong><em><strong><em><strong><em><strong><em><strong><em><strong><em><strong><em><strong><em><strong><em><strong><em><strong><em><strong><em><strong><em><strong><em><strong><em><strong><em><strong><em><strong><em><strong><em><strong><em><strong><em><strong><em><strong><em><strong><em><strong><em><strong><em><strong><em><strong><em><strong><em><strong><em><strong><em><strong><em><strong><em><strong><em><strong><em><strong><em><strong><em><strong><em><strong><em><strong><em><strong><em><strong><em><strong><em><strong><em><strong><em><strong><em><strong><em><strong><em><strong><em><strong><em><strong><em><strong><em><strong><em><strong><em><strong><em><strong><em><strong><em><strong><em><strong><em><strong><em><strong><em><strong><em><strong><em><strong><em><strong><em><strong><em><strong><em><strong><em><strong><em><strong><em><strong><em><strong><em><strong><em><strong><em><strong><em><strong><em><strong><em><strong><em><strong><em><strong><em><strong><em><strong><em><strong><em><strong><em><strong><em><strong><em><strong><em><strong><em><strong><em><strong><em><strong><em><strong><em><strong><em><strong><em><strong><em><strong><em><strong><em><strong><em><strong><em><strong><em><strong><em><strong><em><strong><em><strong><em><strong><em><strong><em><strong><em><strong><em><strong><em><strong><em><strong><em><strong><em><strong><em><strong><em><strong><em><strong><em><strong><em><strong><em><strong><em><strong><em><strong><em><strong><em><strong><em><strong><em><strong><em><strong><em><strong><em><strong><em><strong><em><strong><em><strong><em><strong><em><strong><em><strong><em><strong><em><strong><em><strong><em><strong><em><strong><em><strong><em><strong><em><strong><em><strong><em><strong><em><strong><em><strong><em><strong><em><strong><em><strong><em><strong><em><strong><em><strong><em><strong><em><strong><em><strong><em><strong><em><strong><em><strong><em><strong><em><strong><em><strong><em><strong><em><strong><em><strong><em><strong><em><strong><em><strong><em><strong><em><strong><em><strong><em><strong><em><strong><em><strong><em><strong><em><strong><em><strong><em><strong><em><strong><em><strong><em><strong><em><strong><em><strong><em><strong><em><strong><em><strong><em><strong><em><strong><em><strong><em><strong><em><strong><em><strong><em><strong><em><strong><em><strong>Siga nossas redes sociais e\u00a0participe da nossa comunidade do Canal de noticias do Roni Paparazzi no Whatsapp e receba as principais not\u00edcias da regi\u00e3o de Ara\u00e7atuba do dia direto no seu celular siga nosso \u00a0<a href=\"https:\/\/www.instagram.com\/ronipaparazzi\/\">Instagram e\u00a0<\/a><a href=\"https:\/\/www.facebook.com\/ronipaparazzicomvoce\">Facebook<\/a><a href=\"https:\/\/chat.whatsapp.com\/GsG1XKo0jPOEfjzudWQcml\" target=\"_blank\" rel=\"noreferrer noopener\">\u00a0Clique aqui e se inscreva.<\/a><\/strong><\/em><\/strong><\/em><\/strong><\/em><\/strong><\/em><\/strong><\/em><\/strong><\/em><\/strong><\/em><\/strong><\/em><\/strong><\/em><\/strong><\/em><\/strong><\/em><\/strong><\/em><\/strong><\/em><\/strong><\/em><\/strong><\/em><\/strong><\/em><\/strong><\/em><\/strong><\/em><\/strong><\/em><\/strong><\/em><\/strong><\/em><\/strong><\/em><\/strong><\/em><\/strong><\/em><\/strong><\/em><\/strong><\/em><\/strong><\/em><\/strong><\/em><\/strong><\/em><\/strong><\/em><\/strong><\/em><\/strong><\/em><\/strong><\/em><\/strong><\/em><\/strong><\/em><\/strong><\/em><\/strong><\/em><\/strong><\/em><\/strong><\/em><\/strong><\/em><\/strong><\/em><\/strong><\/em><\/strong><\/em><\/strong><\/em><\/strong><\/em><\/strong><\/em><\/strong><\/em><\/strong><\/em><\/strong><\/em><\/strong><\/em><\/strong><\/em><\/strong><\/em><\/strong><\/em><\/strong><\/em><\/strong><\/em><\/strong><\/em><\/strong><\/em><\/strong><\/em><\/strong><\/em><\/strong><\/em><\/strong><\/em><\/strong><\/em><\/strong><\/em><\/strong><\/em><\/strong><\/em><\/strong><\/em><\/strong><\/em><\/strong><\/em><\/strong><\/em><\/strong><\/em><\/strong><\/em><\/strong><\/em><\/strong><\/em><\/strong><\/em><\/strong><\/em><\/strong><\/em><\/strong><\/em><\/strong><\/em><\/strong><\/em><\/strong><\/em><\/strong><\/em><\/strong><\/em><\/strong><\/em><\/strong><\/em><\/strong><\/em><\/strong><\/em><\/strong><\/em><\/strong><\/em><\/strong><\/em><\/strong><\/em><\/strong><\/em><\/strong><\/em><\/strong><\/em><\/strong><\/em><\/strong><\/em><\/strong><\/em><\/strong><\/em><\/strong><\/em><\/strong><\/em><\/strong><\/em><\/strong><\/em><\/strong><\/em><\/strong><\/em><\/strong><\/em><\/strong><\/em><\/strong><\/em><\/strong><\/em><\/strong><\/em><\/strong><\/em><\/strong><\/em><\/strong><\/em><\/strong><\/em><\/strong><\/em><\/strong><\/em><\/strong><\/em><\/strong><\/em><\/strong><\/em><\/strong><\/em><\/strong><\/em><\/strong><\/em><\/strong><\/em><\/strong><\/em><\/strong><\/em><\/strong><\/em><\/strong><\/em><\/strong><\/em><\/strong><\/em><\/strong><\/em><\/strong><\/em><\/strong><\/em><\/strong><\/em><\/strong><\/em><\/strong><\/em><\/strong><\/em><\/strong><\/em><\/strong><\/em><\/strong><\/em><\/strong><\/em><\/strong><\/em><\/strong><\/em><\/strong><\/em><\/strong><\/em><\/strong><\/em><\/strong><\/em><\/strong><\/em><\/strong><\/em><\/strong><\/em><\/strong><\/em><\/strong><\/em><\/strong><\/em><\/strong><\/em><\/strong><\/em><\/strong><\/em><\/strong><\/em><\/strong><\/em><\/strong><\/em><\/strong><\/em><\/strong><\/em><\/strong><\/em><\/strong><\/em><\/strong><\/em><\/strong><\/em><\/strong><\/em><\/strong><\/em><\/strong><\/em><\/strong><\/em><\/strong><\/em><\/strong><\/em><\/strong><\/em><\/strong><\/em><\/strong><\/em><\/strong><\/em><\/strong><\/em><\/strong><\/em><\/strong><\/em><\/strong><\/em><\/strong><\/em><\/strong><\/em><\/strong><\/em><\/strong><\/em><\/strong><\/em><\/strong><\/em><\/strong><\/em><\/strong><\/em><\/strong><\/em><\/strong><\/em><\/strong><\/em><\/strong><\/em><\/strong><\/em><\/strong><\/em><\/strong><\/em><\/strong><\/em><\/strong><\/em><\/strong><\/em><\/strong><\/em><\/strong><\/em><\/strong><\/em><\/strong><\/em><\/strong><\/em><\/strong><\/em><\/strong><\/em><\/strong><\/em><\/strong><\/em><\/strong><\/em><\/strong><\/em><\/strong><\/em><\/strong><\/em><\/strong><\/em><\/strong><\/em><\/strong><\/em><\/strong><\/em><\/strong><\/em><\/strong><\/em><\/strong><\/em><\/strong><\/em><\/strong><\/em><\/strong><\/em><\/strong><\/em><\/strong><\/em><\/strong><\/em><\/strong><\/em><\/strong><\/em><\/strong><\/em><\/strong><\/em><\/strong><\/em><\/strong><\/em><\/strong><\/em><\/strong><\/em><\/strong><\/em><\/strong><\/em><\/strong><\/em><\/strong><\/em><\/strong><\/em><\/strong><\/em><\/strong><\/em><\/strong><\/em><\/strong><\/em><\/strong><\/em><\/strong><\/em><\/strong><\/em><\/strong><\/em><\/strong><\/em><\/strong><\/em><\/strong><\/em><\/strong><\/em><\/strong><\/em><\/strong><\/em><\/strong><\/em><\/strong><\/em><\/strong><\/em><\/strong><\/p>\n","protected":false},"excerpt":{"rendered":"<p>S\u00c3O PAULO (SP) \u2013 Para enfrentar a defasagem hist\u00f3rica da tabela nacional do Sistema \u00danico de Sa\u00fade (SUS) e reduzir filas por exames e cirurgias, o Governo de S\u00e3o Paulo implantou a Tabela SUS Paulista, uma iniciativa que complementa os valores pagos pelo Minist\u00e9rio da Sa\u00fade a hospitais filantr\u00f3picos conveniados ao SUS. Desde o lan\u00e7amento, &hellip;<\/p>\n","protected":false},"author":1,"featured_media":18812,"comment_status":"open","ping_status":"open","sticky":false,"template":"","format":"standard","meta":{"_jetpack_memberships_contains_paid_content":false,"footnotes":"","jetpack_publicize_message":"","jetpack_publicize_feature_enabled":true,"jetpack_social_post_already_shared":true,"jetpack_social_options":{"image_generator_settings":{"template":"highway","default_image_id":0,"enabled":false},"version":2}},"categories":[4],"tags":[],"class_list":["post-18811","post","type-post","status-publish","format-standard","has-post-thumbnail","hentry","category-regiao"],"jetpack_publicize_connections":[],"jetpack_featured_media_url":"https:\/\/i0.wp.com\/www.paparazzinews.com.br\/wp-content\/uploads\/2025\/07\/iStock-1332387000-scaled-1-e1751577259502.jpg?fit=1000%2C667&ssl=1","views":"2624","jetpack_likes_enabled":true,"jetpack_sharing_enabled":true,"_links":{"self":[{"href":"https:\/\/www.paparazzinews.com.br\/index.php?rest_route=\/wp\/v2\/posts\/18811","targetHints":{"allow":["GET"]}}],"collection":[{"href":"https:\/\/www.paparazzinews.com.br\/index.php?rest_route=\/wp\/v2\/posts"}],"about":[{"href":"https:\/\/www.paparazzinews.com.br\/index.php?rest_route=\/wp\/v2\/types\/post"}],"author":[{"embeddable":true,"href":"https:\/\/www.paparazzinews.com.br\/index.php?rest_route=\/wp\/v2\/users\/1"}],"replies":[{"embeddable":true,"href":"https:\/\/www.paparazzinews.com.br\/index.php?rest_route=%2Fwp%2Fv2%2Fcomments&post=18811"}],"version-history":[{"count":1,"href":"https:\/\/www.paparazzinews.com.br\/index.php?rest_route=\/wp\/v2\/posts\/18811\/revisions"}],"predecessor-version":[{"id":18813,"href":"https:\/\/www.paparazzinews.com.br\/index.php?rest_route=\/wp\/v2\/posts\/18811\/revisions\/18813"}],"wp:featuredmedia":[{"embeddable":true,"href":"https:\/\/www.paparazzinews.com.br\/index.php?rest_route=\/wp\/v2\/media\/18812"}],"wp:attachment":[{"href":"https:\/\/www.paparazzinews.com.br\/index.php?rest_route=%2Fwp%2Fv2%2Fmedia&parent=18811"}],"wp:term":[{"taxonomy":"category","embeddable":true,"href":"https:\/\/www.paparazzinews.com.br\/index.php?rest_route=%2Fwp%2Fv2%2Fcategories&post=18811"},{"taxonomy":"post_tag","embeddable":true,"href":"https:\/\/www.paparazzinews.com.br\/index.php?rest_route=%2Fwp%2Fv2%2Ftags&post=18811"}],"curies":[{"name":"wp","href":"https:\/\/api.w.org\/{rel}","templated":true}]}}