{"id":18805,"date":"2025-07-03T18:07:30","date_gmt":"2025-07-03T21:07:30","guid":{"rendered":"https:\/\/www.paparazzinews.com.br\/?p=18805"},"modified":"2025-07-03T18:07:33","modified_gmt":"2025-07-03T21:07:33","slug":"jovens-da-fundacao-casa-prestam-vestibular-para-fatecs-em-busca-de-um-novo-futuro","status":"publish","type":"post","link":"https:\/\/www.paparazzinews.com.br\/?p=18805","title":{"rendered":"Jovens da Funda\u00e7\u00e3o Casa prestam vestibular para Fatecs em busca de um novo futuro"},"content":{"rendered":"\n<p><strong>S\u00c3O PAULO (SP)<\/strong> \u2013 Um grupo de <strong>27 adolescentes que cumprem ou j\u00e1 cumpriram medida socioeducativa de interna\u00e7\u00e3o<\/strong> na Funda\u00e7\u00e3o Casa prestou, no \u00faltimo domingo (29), o vestibular para as <strong>Faculdades de Tecnologia (Fatecs)<\/strong>. A iniciativa refor\u00e7a a import\u00e2ncia da <strong>educa\u00e7\u00e3o como ferramenta de reinser\u00e7\u00e3o social<\/strong> e constru\u00e7\u00e3o de novos caminhos.<\/p>\n\n\n\n<p>Com isen\u00e7\u00e3o concedida pelo <strong>Centro Paula Souza<\/strong>, autarquia respons\u00e1vel pelas Fatecs e Etecs, os jovens participaram da prova com o objetivo de ingressar no ensino superior tecnol\u00f3gico e se qualificar para o mercado de trabalho. A a\u00e7\u00e3o \u00e9 fruto da parceria entre o Governo do Estado de S\u00e3o Paulo e a Funda\u00e7\u00e3o Casa, que h\u00e1 anos promovem oportunidades educacionais para adolescentes em cumprimento de medida.<\/p>\n\n\n\n<h3 class=\"wp-block-heading\">Diversidade de cursos e \u00e1reas de interesse<\/h3>\n\n\n\n<p>Os candidatos demonstraram interesse em diversas \u00e1reas do conhecimento, como <strong>Tecnologia da Informa\u00e7\u00e3o, Gest\u00e3o, Ind\u00fastria e Neg\u00f3cios<\/strong>. Entre os cursos mais procurados est\u00e3o:<\/p>\n\n\n\n<ul class=\"wp-block-list\">\n<li>An\u00e1lise e Desenvolvimento de Sistemas<\/li>\n\n\n\n<li>Gest\u00e3o Comercial<\/li>\n\n\n\n<li>Desenvolvimento de Software Multiplataforma<\/li>\n\n\n\n<li>Gest\u00e3o Empresarial (presencial e EAD)<\/li>\n\n\n\n<li>Mec\u00e2nica Automobil\u00edstica<\/li>\n\n\n\n<li>Sistemas Biom\u00e9dicos<\/li>\n\n\n\n<li>Secretariado e Assessoria Internacional<\/li>\n\n\n\n<li>Com\u00e9rcio Exterior<\/li>\n\n\n\n<li>Eletr\u00f4nica Automotiva<\/li>\n\n\n\n<li>Gest\u00e3o da Tecnologia da Informa\u00e7\u00e3o<\/li>\n\n\n\n<li>Biocombust\u00edveis<\/li>\n\n\n\n<li>Gest\u00e3o de Neg\u00f3cio e Inova\u00e7\u00e3o<\/li>\n\n\n\n<li>Mecatr\u00f4nica Industrial<\/li>\n\n\n\n<li>Inform\u00e1tica para Neg\u00f3cios<\/li>\n<\/ul>\n\n\n\n<p>A maioria dos jovens concluiu recentemente o <strong>Ensino B\u00e1sico<\/strong> e v\u00ea na forma\u00e7\u00e3o t\u00e9cnica e tecnol\u00f3gica uma chance real de transforma\u00e7\u00e3o de vida.<\/p>\n\n\n\n<h3 class=\"wp-block-heading\">Pr\u00f3ximos passos<\/h3>\n\n\n\n<p>A <strong>classifica\u00e7\u00e3o da 1\u00aa lista de aprovados<\/strong> ser\u00e1 divulgada no dia <strong>15 de julho, a partir das 15h<\/strong>, no site oficial do vestibular: <a class=\"\" href=\"https:\/\/www.vestibularfatec.com.br\">www.vestibularfatec.com.br<\/a>.<\/p>\n\n\n\n<p>A Funda\u00e7\u00e3o Casa refor\u00e7a que a\u00e7\u00f5es como essa fazem parte de um esfor\u00e7o cont\u00ednuo para garantir aos adolescentes <strong>direito \u00e0 educa\u00e7\u00e3o, capacita\u00e7\u00e3o profissional e inclus\u00e3o social<\/strong>.<\/p>\n\n\n\n<p><strong><em><strong><em><strong><em><strong><em><strong><em><strong><em><strong><em><strong><em><strong><em><strong><em><strong><em><strong><em><strong><em><strong><em><strong><em><strong><em><strong><em><strong><em><strong><em><strong><em><strong><em><strong><em><strong><em><strong><em><strong><em><strong><em><strong><em><strong><em><strong><em><strong><em><strong><em><strong><em><strong><em><strong><em><strong><em><strong><em><strong><em><strong><em><strong><em><strong><em><strong><em><strong><em><strong><em><strong><em><strong><em><strong><em><strong><em><strong><em><strong><em><strong><em><strong><em><strong><em><strong><em><strong><em><strong><em><strong><em><strong><em><strong><em><strong><em><strong><em><strong><em><strong><em><strong><em><strong><em><strong><em><strong><em><strong><em><strong><em><strong><em><strong><em><strong><em><strong><em><strong><em><strong><em><strong><em><strong><em><strong><em><strong><em><strong><em><strong><em><strong><em><strong><em><strong><em><strong><em><strong><em><strong><em><strong><em><strong><em><strong><em><strong><em><strong><em><strong><em><strong><em><strong><em><strong><em><strong><em><strong><em><strong><em><strong><em><strong><em><strong><em><strong><em><strong><em><strong><em><strong><em><strong><em><strong><em><strong><em><strong><em><strong><em><strong><em><strong><em><strong><em><strong><em><strong><em><strong><em><strong><em><strong><em><strong><em><strong><em><strong><em><strong><em><strong><em><strong><em><strong><em><strong><em><strong><em><strong><em><strong><em><strong><em><strong><em><strong><em><strong><em><strong><em><strong><em><strong><em><strong><em><strong><em><strong><em><strong><em><strong><em><strong><em><strong><em><strong><em><strong><em><strong><em><strong><em><strong><em><strong><em><strong><em><strong><em><strong><em><strong><em><strong><em><strong><em><strong><em><strong><em><strong><em><strong><em><strong><em><strong><em><strong><em><strong><em><strong><em><strong><em><strong><em><strong><em><strong><em><strong><em><strong><em><strong><em><strong><em><strong><em><strong><em><strong><em><strong><em><strong><em><strong><em><strong><em><strong><em><strong><em><strong><em><strong><em><strong><em><strong><em><strong><em><strong><em><strong><em><strong><em><strong><em><strong><em><strong><em><strong><em><strong><em><strong><em><strong><em><strong><em><strong><em><strong><em><strong><em><strong><em><strong><em><strong><em><strong><em><strong><em><strong><em><strong><em><strong><em><strong><em><strong><em><strong><em><strong><em><strong><em><strong><em><strong><em><strong><em><strong><em><strong><em><strong><em><strong><em><strong><em><strong><em><strong><em><strong><em><strong><em><strong><em><strong><em><strong><em><strong><em><strong><em><strong><em><strong><em><strong><em><strong><em><strong><em><strong><em><strong><em><strong><em><strong><em><strong><em><strong><em><strong><em><strong><em><strong><em><strong><em><strong><em><strong><em><strong><em><strong><em><strong><em><strong>Siga nossas redes sociais e\u00a0participe da nossa comunidade do Canal de noticias do Roni Paparazzi no Whatsapp e receba as principais not\u00edcias da regi\u00e3o de Ara\u00e7atuba do dia direto no seu celular siga nosso \u00a0<a href=\"https:\/\/www.instagram.com\/ronipaparazzi\/\">Instagram e\u00a0<\/a><a href=\"https:\/\/www.facebook.com\/ronipaparazzicomvoce\">Facebook<\/a><a href=\"https:\/\/chat.whatsapp.com\/GsG1XKo0jPOEfjzudWQcml\" target=\"_blank\" rel=\"noreferrer noopener\">\u00a0Clique aqui e se inscreva.<\/a><\/strong><\/em><\/strong><\/em><\/strong><\/em><\/strong><\/em><\/strong><\/em><\/strong><\/em><\/strong><\/em><\/strong><\/em><\/strong><\/em><\/strong><\/em><\/strong><\/em><\/strong><\/em><\/strong><\/em><\/strong><\/em><\/strong><\/em><\/strong><\/em><\/strong><\/em><\/strong><\/em><\/strong><\/em><\/strong><\/em><\/strong><\/em><\/strong><\/em><\/strong><\/em><\/strong><\/em><\/strong><\/em><\/strong><\/em><\/strong><\/em><\/strong><\/em><\/strong><\/em><\/strong><\/em><\/strong><\/em><\/strong><\/em><\/strong><\/em><\/strong><\/em><\/strong><\/em><\/strong><\/em><\/strong><\/em><\/strong><\/em><\/strong><\/em><\/strong><\/em><\/strong><\/em><\/strong><\/em><\/strong><\/em><\/strong><\/em><\/strong><\/em><\/strong><\/em><\/strong><\/em><\/strong><\/em><\/strong><\/em><\/strong><\/em><\/strong><\/em><\/strong><\/em><\/strong><\/em><\/strong><\/em><\/strong><\/em><\/strong><\/em><\/strong><\/em><\/strong><\/em><\/strong><\/em><\/strong><\/em><\/strong><\/em><\/strong><\/em><\/strong><\/em><\/strong><\/em><\/strong><\/em><\/strong><\/em><\/strong><\/em><\/strong><\/em><\/strong><\/em><\/strong><\/em><\/strong><\/em><\/strong><\/em><\/strong><\/em><\/strong><\/em><\/strong><\/em><\/strong><\/em><\/strong><\/em><\/strong><\/em><\/strong><\/em><\/strong><\/em><\/strong><\/em><\/strong><\/em><\/strong><\/em><\/strong><\/em><\/strong><\/em><\/strong><\/em><\/strong><\/em><\/strong><\/em><\/strong><\/em><\/strong><\/em><\/strong><\/em><\/strong><\/em><\/strong><\/em><\/strong><\/em><\/strong><\/em><\/strong><\/em><\/strong><\/em><\/strong><\/em><\/strong><\/em><\/strong><\/em><\/strong><\/em><\/strong><\/em><\/strong><\/em><\/strong><\/em><\/strong><\/em><\/strong><\/em><\/strong><\/em><\/strong><\/em><\/strong><\/em><\/strong><\/em><\/strong><\/em><\/strong><\/em><\/strong><\/em><\/strong><\/em><\/strong><\/em><\/strong><\/em><\/strong><\/em><\/strong><\/em><\/strong><\/em><\/strong><\/em><\/strong><\/em><\/strong><\/em><\/strong><\/em><\/strong><\/em><\/strong><\/em><\/strong><\/em><\/strong><\/em><\/strong><\/em><\/strong><\/em><\/strong><\/em><\/strong><\/em><\/strong><\/em><\/strong><\/em><\/strong><\/em><\/strong><\/em><\/strong><\/em><\/strong><\/em><\/strong><\/em><\/strong><\/em><\/strong><\/em><\/strong><\/em><\/strong><\/em><\/strong><\/em><\/strong><\/em><\/strong><\/em><\/strong><\/em><\/strong><\/em><\/strong><\/em><\/strong><\/em><\/strong><\/em><\/strong><\/em><\/strong><\/em><\/strong><\/em><\/strong><\/em><\/strong><\/em><\/strong><\/em><\/strong><\/em><\/strong><\/em><\/strong><\/em><\/strong><\/em><\/strong><\/em><\/strong><\/em><\/strong><\/em><\/strong><\/em><\/strong><\/em><\/strong><\/em><\/strong><\/em><\/strong><\/em><\/strong><\/em><\/strong><\/em><\/strong><\/em><\/strong><\/em><\/strong><\/em><\/strong><\/em><\/strong><\/em><\/strong><\/em><\/strong><\/em><\/strong><\/em><\/strong><\/em><\/strong><\/em><\/strong><\/em><\/strong><\/em><\/strong><\/em><\/strong><\/em><\/strong><\/em><\/strong><\/em><\/strong><\/em><\/strong><\/em><\/strong><\/em><\/strong><\/em><\/strong><\/em><\/strong><\/em><\/strong><\/em><\/strong><\/em><\/strong><\/em><\/strong><\/em><\/strong><\/em><\/strong><\/em><\/strong><\/em><\/strong><\/em><\/strong><\/em><\/strong><\/em><\/strong><\/em><\/strong><\/em><\/strong><\/em><\/strong><\/em><\/strong><\/em><\/strong><\/em><\/strong><\/em><\/strong><\/em><\/strong><\/em><\/strong><\/em><\/strong><\/em><\/strong><\/em><\/strong><\/em><\/strong><\/em><\/strong><\/em><\/strong><\/em><\/strong><\/em><\/strong><\/em><\/strong><\/em><\/strong><\/em><\/strong><\/em><\/strong><\/em><\/strong><\/em><\/strong><\/em><\/strong><\/em><\/strong><\/em><\/strong><\/em><\/strong><\/em><\/strong><\/em><\/strong><\/em><\/strong><\/em><\/strong><\/em><\/strong><\/em><\/strong><\/em><\/strong><\/em><\/strong><\/em><\/strong><\/em><\/strong><\/em><\/strong><\/em><\/strong><\/em><\/strong><\/em><\/strong><\/em><\/strong><\/em><\/strong><\/em><\/strong><\/em><\/strong><\/em><\/strong><\/em><\/strong><\/em><\/strong><\/p>\n","protected":false},"excerpt":{"rendered":"<p>S\u00c3O PAULO (SP) \u2013 Um grupo de 27 adolescentes que cumprem ou j\u00e1 cumpriram medida socioeducativa de interna\u00e7\u00e3o na Funda\u00e7\u00e3o Casa prestou, no \u00faltimo domingo (29), o vestibular para as Faculdades de Tecnologia (Fatecs). A iniciativa refor\u00e7a a import\u00e2ncia da educa\u00e7\u00e3o como ferramenta de reinser\u00e7\u00e3o social e constru\u00e7\u00e3o de novos caminhos. Com isen\u00e7\u00e3o concedida pelo &hellip;<\/p>\n","protected":false},"author":1,"featured_media":18806,"comment_status":"open","ping_status":"open","sticky":false,"template":"","format":"standard","meta":{"_jetpack_memberships_contains_paid_content":false,"footnotes":"","jetpack_publicize_message":"","jetpack_publicize_feature_enabled":true,"jetpack_social_post_already_shared":true,"jetpack_social_options":{"image_generator_settings":{"template":"highway","default_image_id":0,"enabled":false},"version":2}},"categories":[4],"tags":[],"class_list":["post-18805","post","type-post","status-publish","format-standard","has-post-thumbnail","hentry","category-regiao"],"jetpack_publicize_connections":[],"jetpack_featured_media_url":"https:\/\/i0.wp.com\/www.paparazzinews.com.br\/wp-content\/uploads\/2025\/07\/prova1.jpg?fit=1232%2C821&ssl=1","views":"1906","jetpack_likes_enabled":true,"jetpack_sharing_enabled":true,"_links":{"self":[{"href":"https:\/\/www.paparazzinews.com.br\/index.php?rest_route=\/wp\/v2\/posts\/18805","targetHints":{"allow":["GET"]}}],"collection":[{"href":"https:\/\/www.paparazzinews.com.br\/index.php?rest_route=\/wp\/v2\/posts"}],"about":[{"href":"https:\/\/www.paparazzinews.com.br\/index.php?rest_route=\/wp\/v2\/types\/post"}],"author":[{"embeddable":true,"href":"https:\/\/www.paparazzinews.com.br\/index.php?rest_route=\/wp\/v2\/users\/1"}],"replies":[{"embeddable":true,"href":"https:\/\/www.paparazzinews.com.br\/index.php?rest_route=%2Fwp%2Fv2%2Fcomments&post=18805"}],"version-history":[{"count":1,"href":"https:\/\/www.paparazzinews.com.br\/index.php?rest_route=\/wp\/v2\/posts\/18805\/revisions"}],"predecessor-version":[{"id":18807,"href":"https:\/\/www.paparazzinews.com.br\/index.php?rest_route=\/wp\/v2\/posts\/18805\/revisions\/18807"}],"wp:featuredmedia":[{"embeddable":true,"href":"https:\/\/www.paparazzinews.com.br\/index.php?rest_route=\/wp\/v2\/media\/18806"}],"wp:attachment":[{"href":"https:\/\/www.paparazzinews.com.br\/index.php?rest_route=%2Fwp%2Fv2%2Fmedia&parent=18805"}],"wp:term":[{"taxonomy":"category","embeddable":true,"href":"https:\/\/www.paparazzinews.com.br\/index.php?rest_route=%2Fwp%2Fv2%2Fcategories&post=18805"},{"taxonomy":"post_tag","embeddable":true,"href":"https:\/\/www.paparazzinews.com.br\/index.php?rest_route=%2Fwp%2Fv2%2Ftags&post=18805"}],"curies":[{"name":"wp","href":"https:\/\/api.w.org\/{rel}","templated":true}]}}