{"id":18796,"date":"2025-07-03T13:56:20","date_gmt":"2025-07-03T16:56:20","guid":{"rendered":"https:\/\/www.paparazzinews.com.br\/?p=18796"},"modified":"2025-07-03T13:56:23","modified_gmt":"2025-07-03T16:56:23","slug":"governo-de-sp-investe-r-114-milhoes-em-obras-e-equipamentos-para-reforcar-a-defesa-civil-nos-municipios","status":"publish","type":"post","link":"https:\/\/www.paparazzinews.com.br\/?p=18796","title":{"rendered":"Governo de SP investe R$ 114 milh\u00f5es em obras e equipamentos para refor\u00e7ar a Defesa Civil nos munic\u00edpios"},"content":{"rendered":"\n<p><strong>S\u00c3O PAULO (SP)<\/strong> \u2013 Em uma grande a\u00e7\u00e3o voltada \u00e0 seguran\u00e7a e prote\u00e7\u00e3o da popula\u00e7\u00e3o, o Governo do Estado de S\u00e3o Paulo anunciou, nesta ter\u00e7a-feira (1\u00ba), um pacote de <strong>R$ 114 milh\u00f5es<\/strong> em investimentos para fortalecer a <strong>Defesa Civil<\/strong> em todas as regi\u00f5es paulistas. A cerim\u00f4nia de assinatura e entrega dos conv\u00eanios foi realizada no <strong>Pal\u00e1cio dos Bandeirantes<\/strong>, com a presen\u00e7a do governador <strong>Tarc\u00edsio de Freitas<\/strong>, prefeitos, autoridades civis e militares. A informa\u00e7\u00e3o \u00e9 do Roni Paparazzi e Foto: Ag\u00eancia SP.<\/p>\n\n\n\n<h3 class=\"wp-block-heading\">Estrutura e equipamentos para salvar vidas<\/h3>\n\n\n\n<p>Entre os principais an\u00fancios est\u00e3o:<\/p>\n\n\n\n<ul class=\"wp-block-list\">\n<li><strong>36 novos conv\u00eanios<\/strong> para <strong>aquisi\u00e7\u00e3o de viaturas<\/strong> de Defesa Civil, com investimento de <strong>R$ 4,1 milh\u00f5es<\/strong>;<\/li>\n\n\n\n<li><strong>51 conv\u00eanios com prefeituras<\/strong> para <strong>obras de infraestrutura e conten\u00e7\u00e3o de riscos<\/strong>, totalizando <strong>R$ 51,8 milh\u00f5es<\/strong>;<\/li>\n\n\n\n<li><strong>Entrega de 100 ve\u00edculos e 199 equipamentos<\/strong> de combate a inc\u00eandio, com investimento de <strong>R$ 14,8 milh\u00f5es<\/strong>;<\/li>\n\n\n\n<li><strong>30 obras de Defesa Civil inauguradas<\/strong>, somando <strong>R$ 33,4 milh\u00f5es<\/strong> em interven\u00e7\u00f5es de preven\u00e7\u00e3o em \u00e1reas vulner\u00e1veis;<\/li>\n\n\n\n<li><strong>Autoriza\u00e7\u00e3o para aquisi\u00e7\u00e3o de 20 caminh\u00f5es-pipa<\/strong>, essenciais para o enfrentamento da seca, com aporte de <strong>R$ 10 milh\u00f5es<\/strong>.<\/li>\n<\/ul>\n\n\n\n<p>O governador Tarc\u00edsio destacou a import\u00e2ncia do trabalho conjunto entre Estado e munic\u00edpios:<\/p>\n\n\n\n<blockquote class=\"wp-block-quote is-layout-flow wp-block-quote-is-layout-flow\">\n<p>\u201cFalamos tanto sobre obras grandes, mas muitas vezes as mais importantes s\u00e3o as menores, como pontes e liga\u00e7\u00f5es que garantem o direito de ir e vir do cidad\u00e3o. A Defesa Civil \u00e9 um trabalho apaixonado, silencioso, mas essencial\u201d, afirmou.<\/p>\n<\/blockquote>\n\n\n\n<h3 class=\"wp-block-heading\">Medalha da Defesa Civil e homenagens<\/h3>\n\n\n\n<p>Durante o evento, <strong>60 personalidades civis e militares<\/strong> foram homenageadas com a <strong>Medalha da Defesa Civil<\/strong>, reconhecimento por suas contribui\u00e7\u00f5es ao fortalecimento das a\u00e7\u00f5es preventivas e emergenciais em S\u00e3o Paulo.<\/p>\n\n\n\n<h3 class=\"wp-block-heading\">Parceria com a sociedade civil<\/h3>\n\n\n\n<p>Em um passo inovador, foi anunciada tamb\u00e9m uma <strong>parceria in\u00e9dita<\/strong> com o <strong>Movimento Uni\u00e3o BR<\/strong>, organiza\u00e7\u00e3o que atua no apoio a comunidades atingidas por desastres clim\u00e1ticos. A a\u00e7\u00e3o ter\u00e1 apoio da rede <strong>Firehouse Subs Brasil<\/strong>, que funcionar\u00e1 como ponto de arrecada\u00e7\u00e3o de doa\u00e7\u00f5es em suas lojas. Os recursos arrecadados ser\u00e3o destinados \u00e0s a\u00e7\u00f5es emergenciais em todo o Estado.<\/p>\n\n\n\n<blockquote class=\"wp-block-quote is-layout-flow wp-block-quote-is-layout-flow\">\n<p>\u201cEstamos entregando obras e equipamentos que salvam vidas, protegem comunidades e tornam S\u00e3o Paulo mais resiliente. Essa \u00e9 uma entrega concreta de um governo comprometido com a seguran\u00e7a das pessoas\u201d, declarou o <strong>Coronel Henguel Pereira<\/strong>, Coordenador Estadual da Defesa Civil.<\/p>\n<\/blockquote>\n\n\n\n<p><strong><em><strong><em><strong><em><strong><em><strong><em><strong><em><strong><em><strong><em><strong><em><strong><em><strong><em><strong><em><strong><em><strong><em><strong><em><strong><em><strong><em><strong><em><strong><em><strong><em><strong><em><strong><em><strong><em><strong><em><strong><em><strong><em><strong><em><strong><em><strong><em><strong><em><strong><em><strong><em><strong><em><strong><em><strong><em><strong><em><strong><em><strong><em><strong><em><strong><em><strong><em><strong><em><strong><em><strong><em><strong><em><strong><em><strong><em><strong><em><strong><em><strong><em><strong><em><strong><em><strong><em><strong><em><strong><em><strong><em><strong><em><strong><em><strong><em><strong><em><strong><em><strong><em><strong><em><strong><em><strong><em><strong><em><strong><em><strong><em><strong><em><strong><em><strong><em><strong><em><strong><em><strong><em><strong><em><strong><em><strong><em><strong><em><strong><em><strong><em><strong><em><strong><em><strong><em><strong><em><strong><em><strong><em><strong><em><strong><em><strong><em><strong><em><strong><em><strong><em><strong><em><strong><em><strong><em><strong><em><strong><em><strong><em><strong><em><strong><em><strong><em><strong><em><strong><em><strong><em><strong><em><strong><em><strong><em><strong><em><strong><em><strong><em><strong><em><strong><em><strong><em><strong><em><strong><em><strong><em><strong><em><strong><em><strong><em><strong><em><strong><em><strong><em><strong><em><strong><em><strong><em><strong><em><strong><em><strong><em><strong><em><strong><em><strong><em><strong><em><strong><em><strong><em><strong><em><strong><em><strong><em><strong><em><strong><em><strong><em><strong><em><strong><em><strong><em><strong><em><strong><em><strong><em><strong><em><strong><em><strong><em><strong><em><strong><em><strong><em><strong><em><strong><em><strong><em><strong><em><strong><em><strong><em><strong><em><strong><em><strong><em><strong><em><strong><em><strong><em><strong><em><strong><em><strong><em><strong><em><strong><em><strong><em><strong><em><strong><em><strong><em><strong><em><strong><em><strong><em><strong><em><strong><em><strong><em><strong><em><strong><em><strong><em><strong><em><strong><em><strong><em><strong><em><strong><em><strong><em><strong><em><strong><em><strong><em><strong><em><strong><em><strong><em><strong><em><strong><em><strong><em><strong><em><strong><em><strong><em><strong><em><strong><em><strong><em><strong><em><strong><em><strong><em><strong><em><strong><em><strong><em><strong><em><strong><em><strong><em><strong><em><strong><em><strong><em><strong><em><strong><em><strong><em><strong><em><strong><em><strong><em><strong><em><strong><em><strong><em><strong><em><strong><em><strong><em><strong><em><strong><em><strong><em><strong><em><strong><em><strong><em><strong><em><strong><em><strong><em><strong><em><strong><em><strong><em><strong><em><strong><em><strong><em><strong><em><strong><em><strong><em><strong><em><strong><em><strong><em><strong><em><strong><em><strong>Siga nossas redes sociais e\u00a0participe da nossa comunidade do Canal de noticias do Roni Paparazzi no Whatsapp e receba as principais not\u00edcias da regi\u00e3o de Ara\u00e7atuba do dia direto no seu celular siga nosso \u00a0<a href=\"https:\/\/www.instagram.com\/ronipaparazzi\/\">Instagram e\u00a0<\/a><a href=\"https:\/\/www.facebook.com\/ronipaparazzicomvoce\">Facebook<\/a><a href=\"https:\/\/chat.whatsapp.com\/GsG1XKo0jPOEfjzudWQcml\" target=\"_blank\" rel=\"noreferrer noopener\">\u00a0Clique aqui e se inscreva.<\/a><\/strong><\/em><\/strong><\/em><\/strong><\/em><\/strong><\/em><\/strong><\/em><\/strong><\/em><\/strong><\/em><\/strong><\/em><\/strong><\/em><\/strong><\/em><\/strong><\/em><\/strong><\/em><\/strong><\/em><\/strong><\/em><\/strong><\/em><\/strong><\/em><\/strong><\/em><\/strong><\/em><\/strong><\/em><\/strong><\/em><\/strong><\/em><\/strong><\/em><\/strong><\/em><\/strong><\/em><\/strong><\/em><\/strong><\/em><\/strong><\/em><\/strong><\/em><\/strong><\/em><\/strong><\/em><\/strong><\/em><\/strong><\/em><\/strong><\/em><\/strong><\/em><\/strong><\/em><\/strong><\/em><\/strong><\/em><\/strong><\/em><\/strong><\/em><\/strong><\/em><\/strong><\/em><\/strong><\/em><\/strong><\/em><\/strong><\/em><\/strong><\/em><\/strong><\/em><\/strong><\/em><\/strong><\/em><\/strong><\/em><\/strong><\/em><\/strong><\/em><\/strong><\/em><\/strong><\/em><\/strong><\/em><\/strong><\/em><\/strong><\/em><\/strong><\/em><\/strong><\/em><\/strong><\/em><\/strong><\/em><\/strong><\/em><\/strong><\/em><\/strong><\/em><\/strong><\/em><\/strong><\/em><\/strong><\/em><\/strong><\/em><\/strong><\/em><\/strong><\/em><\/strong><\/em><\/strong><\/em><\/strong><\/em><\/strong><\/em><\/strong><\/em><\/strong><\/em><\/strong><\/em><\/strong><\/em><\/strong><\/em><\/strong><\/em><\/strong><\/em><\/strong><\/em><\/strong><\/em><\/strong><\/em><\/strong><\/em><\/strong><\/em><\/strong><\/em><\/strong><\/em><\/strong><\/em><\/strong><\/em><\/strong><\/em><\/strong><\/em><\/strong><\/em><\/strong><\/em><\/strong><\/em><\/strong><\/em><\/strong><\/em><\/strong><\/em><\/strong><\/em><\/strong><\/em><\/strong><\/em><\/strong><\/em><\/strong><\/em><\/strong><\/em><\/strong><\/em><\/strong><\/em><\/strong><\/em><\/strong><\/em><\/strong><\/em><\/strong><\/em><\/strong><\/em><\/strong><\/em><\/strong><\/em><\/strong><\/em><\/strong><\/em><\/strong><\/em><\/strong><\/em><\/strong><\/em><\/strong><\/em><\/strong><\/em><\/strong><\/em><\/strong><\/em><\/strong><\/em><\/strong><\/em><\/strong><\/em><\/strong><\/em><\/strong><\/em><\/strong><\/em><\/strong><\/em><\/strong><\/em><\/strong><\/em><\/strong><\/em><\/strong><\/em><\/strong><\/em><\/strong><\/em><\/strong><\/em><\/strong><\/em><\/strong><\/em><\/strong><\/em><\/strong><\/em><\/strong><\/em><\/strong><\/em><\/strong><\/em><\/strong><\/em><\/strong><\/em><\/strong><\/em><\/strong><\/em><\/strong><\/em><\/strong><\/em><\/strong><\/em><\/strong><\/em><\/strong><\/em><\/strong><\/em><\/strong><\/em><\/strong><\/em><\/strong><\/em><\/strong><\/em><\/strong><\/em><\/strong><\/em><\/strong><\/em><\/strong><\/em><\/strong><\/em><\/strong><\/em><\/strong><\/em><\/strong><\/em><\/strong><\/em><\/strong><\/em><\/strong><\/em><\/strong><\/em><\/strong><\/em><\/strong><\/em><\/strong><\/em><\/strong><\/em><\/strong><\/em><\/strong><\/em><\/strong><\/em><\/strong><\/em><\/strong><\/em><\/strong><\/em><\/strong><\/em><\/strong><\/em><\/strong><\/em><\/strong><\/em><\/strong><\/em><\/strong><\/em><\/strong><\/em><\/strong><\/em><\/strong><\/em><\/strong><\/em><\/strong><\/em><\/strong><\/em><\/strong><\/em><\/strong><\/em><\/strong><\/em><\/strong><\/em><\/strong><\/em><\/strong><\/em><\/strong><\/em><\/strong><\/em><\/strong><\/em><\/strong><\/em><\/strong><\/em><\/strong><\/em><\/strong><\/em><\/strong><\/em><\/strong><\/em><\/strong><\/em><\/strong><\/em><\/strong><\/em><\/strong><\/em><\/strong><\/em><\/strong><\/em><\/strong><\/em><\/strong><\/em><\/strong><\/em><\/strong><\/em><\/strong><\/em><\/strong><\/em><\/strong><\/em><\/strong><\/em><\/strong><\/em><\/strong><\/em><\/strong><\/em><\/strong><\/em><\/strong><\/em><\/strong><\/em><\/strong><\/em><\/strong><\/em><\/strong><\/em><\/strong><\/em><\/strong><\/em><\/strong><\/em><\/strong><\/em><\/strong><\/em><\/strong><\/em><\/strong><\/em><\/strong><\/em><\/strong><\/em><\/strong><\/em><\/strong><\/em><\/strong><\/em><\/strong><\/em><\/strong><\/em><\/strong><\/em><\/strong><\/em><\/strong><\/em><\/strong><\/em><\/strong><\/em><\/strong><\/em><\/strong><\/em><\/strong><\/em><\/strong><\/p>\n","protected":false},"excerpt":{"rendered":"<p>S\u00c3O PAULO (SP) \u2013 Em uma grande a\u00e7\u00e3o voltada \u00e0 seguran\u00e7a e prote\u00e7\u00e3o da popula\u00e7\u00e3o, o Governo do Estado de S\u00e3o Paulo anunciou, nesta ter\u00e7a-feira (1\u00ba), um pacote de R$ 114 milh\u00f5es em investimentos para fortalecer a Defesa Civil em todas as regi\u00f5es paulistas. A cerim\u00f4nia de assinatura e entrega dos conv\u00eanios foi realizada no &hellip;<\/p>\n","protected":false},"author":1,"featured_media":18797,"comment_status":"open","ping_status":"open","sticky":false,"template":"","format":"standard","meta":{"_jetpack_memberships_contains_paid_content":false,"footnotes":"","jetpack_publicize_message":"","jetpack_publicize_feature_enabled":true,"jetpack_social_post_already_shared":true,"jetpack_social_options":{"image_generator_settings":{"template":"highway","default_image_id":0,"enabled":false},"version":2}},"categories":[4],"tags":[],"class_list":["post-18796","post","type-post","status-publish","format-standard","has-post-thumbnail","hentry","category-regiao"],"jetpack_publicize_connections":[],"jetpack_featured_media_url":"https:\/\/i0.wp.com\/www.paparazzinews.com.br\/wp-content\/uploads\/2025\/07\/Entrega-de-viaturas-Defesa-Civil-scaled-e1751561763966.jpg?fit=1000%2C750&ssl=1","views":"1438","jetpack_likes_enabled":true,"jetpack_sharing_enabled":true,"_links":{"self":[{"href":"https:\/\/www.paparazzinews.com.br\/index.php?rest_route=\/wp\/v2\/posts\/18796","targetHints":{"allow":["GET"]}}],"collection":[{"href":"https:\/\/www.paparazzinews.com.br\/index.php?rest_route=\/wp\/v2\/posts"}],"about":[{"href":"https:\/\/www.paparazzinews.com.br\/index.php?rest_route=\/wp\/v2\/types\/post"}],"author":[{"embeddable":true,"href":"https:\/\/www.paparazzinews.com.br\/index.php?rest_route=\/wp\/v2\/users\/1"}],"replies":[{"embeddable":true,"href":"https:\/\/www.paparazzinews.com.br\/index.php?rest_route=%2Fwp%2Fv2%2Fcomments&post=18796"}],"version-history":[{"count":1,"href":"https:\/\/www.paparazzinews.com.br\/index.php?rest_route=\/wp\/v2\/posts\/18796\/revisions"}],"predecessor-version":[{"id":18798,"href":"https:\/\/www.paparazzinews.com.br\/index.php?rest_route=\/wp\/v2\/posts\/18796\/revisions\/18798"}],"wp:featuredmedia":[{"embeddable":true,"href":"https:\/\/www.paparazzinews.com.br\/index.php?rest_route=\/wp\/v2\/media\/18797"}],"wp:attachment":[{"href":"https:\/\/www.paparazzinews.com.br\/index.php?rest_route=%2Fwp%2Fv2%2Fmedia&parent=18796"}],"wp:term":[{"taxonomy":"category","embeddable":true,"href":"https:\/\/www.paparazzinews.com.br\/index.php?rest_route=%2Fwp%2Fv2%2Fcategories&post=18796"},{"taxonomy":"post_tag","embeddable":true,"href":"https:\/\/www.paparazzinews.com.br\/index.php?rest_route=%2Fwp%2Fv2%2Ftags&post=18796"}],"curies":[{"name":"wp","href":"https:\/\/api.w.org\/{rel}","templated":true}]}}