{"id":18734,"date":"2025-07-01T15:10:36","date_gmt":"2025-07-01T18:10:36","guid":{"rendered":"https:\/\/www.paparazzinews.com.br\/?p=18734"},"modified":"2025-07-01T15:10:39","modified_gmt":"2025-07-01T18:10:39","slug":"cientistas-da-ufscar-desenvolvem-teste-de-sangue-para-detectar-alzheimer-em-estagio-inicial","status":"publish","type":"post","link":"https:\/\/www.paparazzinews.com.br\/?p=18734","title":{"rendered":"Cientistas da UFSCar desenvolvem teste de sangue para detectar Alzheimer em est\u00e1gio inicial"},"content":{"rendered":"\n<p><strong>Estudo com 500 brasileiros identifica prote\u00edna ADAM10 como poss\u00edvel marcador progn\u00f3stico da doen\u00e7a e pode revolucionar diagn\u00f3sticos precoces<\/strong><\/p>\n\n\n\n<p><em>ARARAQUARA (SP)<\/em> \u2013 Pesquisadores da <strong>Universidade Federal de S\u00e3o Carlos (UFSCar)<\/strong> est\u00e3o desenvolvendo um <strong>painel de biomarcadores sangu\u00edneos<\/strong> capaz de identificar precocemente casos de <strong>Alzheimer<\/strong> e diferenciar a doen\u00e7a de outros tipos de dem\u00eancia. A pesquisa, financiada pela <strong>Fapesp<\/strong>, combina gen\u00e9tica, bioqu\u00edmica e tecnologia de sensores, e j\u00e1 \u00e9 considerada uma das mais promissoras na \u00e1rea de diagn\u00f3stico precoce da neurodegenera\u00e7\u00e3o. A informa\u00e7\u00e3o \u00e9 do Roni Paparazzi e Foto: Ag\u00eancia SP.<\/p>\n\n\n\n<p>Um dos achados mais relevantes do grupo foi a identifica\u00e7\u00e3o de uma <strong>prote\u00edna chamada ADAM10<\/strong>, cujos n\u00edveis elevados no sangue, em associa\u00e7\u00e3o a uma condi\u00e7\u00e3o gen\u00e9tica rara, est\u00e3o ligados ao maior risco de desenvolvimento da doen\u00e7a.<\/p>\n\n\n\n<blockquote class=\"wp-block-quote is-layout-flow wp-block-quote-is-layout-flow\">\n<p>\u201cA ADAM10 tem um papel importante ao impedir a forma\u00e7\u00e3o das placas beta-amiloide no c\u00e9rebro, que s\u00e3o marcas cl\u00e1ssicas do Alzheimer. Nosso objetivo \u00e9 transform\u00e1-la em um marcador de risco mensur\u00e1vel por exame de sangue\u201d, afirma a professora <strong>M\u00e1rcia Regina Cominetti<\/strong>, coordenadora do projeto no <strong>Laborat\u00f3rio de Biologia do Envelhecimento (Laben-UFSCar)<\/strong>.<\/p>\n<\/blockquote>\n\n\n\n<hr class=\"wp-block-separator has-alpha-channel-opacity\"\/>\n\n\n\n<h3 class=\"wp-block-heading\">\ud83d\udd2c Como funciona a descoberta<\/h3>\n\n\n\n<p>A pesquisa analisou o gen\u00f3tipo de <strong>500 volunt\u00e1rios<\/strong>, com e sem Alzheimer, para entender o comportamento da ADAM10 no sangue. Os cientistas descobriram que muta\u00e7\u00f5es no <strong>gene APOE (alelo E4)<\/strong> \u2014 j\u00e1 associadas \u00e0 doen\u00e7a \u2014 elevam a quantidade de <strong>ADAM10 inativa<\/strong>, o que compromete sua capacidade de proteger o c\u00e9rebro da forma\u00e7\u00e3o das placas.<\/p>\n\n\n\n<blockquote class=\"wp-block-quote is-layout-flow wp-block-quote-is-layout-flow\">\n<p>\u201cSe tudo correr como esperamos, a ADAM10 poder\u00e1 ser usada como marcador <strong>progn\u00f3stico<\/strong>, indicando o risco antes mesmo de as placas se formarem no c\u00e9rebro\u201d, explica Cominetti.<\/p>\n<\/blockquote>\n\n\n\n<p>O grande diferencial est\u00e1 na possibilidade de detectar essas altera\u00e7\u00f5es <strong>ainda no est\u00e1gio de comprometimento cognitivo leve<\/strong>, quando o paciente apresenta lapsos de mem\u00f3ria, mas mant\u00e9m autonomia funcional.<\/p>\n\n\n\n<hr class=\"wp-block-separator has-alpha-channel-opacity\"\/>\n\n\n\n<h3 class=\"wp-block-heading\">\ud83e\uddea Tecnologia e impacto social<\/h3>\n\n\n\n<p>Com o apoio dos departamentos de <strong>Qu\u00edmica<\/strong> e <strong>Gerontologia<\/strong>, os pesquisadores da UFSCar tamb\u00e9m desenvolveram um <strong>sensor port\u00e1til<\/strong> que detecta os n\u00edveis de ADAM10 no sangue. O dispositivo est\u00e1 em fase de valida\u00e7\u00e3o com os volunt\u00e1rios da pesquisa.<\/p>\n\n\n\n<p>Segundo Cominetti, mesmo sem cura dispon\u00edvel atualmente, o diagn\u00f3stico precoce \u00e9 vital:<\/p>\n\n\n\n<blockquote class=\"wp-block-quote is-layout-flow wp-block-quote-is-layout-flow\">\n<p>\u201cMuitas pessoas perguntam: \u2018Para que saber, se n\u00e3o h\u00e1 cura?\u2019 A resposta \u00e9 simples: se um tratamento surgir \u2014 e ele vai surgir \u2014 ser\u00e1 fundamental j\u00e1 termos ferramentas diagn\u00f3sticas confi\u00e1veis. Estamos trabalhando para o futuro.\u201d<\/p>\n<\/blockquote>\n\n\n\n<hr class=\"wp-block-separator has-alpha-channel-opacity\"\/>\n\n\n\n<h3 class=\"wp-block-heading\">\ud83c\udf0e Banco gen\u00e9tico in\u00e9dito e representativo<\/h3>\n\n\n\n<p>Outro legado importante da pesquisa \u00e9 a cria\u00e7\u00e3o de um <strong>banco gen\u00e9tico \u00fanico<\/strong>, com dados de brasileiros de diversas <strong>origens sociais, culturais e econ\u00f4micas<\/strong>, algo raro nos estudos globais sobre Alzheimer, geralmente centrados em popula\u00e7\u00f5es do hemisf\u00e9rio norte.<\/p>\n\n\n\n<blockquote class=\"wp-block-quote is-layout-flow wp-block-quote-is-layout-flow\">\n<p>\u201cNosso banco de dados \u00e9 geneticamente diverso e socialmente heterog\u00eaneo. Isso \u00e9 essencial, pois fatores de risco como escolaridade, renda e qualidade de vida influenciam o surgimento e o avan\u00e7o da doen\u00e7a\u201d, afirma Cominetti.<\/p>\n<\/blockquote>\n\n\n\n<hr class=\"wp-block-separator has-alpha-channel-opacity\"\/>\n\n\n\n<h3 class=\"wp-block-heading\">\ud83e\udde0 O Alzheimer no mundo<\/h3>\n\n\n\n<p>A <strong>doen\u00e7a de Alzheimer<\/strong> \u00e9 a principal causa de dem\u00eancia no mundo, atingindo <strong>mais de 35 milh\u00f5es de pessoas<\/strong>. Segundo a <strong>Organiza\u00e7\u00e3o Mundial da Sa\u00fade (OMS)<\/strong>, ela voltou a ser a doen\u00e7a infecciosa que mais mata no planeta. No Brasil, os \u00edndices s\u00e3o quase seis vezes maiores que as metas globais.<\/p>\n\n\n\n<hr class=\"wp-block-separator has-alpha-channel-opacity\"\/>\n\n\n\n<p>\ud83d\udccc <em>Com base na ci\u00eancia brasileira e olhando para o futuro, o projeto da UFSCar pode tornar realidade uma das maiores necessidades da medicina moderna: diagnosticar o Alzheimer antes que ele comprometa a vida.<\/em><\/p>\n\n\n\n<p><strong><em><strong><em><strong><em><strong><em><strong><em><strong><em><strong><em><strong><em><strong><em><strong><em><strong><em><strong><em><strong><em><strong><em><strong><em><strong><em><strong><em><strong><em><strong><em><strong><em><strong><em><strong><em><strong><em><strong><em><strong><em><strong><em><strong><em><strong><em><strong><em><strong><em><strong><em><strong><em><strong><em><strong><em><strong><em><strong><em><strong><em><strong><em><strong><em><strong><em><strong><em><strong><em><strong><em><strong><em><strong><em><strong><em><strong><em><strong><em><strong><em><strong><em><strong><em><strong><em><strong><em><strong><em><strong><em><strong><em><strong><em><strong><em><strong><em><strong><em><strong><em><strong><em><strong><em><strong><em><strong><em><strong><em><strong><em><strong><em><strong><em><strong><em><strong><em><strong><em><strong><em><strong><em><strong><em><strong><em><strong><em><strong><em><strong><em><strong><em><strong><em><strong><em><strong><em><strong><em><strong><em><strong><em><strong><em><strong><em><strong><em><strong><em><strong><em><strong><em><strong><em><strong><em><strong><em><strong><em><strong><em><strong><em><strong><em><strong><em><strong><em><strong><em><strong><em><strong><em><strong><em><strong><em><strong><em><strong><em><strong><em><strong><em><strong><em><strong><em><strong><em><strong><em><strong><em><strong><em><strong><em><strong><em><strong><em><strong><em><strong><em><strong><em><strong><em><strong><em><strong><em><strong><em><strong><em><strong><em><strong><em><strong><em><strong><em><strong><em><strong><em><strong><em><strong><em><strong><em><strong><em><strong><em><strong><em><strong><em><strong><em><strong><em><strong><em><strong><em><strong><em><strong><em><strong><em><strong><em><strong><em><strong><em><strong><em><strong><em><strong><em><strong><em><strong><em><strong><em><strong><em><strong><em><strong><em><strong><em><strong><em><strong><em><strong><em><strong><em><strong><em><strong><em><strong><em><strong><em><strong><em><strong><em><strong><em><strong><em><strong><em><strong><em><strong><em><strong><em><strong><em><strong><em><strong><em><strong><em><strong><em><strong><em><strong><em><strong><em><strong><em><strong><em><strong><em><strong><em><strong><em><strong><em><strong><em><strong><em><strong><em><strong><em><strong><em><strong><em><strong><em><strong><em><strong><em><strong><em><strong><em><strong><em><strong><em><strong><em><strong><em><strong><em><strong><em><strong><em><strong><em><strong><em><strong><em><strong><em><strong><em><strong><em><strong><em><strong><em><strong><em><strong><em><strong><em><strong><em><strong><em><strong><em><strong><em><strong><em><strong><em><strong><em><strong><em><strong><em><strong><em><strong><em><strong><em><strong><em><strong><em><strong><em><strong><em><strong><em><strong><em><strong><em><strong><em><strong><em><strong><em><strong><em><strong><em><strong><em><strong><em><strong><em><strong><em><strong><em><strong><em><strong><em><strong>Siga nossas redes sociais e\u00a0participe da nossa comunidade do Canal de noticias do Roni Paparazzi no Whatsapp e receba as principais not\u00edcias da regi\u00e3o de Ara\u00e7atuba do dia direto no seu celular siga nosso \u00a0<a href=\"https:\/\/www.instagram.com\/ronipaparazzi\/\">Instagram e\u00a0<\/a><a href=\"https:\/\/www.facebook.com\/ronipaparazzicomvoce\">Facebook<\/a><a href=\"https:\/\/chat.whatsapp.com\/GsG1XKo0jPOEfjzudWQcml\" target=\"_blank\" rel=\"noreferrer noopener\">\u00a0Clique aqui e se inscreva.<\/a><\/strong><\/em><\/strong><\/em><\/strong><\/em><\/strong><\/em><\/strong><\/em><\/strong><\/em><\/strong><\/em><\/strong><\/em><\/strong><\/em><\/strong><\/em><\/strong><\/em><\/strong><\/em><\/strong><\/em><\/strong><\/em><\/strong><\/em><\/strong><\/em><\/strong><\/em><\/strong><\/em><\/strong><\/em><\/strong><\/em><\/strong><\/em><\/strong><\/em><\/strong><\/em><\/strong><\/em><\/strong><\/em><\/strong><\/em><\/strong><\/em><\/strong><\/em><\/strong><\/em><\/strong><\/em><\/strong><\/em><\/strong><\/em><\/strong><\/em><\/strong><\/em><\/strong><\/em><\/strong><\/em><\/strong><\/em><\/strong><\/em><\/strong><\/em><\/strong><\/em><\/strong><\/em><\/strong><\/em><\/strong><\/em><\/strong><\/em><\/strong><\/em><\/strong><\/em><\/strong><\/em><\/strong><\/em><\/strong><\/em><\/strong><\/em><\/strong><\/em><\/strong><\/em><\/strong><\/em><\/strong><\/em><\/strong><\/em><\/strong><\/em><\/strong><\/em><\/strong><\/em><\/strong><\/em><\/strong><\/em><\/strong><\/em><\/strong><\/em><\/strong><\/em><\/strong><\/em><\/strong><\/em><\/strong><\/em><\/strong><\/em><\/strong><\/em><\/strong><\/em><\/strong><\/em><\/strong><\/em><\/strong><\/em><\/strong><\/em><\/strong><\/em><\/strong><\/em><\/strong><\/em><\/strong><\/em><\/strong><\/em><\/strong><\/em><\/strong><\/em><\/strong><\/em><\/strong><\/em><\/strong><\/em><\/strong><\/em><\/strong><\/em><\/strong><\/em><\/strong><\/em><\/strong><\/em><\/strong><\/em><\/strong><\/em><\/strong><\/em><\/strong><\/em><\/strong><\/em><\/strong><\/em><\/strong><\/em><\/strong><\/em><\/strong><\/em><\/strong><\/em><\/strong><\/em><\/strong><\/em><\/strong><\/em><\/strong><\/em><\/strong><\/em><\/strong><\/em><\/strong><\/em><\/strong><\/em><\/strong><\/em><\/strong><\/em><\/strong><\/em><\/strong><\/em><\/strong><\/em><\/strong><\/em><\/strong><\/em><\/strong><\/em><\/strong><\/em><\/strong><\/em><\/strong><\/em><\/strong><\/em><\/strong><\/em><\/strong><\/em><\/strong><\/em><\/strong><\/em><\/strong><\/em><\/strong><\/em><\/strong><\/em><\/strong><\/em><\/strong><\/em><\/strong><\/em><\/strong><\/em><\/strong><\/em><\/strong><\/em><\/strong><\/em><\/strong><\/em><\/strong><\/em><\/strong><\/em><\/strong><\/em><\/strong><\/em><\/strong><\/em><\/strong><\/em><\/strong><\/em><\/strong><\/em><\/strong><\/em><\/strong><\/em><\/strong><\/em><\/strong><\/em><\/strong><\/em><\/strong><\/em><\/strong><\/em><\/strong><\/em><\/strong><\/em><\/strong><\/em><\/strong><\/em><\/strong><\/em><\/strong><\/em><\/strong><\/em><\/strong><\/em><\/strong><\/em><\/strong><\/em><\/strong><\/em><\/strong><\/em><\/strong><\/em><\/strong><\/em><\/strong><\/em><\/strong><\/em><\/strong><\/em><\/strong><\/em><\/strong><\/em><\/strong><\/em><\/strong><\/em><\/strong><\/em><\/strong><\/em><\/strong><\/em><\/strong><\/em><\/strong><\/em><\/strong><\/em><\/strong><\/em><\/strong><\/em><\/strong><\/em><\/strong><\/em><\/strong><\/em><\/strong><\/em><\/strong><\/em><\/strong><\/em><\/strong><\/em><\/strong><\/em><\/strong><\/em><\/strong><\/em><\/strong><\/em><\/strong><\/em><\/strong><\/em><\/strong><\/em><\/strong><\/em><\/strong><\/em><\/strong><\/em><\/strong><\/em><\/strong><\/em><\/strong><\/em><\/strong><\/em><\/strong><\/em><\/strong><\/em><\/strong><\/em><\/strong><\/em><\/strong><\/em><\/strong><\/em><\/strong><\/em><\/strong><\/em><\/strong><\/em><\/strong><\/em><\/strong><\/em><\/strong><\/em><\/strong><\/em><\/strong><\/em><\/strong><\/em><\/strong><\/em><\/strong><\/em><\/strong><\/em><\/strong><\/em><\/strong><\/em><\/strong><\/em><\/strong><\/em><\/strong><\/em><\/strong><\/em><\/strong><\/em><\/strong><\/em><\/strong><\/em><\/strong><\/em><\/strong><\/em><\/strong><\/em><\/strong><\/em><\/strong><\/em><\/strong><\/em><\/strong><\/em><\/strong><\/em><\/strong><\/em><\/strong><\/em><\/strong><\/em><\/strong><\/em><\/strong><\/em><\/strong><\/em><\/strong><\/em><\/strong><\/em><\/strong><\/em><\/strong><\/em><\/strong><\/em><\/strong><\/em><\/strong><\/em><\/strong><\/em><\/strong><\/em><\/strong><\/em><\/strong><\/em><\/strong><\/p>\n","protected":false},"excerpt":{"rendered":"<p>Estudo com 500 brasileiros identifica prote\u00edna ADAM10 como poss\u00edvel marcador progn\u00f3stico da doen\u00e7a e pode revolucionar diagn\u00f3sticos precoces ARARAQUARA (SP) \u2013 Pesquisadores da Universidade Federal de S\u00e3o Carlos (UFSCar) est\u00e3o desenvolvendo um painel de biomarcadores sangu\u00edneos capaz de identificar precocemente casos de Alzheimer e diferenciar a doen\u00e7a de outros tipos de dem\u00eancia. A pesquisa, financiada &hellip;<\/p>\n","protected":false},"author":1,"featured_media":18735,"comment_status":"open","ping_status":"open","sticky":false,"template":"","format":"standard","meta":{"_jetpack_memberships_contains_paid_content":false,"footnotes":"","jetpack_publicize_message":"","jetpack_publicize_feature_enabled":true,"jetpack_social_post_already_shared":true,"jetpack_social_options":{"image_generator_settings":{"template":"highway","default_image_id":0,"enabled":false},"version":2}},"categories":[4],"tags":[],"class_list":["post-18734","post","type-post","status-publish","format-standard","has-post-thumbnail","hentry","category-regiao"],"jetpack_publicize_connections":[],"jetpack_featured_media_url":"https:\/\/i0.wp.com\/www.paparazzinews.com.br\/wp-content\/uploads\/2025\/07\/54993-e1751393417850.jpg?fit=1000%2C563&ssl=1","views":"1011","jetpack_likes_enabled":true,"jetpack_sharing_enabled":true,"_links":{"self":[{"href":"https:\/\/www.paparazzinews.com.br\/index.php?rest_route=\/wp\/v2\/posts\/18734","targetHints":{"allow":["GET"]}}],"collection":[{"href":"https:\/\/www.paparazzinews.com.br\/index.php?rest_route=\/wp\/v2\/posts"}],"about":[{"href":"https:\/\/www.paparazzinews.com.br\/index.php?rest_route=\/wp\/v2\/types\/post"}],"author":[{"embeddable":true,"href":"https:\/\/www.paparazzinews.com.br\/index.php?rest_route=\/wp\/v2\/users\/1"}],"replies":[{"embeddable":true,"href":"https:\/\/www.paparazzinews.com.br\/index.php?rest_route=%2Fwp%2Fv2%2Fcomments&post=18734"}],"version-history":[{"count":1,"href":"https:\/\/www.paparazzinews.com.br\/index.php?rest_route=\/wp\/v2\/posts\/18734\/revisions"}],"predecessor-version":[{"id":18736,"href":"https:\/\/www.paparazzinews.com.br\/index.php?rest_route=\/wp\/v2\/posts\/18734\/revisions\/18736"}],"wp:featuredmedia":[{"embeddable":true,"href":"https:\/\/www.paparazzinews.com.br\/index.php?rest_route=\/wp\/v2\/media\/18735"}],"wp:attachment":[{"href":"https:\/\/www.paparazzinews.com.br\/index.php?rest_route=%2Fwp%2Fv2%2Fmedia&parent=18734"}],"wp:term":[{"taxonomy":"category","embeddable":true,"href":"https:\/\/www.paparazzinews.com.br\/index.php?rest_route=%2Fwp%2Fv2%2Fcategories&post=18734"},{"taxonomy":"post_tag","embeddable":true,"href":"https:\/\/www.paparazzinews.com.br\/index.php?rest_route=%2Fwp%2Fv2%2Ftags&post=18734"}],"curies":[{"name":"wp","href":"https:\/\/api.w.org\/{rel}","templated":true}]}}