{"id":18651,"date":"2025-06-18T15:00:28","date_gmt":"2025-06-18T18:00:28","guid":{"rendered":"https:\/\/www.paparazzinews.com.br\/?p=18651"},"modified":"2025-06-18T15:00:30","modified_gmt":"2025-06-18T18:00:30","slug":"historico-natacao-de-andradina-revela-dois-campeoes-brasileiros-no-trofeu-rubens-dinard-araujo","status":"publish","type":"post","link":"https:\/\/www.paparazzinews.com.br\/?p=18651","title":{"rendered":"Hist\u00f3rico! Nata\u00e7\u00e3o de Andradina revela dois campe\u00f5es brasileiros no Trof\u00e9u Rubens Dinard Ara\u00fajo"},"content":{"rendered":"\n<p><strong>ANDRADINA<\/strong> \u2013 A nata\u00e7\u00e3o andradinense tem motivos de sobra para comemorar! A parceria entre <strong>ATC (Andradina T\u00eanis Clube)<\/strong>, <strong>Prefeitura Municipal de Andradina<\/strong> e <strong>Sport Club Corinthians Paulista<\/strong> conquistou um feito in\u00e9dito na hist\u00f3ria esportiva da cidade: <strong>dois atletas locais se tornaram campe\u00f5es brasileiros de nata\u00e7\u00e3o<\/strong>, no <strong>Campeonato Brasileiro Infantil de Inverno \u2013 Trof\u00e9u Rubens Dinard Ara\u00fajo<\/strong>, realizado entre <strong>10 e 14 de junho<\/strong>, na <strong>arena ABDA<\/strong>, em <strong>Bauru-SP<\/strong>. A informa\u00e7\u00e3o \u00e9 do Roni Paparazzi e Foto: Divulga\u00e7\u00e3o.<\/p>\n\n\n\n<hr class=\"wp-block-separator has-alpha-channel-opacity\"\/>\n\n\n\n<h3 class=\"wp-block-heading\"><strong>Os destaques de Andradina<\/strong><\/h3>\n\n\n\n<p>Pela primeira vez, Andradina subiu ao lugar mais alto do p\u00f3dio na categoria <strong>Infantil (13 e 14 anos)<\/strong>, com os nadadores:<\/p>\n\n\n\n<p>\ud83c\udfc5 <strong>Julia Naomi Utida de Sousa (14 anos)<\/strong> \u2013<strong>Campe\u00e3 brasileira dos 50 metros livre<\/strong>, com o excelente tempo de <strong>26&#8243;99<\/strong>, al\u00e9m de <strong>vice-campe\u00e3 nos 100m livre (59&#8243;31)<\/strong> e medalhista em mais quatro provas de revezamento.<\/p>\n\n\n\n<p>\ud83c\udfc5 <strong>Rog\u00e9rio Ryu Stalberg Shirai (13 anos)<\/strong> \u2013 <strong>Campe\u00e3o brasileiro dos 200 metros costas<\/strong>, com a marca de <strong>2&#8217;21&#8243;44<\/strong>, e <strong>bronze nos 100 metros costas<\/strong>, com <strong>1&#8217;05&#8243;97<\/strong>.<\/p>\n\n\n\n<p>Os atletas foram os <strong>\u00fanicos de Andradina<\/strong> a atingir os \u00edndices rigorosos exigidos pela <strong>Confedera\u00e7\u00e3o Brasileira de Desportos Aqu\u00e1ticos (CBDA)<\/strong> para participa\u00e7\u00e3o na competi\u00e7\u00e3o.<\/p>\n\n\n\n<hr class=\"wp-block-separator has-alpha-channel-opacity\"\/>\n\n\n\n<h3 class=\"wp-block-heading\"><strong>Proje\u00e7\u00e3o para o futuro ol\u00edmpico<\/strong><\/h3>\n\n\n\n<p>O <strong>Trof\u00e9u Rubens Dinard Ara\u00fajo<\/strong> \u00e9 um dos principais campeonatos de base do Brasil, respons\u00e1vel por preparar os futuros integrantes da <strong>sele\u00e7\u00e3o ol\u00edmpica brasileira<\/strong>. Cerca de <strong>720 nadadores<\/strong>, representando clubes de elite como <strong>Corinthians<\/strong>, <strong>Pinheiros<\/strong>, <strong>Flamengo<\/strong>, <strong>Fluminense<\/strong> e <strong>Minas T\u00eanis Clube<\/strong>, participaram das disputas.<\/p>\n\n\n\n<blockquote class=\"wp-block-quote is-layout-flow wp-block-quote-is-layout-flow\">\n<p><strong>\u201cEsse \u00e9 o melhor resultado da hist\u00f3ria de Andradina em um campeonato nacional desde que assumi a nata\u00e7\u00e3o em 1991,\u201d<\/strong> destacou o t\u00e9cnico <strong>Jonilcio Avelino da Silva<\/strong>, o <strong>professor Careca<\/strong>.<\/p>\n<\/blockquote>\n\n\n\n<p>Ele tamb\u00e9m ressaltou a import\u00e2ncia da conquista feminina com <strong>Julia Naomi<\/strong>, que se tornou a <strong>primeira mulher de Andradina campe\u00e3 brasileira na nata\u00e7\u00e3o<\/strong>, e o impacto da estreia vitoriosa de <strong>Rog\u00e9rio Shirai<\/strong>.<\/p>\n\n\n\n<hr class=\"wp-block-separator has-alpha-channel-opacity\"\/>\n\n\n\n<h3 class=\"wp-block-heading\"><strong>Apoio e agradecimentos<\/strong><\/h3>\n\n\n\n<p>O resultado \u00e9 fruto de uma estrutura s\u00f3lida, que envolve o trabalho conjunto da Prefeitura, ATC, Corinthians e <strong>Associa\u00e7\u00e3o de Pais da Nata\u00e7\u00e3o<\/strong>.<\/p>\n\n\n\n<blockquote class=\"wp-block-quote is-layout-flow wp-block-quote-is-layout-flow\">\n<p><strong>\u201cEsses resultados s\u00e3o fruto de treinos di\u00e1rios, dedica\u00e7\u00e3o e um grande esfor\u00e7o coletivo. Agradecemos a todos que acreditam e investem no esporte em nossa cidade,\u201d<\/strong> finalizou Careca.<\/p>\n<\/blockquote>\n\n\n\n<p><strong><em><strong><em><strong><em><strong><em><strong><em><strong><em><strong><em><strong><em><strong><em><strong><em><strong><em><strong><em><strong><em><strong><em><strong><em><strong><em><strong><em><strong><em><strong><em><strong><em><strong><em><strong><em><strong><em><strong><em><strong><em><strong><em><strong><em><strong><em><strong><em><strong><em><strong><em><strong><em><strong><em><strong><em><strong><em><strong><em><strong><em><strong><em><strong><em><strong><em><strong><em><strong><em><strong><em><strong><em><strong><em><strong><em><strong><em><strong><em><strong><em><strong><em><strong><em><strong><em><strong><em><strong><em><strong><em><strong><em><strong><em><strong><em><strong><em><strong><em><strong><em><strong><em><strong><em><strong><em><strong><em><strong><em><strong><em><strong><em><strong><em><strong><em><strong><em><strong><em><strong><em><strong><em><strong><em><strong><em><strong><em><strong><em><strong><em><strong><em><strong><em><strong><em><strong><em><strong><em><strong><em><strong><em><strong><em><strong><em><strong><em><strong><em><strong><em><strong><em><strong><em><strong><em><strong><em><strong><em><strong><em><strong><em><strong><em><strong><em><strong><em><strong><em><strong><em><strong><em><strong><em><strong><em><strong><em><strong><em><strong><em><strong><em><strong><em><strong><em><strong><em><strong><em><strong><em><strong><em><strong><em><strong><em><strong><em><strong><em><strong><em><strong><em><strong><em><strong><em><strong><em><strong><em><strong><em><strong><em><strong><em><strong><em><strong><em><strong><em><strong><em><strong><em><strong><em><strong><em><strong><em><strong><em><strong><em><strong><em><strong><em><strong><em><strong><em><strong><em><strong><em><strong><em><strong><em><strong><em><strong><em><strong><em><strong><em><strong><em><strong><em><strong><em><strong><em><strong><em><strong><em><strong><em><strong><em><strong><em><strong><em><strong><em><strong><em><strong><em><strong><em><strong><em><strong><em><strong><em><strong><em><strong><em><strong><em><strong><em><strong><em><strong><em><strong><em><strong><em><strong><em><strong><em><strong><em><strong><em><strong><em><strong><em><strong><em><strong><em><strong><em><strong><em><strong><em><strong><em><strong><em><strong><em><strong><em><strong><em><strong><em><strong><em><strong><em><strong><em><strong><em><strong><em><strong><em><strong><em><strong><em><strong><em><strong><em><strong><em><strong><em><strong><em><strong><em><strong><em><strong><em><strong><em><strong><em><strong><em><strong><em><strong><em><strong><em><strong><em><strong><em><strong><em><strong><em><strong><em><strong><em><strong><em><strong><em><strong><em><strong><em><strong><em><strong><em><strong><em><strong><em><strong><em><strong><em><strong><em><strong><em><strong><em><strong><em><strong><em><strong><em><strong><em><strong><em><strong><em><strong><em><strong><em><strong><em><strong><em><strong><em><strong><em><strong><em><strong><em><strong><em><strong><em><strong>Siga nossas redes sociais e\u00a0participe da nossa comunidade do Canal de noticias do Roni Paparazzi no Whatsapp e receba as principais not\u00edcias da regi\u00e3o de Ara\u00e7atuba do dia direto no seu celular siga nosso \u00a0<a href=\"https:\/\/www.instagram.com\/ronipaparazzi\/\">Instagram e\u00a0<\/a><a href=\"https:\/\/www.facebook.com\/ronipaparazzicomvoce\">Facebook<\/a><a href=\"https:\/\/chat.whatsapp.com\/GsG1XKo0jPOEfjzudWQcml\" target=\"_blank\" rel=\"noreferrer noopener\">\u00a0Clique aqui e se inscreva.<\/a><\/strong><\/em><\/strong><\/em><\/strong><\/em><\/strong><\/em><\/strong><\/em><\/strong><\/em><\/strong><\/em><\/strong><\/em><\/strong><\/em><\/strong><\/em><\/strong><\/em><\/strong><\/em><\/strong><\/em><\/strong><\/em><\/strong><\/em><\/strong><\/em><\/strong><\/em><\/strong><\/em><\/strong><\/em><\/strong><\/em><\/strong><\/em><\/strong><\/em><\/strong><\/em><\/strong><\/em><\/strong><\/em><\/strong><\/em><\/strong><\/em><\/strong><\/em><\/strong><\/em><\/strong><\/em><\/strong><\/em><\/strong><\/em><\/strong><\/em><\/strong><\/em><\/strong><\/em><\/strong><\/em><\/strong><\/em><\/strong><\/em><\/strong><\/em><\/strong><\/em><\/strong><\/em><\/strong><\/em><\/strong><\/em><\/strong><\/em><\/strong><\/em><\/strong><\/em><\/strong><\/em><\/strong><\/em><\/strong><\/em><\/strong><\/em><\/strong><\/em><\/strong><\/em><\/strong><\/em><\/strong><\/em><\/strong><\/em><\/strong><\/em><\/strong><\/em><\/strong><\/em><\/strong><\/em><\/strong><\/em><\/strong><\/em><\/strong><\/em><\/strong><\/em><\/strong><\/em><\/strong><\/em><\/strong><\/em><\/strong><\/em><\/strong><\/em><\/strong><\/em><\/strong><\/em><\/strong><\/em><\/strong><\/em><\/strong><\/em><\/strong><\/em><\/strong><\/em><\/strong><\/em><\/strong><\/em><\/strong><\/em><\/strong><\/em><\/strong><\/em><\/strong><\/em><\/strong><\/em><\/strong><\/em><\/strong><\/em><\/strong><\/em><\/strong><\/em><\/strong><\/em><\/strong><\/em><\/strong><\/em><\/strong><\/em><\/strong><\/em><\/strong><\/em><\/strong><\/em><\/strong><\/em><\/strong><\/em><\/strong><\/em><\/strong><\/em><\/strong><\/em><\/strong><\/em><\/strong><\/em><\/strong><\/em><\/strong><\/em><\/strong><\/em><\/strong><\/em><\/strong><\/em><\/strong><\/em><\/strong><\/em><\/strong><\/em><\/strong><\/em><\/strong><\/em><\/strong><\/em><\/strong><\/em><\/strong><\/em><\/strong><\/em><\/strong><\/em><\/strong><\/em><\/strong><\/em><\/strong><\/em><\/strong><\/em><\/strong><\/em><\/strong><\/em><\/strong><\/em><\/strong><\/em><\/strong><\/em><\/strong><\/em><\/strong><\/em><\/strong><\/em><\/strong><\/em><\/strong><\/em><\/strong><\/em><\/strong><\/em><\/strong><\/em><\/strong><\/em><\/strong><\/em><\/strong><\/em><\/strong><\/em><\/strong><\/em><\/strong><\/em><\/strong><\/em><\/strong><\/em><\/strong><\/em><\/strong><\/em><\/strong><\/em><\/strong><\/em><\/strong><\/em><\/strong><\/em><\/strong><\/em><\/strong><\/em><\/strong><\/em><\/strong><\/em><\/strong><\/em><\/strong><\/em><\/strong><\/em><\/strong><\/em><\/strong><\/em><\/strong><\/em><\/strong><\/em><\/strong><\/em><\/strong><\/em><\/strong><\/em><\/strong><\/em><\/strong><\/em><\/strong><\/em><\/strong><\/em><\/strong><\/em><\/strong><\/em><\/strong><\/em><\/strong><\/em><\/strong><\/em><\/strong><\/em><\/strong><\/em><\/strong><\/em><\/strong><\/em><\/strong><\/em><\/strong><\/em><\/strong><\/em><\/strong><\/em><\/strong><\/em><\/strong><\/em><\/strong><\/em><\/strong><\/em><\/strong><\/em><\/strong><\/em><\/strong><\/em><\/strong><\/em><\/strong><\/em><\/strong><\/em><\/strong><\/em><\/strong><\/em><\/strong><\/em><\/strong><\/em><\/strong><\/em><\/strong><\/em><\/strong><\/em><\/strong><\/em><\/strong><\/em><\/strong><\/em><\/strong><\/em><\/strong><\/em><\/strong><\/em><\/strong><\/em><\/strong><\/em><\/strong><\/em><\/strong><\/em><\/strong><\/em><\/strong><\/em><\/strong><\/em><\/strong><\/em><\/strong><\/em><\/strong><\/em><\/strong><\/em><\/strong><\/em><\/strong><\/em><\/strong><\/em><\/strong><\/em><\/strong><\/em><\/strong><\/em><\/strong><\/em><\/strong><\/em><\/strong><\/em><\/strong><\/em><\/strong><\/em><\/strong><\/em><\/strong><\/em><\/strong><\/em><\/strong><\/em><\/strong><\/em><\/strong><\/em><\/strong><\/em><\/strong><\/em><\/strong><\/em><\/strong><\/em><\/strong><\/em><\/strong><\/em><\/strong><\/em><\/strong><\/em><\/strong><\/em><\/strong><\/em><\/strong><\/em><\/strong><\/em><\/strong><\/em><\/strong><\/em><\/strong><\/em><\/strong><\/em><\/strong><\/em><\/strong><\/em><\/strong><\/em><\/strong><\/em><\/strong><\/em><\/strong><\/em><\/strong><\/p>\n","protected":false},"excerpt":{"rendered":"<p>ANDRADINA \u2013 A nata\u00e7\u00e3o andradinense tem motivos de sobra para comemorar! A parceria entre ATC (Andradina T\u00eanis Clube), Prefeitura Municipal de Andradina e Sport Club Corinthians Paulista conquistou um feito in\u00e9dito na hist\u00f3ria esportiva da cidade: dois atletas locais se tornaram campe\u00f5es brasileiros de nata\u00e7\u00e3o, no Campeonato Brasileiro Infantil de Inverno \u2013 Trof\u00e9u Rubens Dinard &hellip;<\/p>\n","protected":false},"author":1,"featured_media":18652,"comment_status":"open","ping_status":"open","sticky":false,"template":"","format":"standard","meta":{"_jetpack_memberships_contains_paid_content":false,"footnotes":"","jetpack_publicize_message":"","jetpack_publicize_feature_enabled":true,"jetpack_social_post_already_shared":true,"jetpack_social_options":{"image_generator_settings":{"template":"highway","default_image_id":0,"enabled":false},"version":2}},"categories":[6],"tags":[],"class_list":["post-18651","post","type-post","status-publish","format-standard","has-post-thumbnail","hentry","category-entretenimento"],"jetpack_publicize_connections":[],"jetpack_featured_media_url":"https:\/\/i0.wp.com\/www.paparazzinews.com.br\/wp-content\/uploads\/2025\/06\/509145914_1004288725211580_7782453139409219900_n-e1750269608992.jpg?fit=1000%2C629&ssl=1","views":"1878","jetpack_likes_enabled":true,"jetpack_sharing_enabled":true,"_links":{"self":[{"href":"https:\/\/www.paparazzinews.com.br\/index.php?rest_route=\/wp\/v2\/posts\/18651","targetHints":{"allow":["GET"]}}],"collection":[{"href":"https:\/\/www.paparazzinews.com.br\/index.php?rest_route=\/wp\/v2\/posts"}],"about":[{"href":"https:\/\/www.paparazzinews.com.br\/index.php?rest_route=\/wp\/v2\/types\/post"}],"author":[{"embeddable":true,"href":"https:\/\/www.paparazzinews.com.br\/index.php?rest_route=\/wp\/v2\/users\/1"}],"replies":[{"embeddable":true,"href":"https:\/\/www.paparazzinews.com.br\/index.php?rest_route=%2Fwp%2Fv2%2Fcomments&post=18651"}],"version-history":[{"count":1,"href":"https:\/\/www.paparazzinews.com.br\/index.php?rest_route=\/wp\/v2\/posts\/18651\/revisions"}],"predecessor-version":[{"id":18653,"href":"https:\/\/www.paparazzinews.com.br\/index.php?rest_route=\/wp\/v2\/posts\/18651\/revisions\/18653"}],"wp:featuredmedia":[{"embeddable":true,"href":"https:\/\/www.paparazzinews.com.br\/index.php?rest_route=\/wp\/v2\/media\/18652"}],"wp:attachment":[{"href":"https:\/\/www.paparazzinews.com.br\/index.php?rest_route=%2Fwp%2Fv2%2Fmedia&parent=18651"}],"wp:term":[{"taxonomy":"category","embeddable":true,"href":"https:\/\/www.paparazzinews.com.br\/index.php?rest_route=%2Fwp%2Fv2%2Fcategories&post=18651"},{"taxonomy":"post_tag","embeddable":true,"href":"https:\/\/www.paparazzinews.com.br\/index.php?rest_route=%2Fwp%2Fv2%2Ftags&post=18651"}],"curies":[{"name":"wp","href":"https:\/\/api.w.org\/{rel}","templated":true}]}}