{"id":18638,"date":"2025-06-18T14:41:03","date_gmt":"2025-06-18T17:41:03","guid":{"rendered":"https:\/\/www.paparazzinews.com.br\/?p=18638"},"modified":"2025-06-18T14:41:06","modified_gmt":"2025-06-18T17:41:06","slug":"andradina-celebra-88-anos-com-programacao-cultural-shows-cavalgada-e-desfile-civico","status":"publish","type":"post","link":"https:\/\/www.paparazzinews.com.br\/?p=18638","title":{"rendered":"Andradina celebra 88 anos com programa\u00e7\u00e3o cultural, shows, cavalgada e desfile c\u00edvico"},"content":{"rendered":"\n<p><strong>ANDRADINA<\/strong> \u2013 A cidade de <strong>Andradina<\/strong>, conhecida como a <strong>\u201cTerra do Rei do Gado\u201d<\/strong>, est\u00e1 pronta para celebrar seus <strong>88 anos de emancipa\u00e7\u00e3o pol\u00edtico-administrativa<\/strong> com uma programa\u00e7\u00e3o diversificada, que acontece entre os dias <strong>2 e 25 de julho de 2025<\/strong>. A informa\u00e7\u00e3o \u00e9 do Roni Paparazzi e Foto: Divulga\u00e7\u00e3o.<\/p>\n\n\n\n<p>Os festejos v\u00e3o unir <strong>cultura, m\u00fasica, tradi\u00e7\u00f5es rurais e atra\u00e7\u00f5es religiosas<\/strong>, ocupando diversos espa\u00e7os como a <strong>Pra\u00e7a Ant\u00f4nio Joaquim de Moura Andrade<\/strong>, o <strong>Centro Cultural Pioneiros de Andradina<\/strong>, o <strong>Recinto de Exposi\u00e7\u00f5es Miguel Rodrigues da Silva (EXPOAN)<\/strong> e o <strong>Est\u00e1dio Municipal Evandro Brembatti Calvoso<\/strong>, palco do tradicional <strong>Desfile C\u00edvico<\/strong>, que acontece em <strong>11 de julho<\/strong>, data oficial do anivers\u00e1rio da cidade.<\/p>\n\n\n\n<hr class=\"wp-block-separator has-alpha-channel-opacity\"\/>\n\n\n\n<h3 class=\"wp-block-heading\"><strong>Tradi\u00e7\u00e3o Pecu\u00e1ria e Cultura Local<\/strong><\/h3>\n\n\n\n<p>Refor\u00e7ando suas ra\u00edzes, Andradina ter\u00e1 destaque para a <strong>Cavalgada<\/strong>, marcada para o dia <strong>5 de julho<\/strong>, que percorrer\u00e1 as principais vias da cidade at\u00e9 o recinto de exposi\u00e7\u00f5es. O evento contar\u00e1 com shows de <strong>Marco T\u00falio e Luciano<\/strong>, <strong>Breno e Gustavo<\/strong> e <strong>Mel Rocca<\/strong>.<\/p>\n\n\n\n<p>Outro destaque ser\u00e1 a <strong>EXPOAGRO<\/strong>, nos dias <strong>12 e 13 de julho<\/strong>, que promete resgatar o esp\u00edrito das antigas exposi\u00e7\u00f5es agropecu\u00e1rias, com participa\u00e7\u00e3o de <strong>produtores rurais<\/strong>, <strong>empres\u00e1rios do agroneg\u00f3cio<\/strong>, al\u00e9m de uma programa\u00e7\u00e3o art\u00edstica com <strong>Orquestra Rei do Gado<\/strong>, <strong>Luiz Henrique e Leo<\/strong>, <strong>Edu Canato<\/strong> e <strong>Thain\u00e1 Bitencourt<\/strong>.<\/p>\n\n\n\n<hr class=\"wp-block-separator has-alpha-channel-opacity\"\/>\n\n\n\n<h3 class=\"wp-block-heading\"><strong>Programa\u00e7\u00e3o art\u00edstica e cultural<\/strong><\/h3>\n\n\n\n<p>A programa\u00e7\u00e3o ainda conta com:<\/p>\n\n\n\n<p>\ud83d\udcc5 <strong>02\/07<\/strong> \u2013 Show Michael Jackson Cover (Pra\u00e7a Moura Andrade, 19h30)<br>\ud83d\udcc5 <strong>03\/07<\/strong> \u2013 Banda Auto Clima (Pra\u00e7a Moura Andrade, 20h)<br>\ud83d\udcc5 <strong>04\/07<\/strong> \u2013 Palha\u00e7o Escovinha e show com Kombinados (Pra\u00e7a Moura Andrade, a partir das 19h)<br>\ud83d\udcc5 <strong>05\/07<\/strong> \u2013 Cavalgada e shows no recinto (Marco T\u00falio e Luciano, Breno e Gustavo, Mel Rocca)<br>\ud83d\udcc5 <strong>05\/07<\/strong> \u2013 Marcha para Jesus com sa\u00edda \u00e0s 17h e culto com Pr. Marco Feliciano e cantor Roberto Marinho na Pra\u00e7a (19h)<br>\ud83d\udcc5 <strong>06\/07<\/strong> \u2013 Show FACMOL (Pra\u00e7a Moura Andrade, 19h)<br>\ud83d\udcc5 <strong>08\/07<\/strong> \u2013 Dia do Rock com bandas locais (Dolph, Nardera, Ralf \u2013 Pra\u00e7a Moura Andrade, 19h)<br>\ud83d\udcc5 <strong>09\/07<\/strong> \u2013 Sertanejo com Elas \u2013 artistas femininas regionais (19h na Pra\u00e7a)<br>\ud83d\udcc5 <strong>10\/07<\/strong> \u2013 Noite do Piseiro com Cl\u00e9cio do Recife e Trio Carcar\u00e1 (19h na Pra\u00e7a)<br>\ud83d\udcc5 <strong>11\/07<\/strong> \u2013 Desfile C\u00edvico no Est\u00e1dio Municipal e show com <strong>Jo\u00e3o Bosco e Vin\u00edcius<\/strong><br>\ud83d\udcc5 <strong>12 e 13\/07<\/strong> \u2013 EXPOAGRO no Recinto de Exposi\u00e7\u00f5es + Encontro de Aeromodelismo (Estrada de Planalto)<br>\ud83d\udcc5 <strong>18\/07<\/strong> \u2013 Pe\u00e7a teatral \u201cEmbrulha pra Viagem\u201d com Fernando Burr\u00e3o (Teatro de Arena do Centro Cultural, 19h)<br>\ud83d\udcc5 <strong>20\/07<\/strong> \u2013 4\u00ba Encontro de Carros Antigos com shows da <strong>Banda MD6<\/strong> e <strong>Renato Peixe<\/strong><br>\ud83d\udcc5 <strong>25\/07<\/strong> \u2013 Encerramento com a <strong>Orquestra Filarm\u00f4nica Bachiana<\/strong>, regida pelo maestro Jo\u00e3o Carlos Martins (Pra\u00e7a Moura Andrade, 19h)<\/p>\n\n\n\n<hr class=\"wp-block-separator has-alpha-channel-opacity\"\/>\n\n\n\n<h3 class=\"wp-block-heading\"><strong>Valoriza\u00e7\u00e3o da Cultura Local<\/strong><\/h3>\n\n\n\n<p>A Prefeitura de Andradina destaca que os eventos t\u00eam o objetivo de <strong>valorizar artistas locais<\/strong>, <strong>promover o turismo<\/strong>, <strong>estimular o com\u00e9rcio<\/strong> e <strong>resgatar a identidade cultural da cidade<\/strong>.<\/p>\n\n\n\n<p>\u201cEstamos preparando uma festa plural, para todas as idades e gostos, reafirmando o orgulho da nossa hist\u00f3ria e tradi\u00e7\u00f5es\u201d, comentou a organiza\u00e7\u00e3o.<br><br><strong><em><strong><em><strong><em><strong><em><strong><em><strong><em><strong><em><strong><em><strong><em><strong><em><strong><em><strong><em><strong><em><strong><em><strong><em><strong><em><strong><em><strong><em><strong><em><strong><em><strong><em><strong><em><strong><em><strong><em><strong><em><strong><em><strong><em><strong><em><strong><em><strong><em><strong><em><strong><em><strong><em><strong><em><strong><em><strong><em><strong><em><strong><em><strong><em><strong><em><strong><em><strong><em><strong><em><strong><em><strong><em><strong><em><strong><em><strong><em><strong><em><strong><em><strong><em><strong><em><strong><em><strong><em><strong><em><strong><em><strong><em><strong><em><strong><em><strong><em><strong><em><strong><em><strong><em><strong><em><strong><em><strong><em><strong><em><strong><em><strong><em><strong><em><strong><em><strong><em><strong><em><strong><em><strong><em><strong><em><strong><em><strong><em><strong><em><strong><em><strong><em><strong><em><strong><em><strong><em><strong><em><strong><em><strong><em><strong><em><strong><em><strong><em><strong><em><strong><em><strong><em><strong><em><strong><em><strong><em><strong><em><strong><em><strong><em><strong><em><strong><em><strong><em><strong><em><strong><em><strong><em><strong><em><strong><em><strong><em><strong><em><strong><em><strong><em><strong><em><strong><em><strong><em><strong><em><strong><em><strong><em><strong><em><strong><em><strong><em><strong><em><strong><em><strong><em><strong><em><strong><em><strong><em><strong><em><strong><em><strong><em><strong><em><strong><em><strong><em><strong><em><strong><em><strong><em><strong><em><strong><em><strong><em><strong><em><strong><em><strong><em><strong><em><strong><em><strong><em><strong><em><strong><em><strong><em><strong><em><strong><em><strong><em><strong><em><strong><em><strong><em><strong><em><strong><em><strong><em><strong><em><strong><em><strong><em><strong><em><strong><em><strong><em><strong><em><strong><em><strong><em><strong><em><strong><em><strong><em><strong><em><strong><em><strong><em><strong><em><strong><em><strong><em><strong><em><strong><em><strong><em><strong><em><strong><em><strong><em><strong><em><strong><em><strong><em><strong><em><strong><em><strong><em><strong><em><strong><em><strong><em><strong><em><strong><em><strong><em><strong><em><strong><em><strong><em><strong><em><strong><em><strong><em><strong><em><strong><em><strong><em><strong><em><strong><em><strong><em><strong><em><strong><em><strong><em><strong><em><strong><em><strong><em><strong><em><strong><em><strong><em><strong><em><strong><em><strong><em><strong><em><strong><em><strong><em><strong><em><strong><em><strong><em><strong><em><strong><em><strong><em><strong><em><strong><em><strong><em><strong><em><strong><em><strong><em><strong><em><strong><em><strong><em><strong><em><strong><em><strong><em><strong><em><strong><em><strong><em><strong><em><strong><em><strong><em><strong><em><strong><em><strong><em><strong><em><strong><em><strong><em><strong><em><strong>Siga nossas redes sociais e\u00a0participe da nossa comunidade do Canal de noticias do Roni Paparazzi no Whatsapp e receba as principais not\u00edcias da regi\u00e3o de Ara\u00e7atuba do dia direto no seu celular siga nosso \u00a0<a href=\"https:\/\/www.instagram.com\/ronipaparazzi\/\">Instagram e\u00a0<\/a><a href=\"https:\/\/www.facebook.com\/ronipaparazzicomvoce\">Facebook<\/a><a href=\"https:\/\/chat.whatsapp.com\/GsG1XKo0jPOEfjzudWQcml\" target=\"_blank\" rel=\"noreferrer noopener\">\u00a0Clique aqui e se inscreva.<\/a><\/strong><\/em><\/strong><\/em><\/strong><\/em><\/strong><\/em><\/strong><\/em><\/strong><\/em><\/strong><\/em><\/strong><\/em><\/strong><\/em><\/strong><\/em><\/strong><\/em><\/strong><\/em><\/strong><\/em><\/strong><\/em><\/strong><\/em><\/strong><\/em><\/strong><\/em><\/strong><\/em><\/strong><\/em><\/strong><\/em><\/strong><\/em><\/strong><\/em><\/strong><\/em><\/strong><\/em><\/strong><\/em><\/strong><\/em><\/strong><\/em><\/strong><\/em><\/strong><\/em><\/strong><\/em><\/strong><\/em><\/strong><\/em><\/strong><\/em><\/strong><\/em><\/strong><\/em><\/strong><\/em><\/strong><\/em><\/strong><\/em><\/strong><\/em><\/strong><\/em><\/strong><\/em><\/strong><\/em><\/strong><\/em><\/strong><\/em><\/strong><\/em><\/strong><\/em><\/strong><\/em><\/strong><\/em><\/strong><\/em><\/strong><\/em><\/strong><\/em><\/strong><\/em><\/strong><\/em><\/strong><\/em><\/strong><\/em><\/strong><\/em><\/strong><\/em><\/strong><\/em><\/strong><\/em><\/strong><\/em><\/strong><\/em><\/strong><\/em><\/strong><\/em><\/strong><\/em><\/strong><\/em><\/strong><\/em><\/strong><\/em><\/strong><\/em><\/strong><\/em><\/strong><\/em><\/strong><\/em><\/strong><\/em><\/strong><\/em><\/strong><\/em><\/strong><\/em><\/strong><\/em><\/strong><\/em><\/strong><\/em><\/strong><\/em><\/strong><\/em><\/strong><\/em><\/strong><\/em><\/strong><\/em><\/strong><\/em><\/strong><\/em><\/strong><\/em><\/strong><\/em><\/strong><\/em><\/strong><\/em><\/strong><\/em><\/strong><\/em><\/strong><\/em><\/strong><\/em><\/strong><\/em><\/strong><\/em><\/strong><\/em><\/strong><\/em><\/strong><\/em><\/strong><\/em><\/strong><\/em><\/strong><\/em><\/strong><\/em><\/strong><\/em><\/strong><\/em><\/strong><\/em><\/strong><\/em><\/strong><\/em><\/strong><\/em><\/strong><\/em><\/strong><\/em><\/strong><\/em><\/strong><\/em><\/strong><\/em><\/strong><\/em><\/strong><\/em><\/strong><\/em><\/strong><\/em><\/strong><\/em><\/strong><\/em><\/strong><\/em><\/strong><\/em><\/strong><\/em><\/strong><\/em><\/strong><\/em><\/strong><\/em><\/strong><\/em><\/strong><\/em><\/strong><\/em><\/strong><\/em><\/strong><\/em><\/strong><\/em><\/strong><\/em><\/strong><\/em><\/strong><\/em><\/strong><\/em><\/strong><\/em><\/strong><\/em><\/strong><\/em><\/strong><\/em><\/strong><\/em><\/strong><\/em><\/strong><\/em><\/strong><\/em><\/strong><\/em><\/strong><\/em><\/strong><\/em><\/strong><\/em><\/strong><\/em><\/strong><\/em><\/strong><\/em><\/strong><\/em><\/strong><\/em><\/strong><\/em><\/strong><\/em><\/strong><\/em><\/strong><\/em><\/strong><\/em><\/strong><\/em><\/strong><\/em><\/strong><\/em><\/strong><\/em><\/strong><\/em><\/strong><\/em><\/strong><\/em><\/strong><\/em><\/strong><\/em><\/strong><\/em><\/strong><\/em><\/strong><\/em><\/strong><\/em><\/strong><\/em><\/strong><\/em><\/strong><\/em><\/strong><\/em><\/strong><\/em><\/strong><\/em><\/strong><\/em><\/strong><\/em><\/strong><\/em><\/strong><\/em><\/strong><\/em><\/strong><\/em><\/strong><\/em><\/strong><\/em><\/strong><\/em><\/strong><\/em><\/strong><\/em><\/strong><\/em><\/strong><\/em><\/strong><\/em><\/strong><\/em><\/strong><\/em><\/strong><\/em><\/strong><\/em><\/strong><\/em><\/strong><\/em><\/strong><\/em><\/strong><\/em><\/strong><\/em><\/strong><\/em><\/strong><\/em><\/strong><\/em><\/strong><\/em><\/strong><\/em><\/strong><\/em><\/strong><\/em><\/strong><\/em><\/strong><\/em><\/strong><\/em><\/strong><\/em><\/strong><\/em><\/strong><\/em><\/strong><\/em><\/strong><\/em><\/strong><\/em><\/strong><\/em><\/strong><\/em><\/strong><\/em><\/strong><\/em><\/strong><\/em><\/strong><\/em><\/strong><\/em><\/strong><\/em><\/strong><\/em><\/strong><\/em><\/strong><\/em><\/strong><\/em><\/strong><\/em><\/strong><\/em><\/strong><\/em><\/strong><\/em><\/strong><\/em><\/strong><\/em><\/strong><\/em><\/strong><\/em><\/strong><\/em><\/strong><\/em><\/strong><\/em><\/strong><\/em><\/strong><\/em><\/strong><\/em><\/strong><\/em><\/strong><\/em><\/strong><\/em><\/strong><\/em><\/strong><\/em><\/strong><\/em><\/strong><\/em><\/strong><\/em><\/strong><\/em><\/strong><\/p>\n","protected":false},"excerpt":{"rendered":"<p>ANDRADINA \u2013 A cidade de Andradina, conhecida como a \u201cTerra do Rei do Gado\u201d, est\u00e1 pronta para celebrar seus 88 anos de emancipa\u00e7\u00e3o pol\u00edtico-administrativa com uma programa\u00e7\u00e3o diversificada, que acontece entre os dias 2 e 25 de julho de 2025. A informa\u00e7\u00e3o \u00e9 do Roni Paparazzi e Foto: Divulga\u00e7\u00e3o. Os festejos v\u00e3o unir cultura, m\u00fasica, &hellip;<\/p>\n","protected":false},"author":1,"featured_media":18639,"comment_status":"open","ping_status":"open","sticky":false,"template":"","format":"standard","meta":{"_jetpack_memberships_contains_paid_content":false,"footnotes":"","jetpack_publicize_message":"","jetpack_publicize_feature_enabled":true,"jetpack_social_post_already_shared":true,"jetpack_social_options":{"image_generator_settings":{"template":"highway","default_image_id":0,"enabled":false},"version":2}},"categories":[6],"tags":[],"class_list":["post-18638","post","type-post","status-publish","format-standard","has-post-thumbnail","hentry","category-entretenimento"],"jetpack_publicize_connections":[],"jetpack_featured_media_url":"https:\/\/i0.wp.com\/www.paparazzinews.com.br\/wp-content\/uploads\/2025\/06\/508455146_1002912215349231_240196722157429174_n-e1750268452751.jpg?fit=1000%2C500&ssl=1","views":"1849","jetpack_likes_enabled":true,"jetpack_sharing_enabled":true,"_links":{"self":[{"href":"https:\/\/www.paparazzinews.com.br\/index.php?rest_route=\/wp\/v2\/posts\/18638","targetHints":{"allow":["GET"]}}],"collection":[{"href":"https:\/\/www.paparazzinews.com.br\/index.php?rest_route=\/wp\/v2\/posts"}],"about":[{"href":"https:\/\/www.paparazzinews.com.br\/index.php?rest_route=\/wp\/v2\/types\/post"}],"author":[{"embeddable":true,"href":"https:\/\/www.paparazzinews.com.br\/index.php?rest_route=\/wp\/v2\/users\/1"}],"replies":[{"embeddable":true,"href":"https:\/\/www.paparazzinews.com.br\/index.php?rest_route=%2Fwp%2Fv2%2Fcomments&post=18638"}],"version-history":[{"count":1,"href":"https:\/\/www.paparazzinews.com.br\/index.php?rest_route=\/wp\/v2\/posts\/18638\/revisions"}],"predecessor-version":[{"id":18640,"href":"https:\/\/www.paparazzinews.com.br\/index.php?rest_route=\/wp\/v2\/posts\/18638\/revisions\/18640"}],"wp:featuredmedia":[{"embeddable":true,"href":"https:\/\/www.paparazzinews.com.br\/index.php?rest_route=\/wp\/v2\/media\/18639"}],"wp:attachment":[{"href":"https:\/\/www.paparazzinews.com.br\/index.php?rest_route=%2Fwp%2Fv2%2Fmedia&parent=18638"}],"wp:term":[{"taxonomy":"category","embeddable":true,"href":"https:\/\/www.paparazzinews.com.br\/index.php?rest_route=%2Fwp%2Fv2%2Fcategories&post=18638"},{"taxonomy":"post_tag","embeddable":true,"href":"https:\/\/www.paparazzinews.com.br\/index.php?rest_route=%2Fwp%2Fv2%2Ftags&post=18638"}],"curies":[{"name":"wp","href":"https:\/\/api.w.org\/{rel}","templated":true}]}}