{"id":18568,"date":"2025-06-17T17:52:12","date_gmt":"2025-06-17T20:52:12","guid":{"rendered":"https:\/\/www.paparazzinews.com.br\/?p=18568"},"modified":"2025-07-02T16:19:18","modified_gmt":"2025-07-02T19:19:18","slug":"equipe-de-aracatuba-conquista-35-medalhas-e-e-vice-campea-na-2a-etapa-do-paulista-de-karate-shotokan","status":"publish","type":"post","link":"https:\/\/www.paparazzinews.com.br\/?p=18568","title":{"rendered":"Equipe de Ara\u00e7atuba conquista 35 medalhas e \u00e9 vice-campe\u00e3 na 2\u00aa Etapa do Paulista de Karat\u00ea Shotokan"},"content":{"rendered":"\n<p>O <strong>Grupo Hisatugo\/SMELR<\/strong>, que representa Ara\u00e7atuba no Karat\u00ea, brilhou na <strong>2\u00aa Etapa do Campeonato Paulista de Karat\u00ea Shotokan JKS (Japan Karate Shotorenmei)<\/strong>, realizada no \u00faltimo s\u00e1bado (<strong>14 de junho<\/strong>) no <strong>Gin\u00e1sio Centro de Lutas Eliel Gomes<\/strong>, em <strong>Hortol\u00e2ndia (SP)<\/strong>. A informa\u00e7\u00e3o \u00e9 do Roni Paparazzi e Foto: Prefeitura de Ara\u00e7atuba.<\/p>\n\n\n\n<p>A delega\u00e7\u00e3o, composta por <strong>27 atletas<\/strong>, garantiu um desempenho expressivo, conquistando <strong>35 medalhas<\/strong>, sendo <strong>18 de ouro<\/strong>, <strong>11 de prata<\/strong> e <strong>6 de bronze<\/strong>, o que rendeu \u00e0 equipe o t\u00edtulo de <strong>vice-campe\u00e3 geral da competi\u00e7\u00e3o<\/strong>.<\/p>\n\n\n\n<p>O <strong>t\u00e9cnico da Sele\u00e7\u00e3o Paulista<\/strong>, <strong>F\u00e1bio Hisatugo<\/strong>, destacou o comprometimento dos atletas e agradeceu o apoio da <strong>Prefeitura de Ara\u00e7atuba<\/strong>, por meio da <strong>Secretaria Municipal de Esporte, Lazer e Recrea\u00e7\u00e3o (SMELR)<\/strong>, al\u00e9m de outros parceiros.<\/p>\n\n\n\n<blockquote class=\"wp-block-quote is-layout-flow wp-block-quote-is-layout-flow\">\n<p>\u201cAlcan\u00e7amos um resultado muito positivo, gra\u00e7as ao esfor\u00e7o e dedica\u00e7\u00e3o de todos da equipe, atletas e comiss\u00e3o t\u00e9cnica. Agradecemos todo o apoio dado pela atual administra\u00e7\u00e3o municipal e aos parceiros que sempre incentivam nossos esportistas\u201d, ressaltou Hisatugo.<\/p>\n<\/blockquote>\n\n\n\n<p>Com o resultado, os atletas est\u00e3o classificados para as <strong>finais do Campeonato Paulista<\/strong>, que acontecer\u00e3o em <strong>Ribeir\u00e3o Preto (SP)<\/strong>.<\/p>\n\n\n\n<p>A <strong>academia Hisatugo de Karat\u00ea<\/strong>, em parceria com a SMELR, tem sido refer\u00eancia na forma\u00e7\u00e3o de atletas e na representa\u00e7\u00e3o da cidade em competi\u00e7\u00f5es estaduais.<\/p>\n\n\n\n<hr class=\"wp-block-separator has-alpha-channel-opacity\"\/>\n\n\n\n<h3 class=\"wp-block-heading\"><strong>Confira os medalhistas:<\/strong><\/h3>\n\n\n\n<p><strong>\ud83c\udfc5 Kata (Apresenta\u00e7\u00e3o de movimentos):<\/strong><\/p>\n\n\n\n<p>\u2714\ufe0f <strong>Ouro:<\/strong><\/p>\n\n\n\n<ul class=\"wp-block-list\">\n<li>Helo\u00edsa Santos Arruda<\/li>\n\n\n\n<li>Beatriz Eduarda Carvalho Taparo da Silva<\/li>\n\n\n\n<li>Gabriela da Silva Madeira<\/li>\n\n\n\n<li>Afonso Rosa Toledo<\/li>\n\n\n\n<li>Laura de Oliveira Silva<\/li>\n<\/ul>\n\n\n\n<p>\u2714\ufe0f <strong>Prata:<\/strong><\/p>\n\n\n\n<ul class=\"wp-block-list\">\n<li>Aisha de Paula Saad<\/li>\n\n\n\n<li>Beatriz L\u00edgia de Oliveira Rizoli<\/li>\n\n\n\n<li>Alexandre Tadataka Bronzoni<\/li>\n\n\n\n<li>Equipe: Ugo Bronzoni \/ Victor Lima \/ Guilherme Zottis<\/li>\n<\/ul>\n\n\n\n<p>\u2714\ufe0f <strong>Bronze:<\/strong><\/p>\n\n\n\n<ul class=\"wp-block-list\">\n<li>Ot\u00e1vio Souza Silva<\/li>\n\n\n\n<li>Leandro Borrego Marini<\/li>\n<\/ul>\n\n\n\n<hr class=\"wp-block-separator has-alpha-channel-opacity\"\/>\n\n\n\n<p><strong>\ud83e\udd4b Shiai Kumit\u00ea (Luta):<\/strong><\/p>\n\n\n\n<p>\u2714\ufe0f <strong>Ouro:<\/strong><\/p>\n\n\n\n<ul class=\"wp-block-list\">\n<li>Afonso Rosa Toledo<\/li>\n\n\n\n<li>Laura Oliveira Silva<\/li>\n\n\n\n<li>Helo\u00edsa Santos Arruda<\/li>\n\n\n\n<li>Beatriz Eduarda Carvalho Taparo da Silva<\/li>\n\n\n\n<li>Mateus Rog\u00e9rio Oliveira Souza<\/li>\n\n\n\n<li>Maria Eduarda da Silva Madeira<\/li>\n\n\n\n<li>Ugo Hideyo Bronzoni<\/li>\n\n\n\n<li>Ot\u00e1vio Souza Silva<\/li>\n\n\n\n<li>Phellip Mazarin dos Reis<\/li>\n\n\n\n<li>Lorenzo Chagas Vanin<\/li>\n\n\n\n<li>Enzo da Silva Borges<\/li>\n\n\n\n<li>Fernando Henrique Braga Calisto<\/li>\n\n\n\n<li>Alisson Vanin<\/li>\n<\/ul>\n\n\n\n<p>\u2714\ufe0f <strong>Prata:<\/strong><\/p>\n\n\n\n<ul class=\"wp-block-list\">\n<li>Giovana Sampaio dos Santos<\/li>\n\n\n\n<li>Nathalia Aparecida Lafragola da Silva<\/li>\n\n\n\n<li>Mar\u00eda Eduarda Lafragola da Silva<\/li>\n\n\n\n<li>Alexandre Tadataka Bronzoni<\/li>\n\n\n\n<li>Pedro Henrique Carvalho Taparo da Silva<\/li>\n\n\n\n<li>Aisha de Paula Saad<\/li>\n\n\n\n<li>Marcos Barbosa dos Santos Ribeiro<\/li>\n<\/ul>\n\n\n\n<p>\u2714\ufe0f <strong>Bronze:<\/strong><\/p>\n\n\n\n<p>Gabriela da Silva Madeira<\/p>\n\n\n\n<p>Beatriz L\u00edgia de Oliveira Rizoli<\/p>\n\n\n\n<p>Vitor Frederico Lima<\/p>\n\n\n\n<p>Jo\u00e3o Vitor Ferreira Marques<\/p>\n\n\n\n<p><strong><em><strong><em><strong><em><strong><em><strong><em><strong><em><strong><em><strong><em><strong><em><strong><em><strong><em><strong><em><strong><em><strong><em><strong><em><strong><em><strong><em><strong><em><strong><em><strong><em><strong><em><strong><em><strong><em><strong><em><strong><em><strong><em><strong><em><strong><em><strong><em><strong><em><strong><em><strong><em><strong><em><strong><em><strong><em><strong><em><strong><em><strong><em><strong><em><strong><em><strong><em><strong><em><strong><em><strong><em><strong><em><strong><em><strong><em><strong><em><strong><em><strong><em><strong><em><strong><em><strong><em><strong><em><strong><em><strong><em><strong><em><strong><em><strong><em><strong><em><strong><em><strong><em><strong><em><strong><em><strong><em><strong><em><strong><em><strong><em><strong><em><strong><em><strong><em><strong><em><strong><em><strong><em><strong><em><strong><em><strong><em><strong><em><strong><em><strong><em><strong><em><strong><em><strong><em><strong><em><strong><em><strong><em><strong><em><strong><em><strong><em><strong><em><strong><em><strong><em><strong><em><strong><em><strong><em><strong><em><strong><em><strong><em><strong><em><strong><em><strong><em><strong><em><strong><em><strong><em><strong><em><strong><em><strong><em><strong><em><strong><em><strong><em><strong><em><strong><em><strong><em><strong><em><strong><em><strong><em><strong><em><strong><em><strong><em><strong><em><strong><em><strong><em><strong><em><strong><em><strong><em><strong><em><strong><em><strong><em><strong><em><strong><em><strong><em><strong><em><strong><em><strong><em><strong><em><strong><em><strong><em><strong><em><strong><em><strong><em><strong><em><strong><em><strong><em><strong><em><strong><em><strong><em><strong><em><strong><em><strong><em><strong><em><strong><em><strong><em><strong><em><strong><em><strong><em><strong><em><strong><em><strong><em><strong><em><strong><em><strong><em><strong><em><strong><em><strong><em><strong><em><strong><em><strong><em><strong><em><strong><em><strong><em><strong><em><strong><em><strong><em><strong><em><strong><em><strong><em><strong><em><strong><em><strong><em><strong><em><strong><em><strong><em><strong><em><strong><em><strong><em><strong><em><strong><em><strong><em><strong><em><strong><em><strong><em><strong><em><strong><em><strong><em><strong><em><strong><em><strong><em><strong><em><strong><em><strong><em><strong><em><strong><em><strong><em><strong><em><strong><em><strong><em><strong><em><strong><em><strong><em><strong><em><strong><em><strong><em><strong><em><strong><em><strong><em><strong><em><strong><em><strong><em><strong><em><strong><em><strong><em><strong><em><strong><em><strong><em><strong><em><strong><em><strong><em><strong><em><strong><em><strong><em><strong><em><strong><em><strong><em><strong><em><strong><em><strong><em><strong><em><strong><em><strong><em><strong><em><strong><em><strong><em><strong><em><strong><em><strong><em><strong><em><strong><em><strong><em><strong><em><strong><em><strong>Siga nossas redes sociais e\u00a0participe da nossa comunidade do Canal de noticias do Roni Paparazzi no Whatsapp e receba as principais not\u00edcias da regi\u00e3o de Ara\u00e7atuba do dia direto no seu celular siga nosso \u00a0<a href=\"https:\/\/www.instagram.com\/ronipaparazzi\/\">Instagram e\u00a0<\/a><a href=\"https:\/\/www.facebook.com\/ronipaparazzicomvoce\">Facebook<\/a><a href=\"https:\/\/chat.whatsapp.com\/GsG1XKo0jPOEfjzudWQcml\" target=\"_blank\" rel=\"noreferrer noopener\">\u00a0Clique aqui e se inscreva.<\/a><\/strong><\/em><\/strong><\/em><\/strong><\/em><\/strong><\/em><\/strong><\/em><\/strong><\/em><\/strong><\/em><\/strong><\/em><\/strong><\/em><\/strong><\/em><\/strong><\/em><\/strong><\/em><\/strong><\/em><\/strong><\/em><\/strong><\/em><\/strong><\/em><\/strong><\/em><\/strong><\/em><\/strong><\/em><\/strong><\/em><\/strong><\/em><\/strong><\/em><\/strong><\/em><\/strong><\/em><\/strong><\/em><\/strong><\/em><\/strong><\/em><\/strong><\/em><\/strong><\/em><\/strong><\/em><\/strong><\/em><\/strong><\/em><\/strong><\/em><\/strong><\/em><\/strong><\/em><\/strong><\/em><\/strong><\/em><\/strong><\/em><\/strong><\/em><\/strong><\/em><\/strong><\/em><\/strong><\/em><\/strong><\/em><\/strong><\/em><\/strong><\/em><\/strong><\/em><\/strong><\/em><\/strong><\/em><\/strong><\/em><\/strong><\/em><\/strong><\/em><\/strong><\/em><\/strong><\/em><\/strong><\/em><\/strong><\/em><\/strong><\/em><\/strong><\/em><\/strong><\/em><\/strong><\/em><\/strong><\/em><\/strong><\/em><\/strong><\/em><\/strong><\/em><\/strong><\/em><\/strong><\/em><\/strong><\/em><\/strong><\/em><\/strong><\/em><\/strong><\/em><\/strong><\/em><\/strong><\/em><\/strong><\/em><\/strong><\/em><\/strong><\/em><\/strong><\/em><\/strong><\/em><\/strong><\/em><\/strong><\/em><\/strong><\/em><\/strong><\/em><\/strong><\/em><\/strong><\/em><\/strong><\/em><\/strong><\/em><\/strong><\/em><\/strong><\/em><\/strong><\/em><\/strong><\/em><\/strong><\/em><\/strong><\/em><\/strong><\/em><\/strong><\/em><\/strong><\/em><\/strong><\/em><\/strong><\/em><\/strong><\/em><\/strong><\/em><\/strong><\/em><\/strong><\/em><\/strong><\/em><\/strong><\/em><\/strong><\/em><\/strong><\/em><\/strong><\/em><\/strong><\/em><\/strong><\/em><\/strong><\/em><\/strong><\/em><\/strong><\/em><\/strong><\/em><\/strong><\/em><\/strong><\/em><\/strong><\/em><\/strong><\/em><\/strong><\/em><\/strong><\/em><\/strong><\/em><\/strong><\/em><\/strong><\/em><\/strong><\/em><\/strong><\/em><\/strong><\/em><\/strong><\/em><\/strong><\/em><\/strong><\/em><\/strong><\/em><\/strong><\/em><\/strong><\/em><\/strong><\/em><\/strong><\/em><\/strong><\/em><\/strong><\/em><\/strong><\/em><\/strong><\/em><\/strong><\/em><\/strong><\/em><\/strong><\/em><\/strong><\/em><\/strong><\/em><\/strong><\/em><\/strong><\/em><\/strong><\/em><\/strong><\/em><\/strong><\/em><\/strong><\/em><\/strong><\/em><\/strong><\/em><\/strong><\/em><\/strong><\/em><\/strong><\/em><\/strong><\/em><\/strong><\/em><\/strong><\/em><\/strong><\/em><\/strong><\/em><\/strong><\/em><\/strong><\/em><\/strong><\/em><\/strong><\/em><\/strong><\/em><\/strong><\/em><\/strong><\/em><\/strong><\/em><\/strong><\/em><\/strong><\/em><\/strong><\/em><\/strong><\/em><\/strong><\/em><\/strong><\/em><\/strong><\/em><\/strong><\/em><\/strong><\/em><\/strong><\/em><\/strong><\/em><\/strong><\/em><\/strong><\/em><\/strong><\/em><\/strong><\/em><\/strong><\/em><\/strong><\/em><\/strong><\/em><\/strong><\/em><\/strong><\/em><\/strong><\/em><\/strong><\/em><\/strong><\/em><\/strong><\/em><\/strong><\/em><\/strong><\/em><\/strong><\/em><\/strong><\/em><\/strong><\/em><\/strong><\/em><\/strong><\/em><\/strong><\/em><\/strong><\/em><\/strong><\/em><\/strong><\/em><\/strong><\/em><\/strong><\/em><\/strong><\/em><\/strong><\/em><\/strong><\/em><\/strong><\/em><\/strong><\/em><\/strong><\/em><\/strong><\/em><\/strong><\/em><\/strong><\/em><\/strong><\/em><\/strong><\/em><\/strong><\/em><\/strong><\/em><\/strong><\/em><\/strong><\/em><\/strong><\/em><\/strong><\/em><\/strong><\/em><\/strong><\/em><\/strong><\/em><\/strong><\/em><\/strong><\/em><\/strong><\/em><\/strong><\/em><\/strong><\/em><\/strong><\/em><\/strong><\/em><\/strong><\/em><\/strong><\/em><\/strong><\/em><\/strong><\/em><\/strong><\/em><\/strong><\/em><\/strong><\/em><\/strong><\/em><\/strong><\/em><\/strong><\/em><\/strong><\/em><\/strong><\/em><\/strong><\/em><\/strong><\/em><\/strong><\/em><\/strong><\/em><\/strong><\/em><\/strong><\/em><\/strong><\/em><\/strong><\/em><\/strong><\/em><\/strong><\/em><\/strong><\/em><\/strong><\/p>\n","protected":false},"excerpt":{"rendered":"<p>O Grupo Hisatugo\/SMELR, que representa Ara\u00e7atuba no Karat\u00ea, brilhou na 2\u00aa Etapa do Campeonato Paulista de Karat\u00ea Shotokan JKS (Japan Karate Shotorenmei), realizada no \u00faltimo s\u00e1bado (14 de junho) no Gin\u00e1sio Centro de Lutas Eliel Gomes, em Hortol\u00e2ndia (SP). A informa\u00e7\u00e3o \u00e9 do Roni Paparazzi e Foto: Prefeitura de Ara\u00e7atuba. A delega\u00e7\u00e3o, composta por 27 &hellip;<\/p>\n","protected":false},"author":1,"featured_media":18569,"comment_status":"open","ping_status":"open","sticky":false,"template":"","format":"standard","meta":{"_jetpack_memberships_contains_paid_content":false,"footnotes":"","jetpack_publicize_message":"","jetpack_publicize_feature_enabled":true,"jetpack_social_post_already_shared":true,"jetpack_social_options":{"image_generator_settings":{"template":"highway","default_image_id":0,"enabled":false},"version":2}},"categories":[1],"tags":[],"class_list":["post-18568","post","type-post","status-publish","format-standard","has-post-thumbnail","hentry","category-sem-categoria"],"jetpack_publicize_connections":[],"jetpack_featured_media_url":"https:\/\/i0.wp.com\/www.paparazzinews.com.br\/wp-content\/uploads\/2025\/06\/3ba87c32-d80a-44aa-98f9-75ee83388c31-e1750193517834.jpeg?fit=1000%2C810&ssl=1","views":"970","jetpack_likes_enabled":true,"jetpack_sharing_enabled":true,"_links":{"self":[{"href":"https:\/\/www.paparazzinews.com.br\/index.php?rest_route=\/wp\/v2\/posts\/18568","targetHints":{"allow":["GET"]}}],"collection":[{"href":"https:\/\/www.paparazzinews.com.br\/index.php?rest_route=\/wp\/v2\/posts"}],"about":[{"href":"https:\/\/www.paparazzinews.com.br\/index.php?rest_route=\/wp\/v2\/types\/post"}],"author":[{"embeddable":true,"href":"https:\/\/www.paparazzinews.com.br\/index.php?rest_route=\/wp\/v2\/users\/1"}],"replies":[{"embeddable":true,"href":"https:\/\/www.paparazzinews.com.br\/index.php?rest_route=%2Fwp%2Fv2%2Fcomments&post=18568"}],"version-history":[{"count":1,"href":"https:\/\/www.paparazzinews.com.br\/index.php?rest_route=\/wp\/v2\/posts\/18568\/revisions"}],"predecessor-version":[{"id":18570,"href":"https:\/\/www.paparazzinews.com.br\/index.php?rest_route=\/wp\/v2\/posts\/18568\/revisions\/18570"}],"wp:featuredmedia":[{"embeddable":true,"href":"https:\/\/www.paparazzinews.com.br\/index.php?rest_route=\/wp\/v2\/media\/18569"}],"wp:attachment":[{"href":"https:\/\/www.paparazzinews.com.br\/index.php?rest_route=%2Fwp%2Fv2%2Fmedia&parent=18568"}],"wp:term":[{"taxonomy":"category","embeddable":true,"href":"https:\/\/www.paparazzinews.com.br\/index.php?rest_route=%2Fwp%2Fv2%2Fcategories&post=18568"},{"taxonomy":"post_tag","embeddable":true,"href":"https:\/\/www.paparazzinews.com.br\/index.php?rest_route=%2Fwp%2Fv2%2Ftags&post=18568"}],"curies":[{"name":"wp","href":"https:\/\/api.w.org\/{rel}","templated":true}]}}