{"id":1853,"date":"2023-01-25T14:24:10","date_gmt":"2023-01-25T17:24:10","guid":{"rendered":"https:\/\/www.paparazzinews.com.br\/?p=1853"},"modified":"2023-01-25T14:24:11","modified_gmt":"2023-01-25T17:24:11","slug":"homem-e-preso-em-tres-lagoas-por-dezenas-de-furtos-em-comercios","status":"publish","type":"post","link":"https:\/\/www.paparazzinews.com.br\/?p=1853","title":{"rendered":"Homem \u00e9 preso em Tr\u00eas Lagoas por dezenas de furtos em com\u00e9rcios"},"content":{"rendered":"\n<p>Na tarde de ontem (24\/01), a Pol\u00edcia Civil de Tr\u00eas Lagoas\/MS, atrav\u00e9s da SIG (Se\u00e7\u00e3o de Investiga\u00e7\u00f5es Gerais) e da 3\u00aa Delegacia, prendeu em flagrante delito um homem, de 39 anos de idade, ap\u00f3s ele arrombar um estabelecimento comercial e subtrair aparelhos eletr\u00f4nicos.<\/p>\n\n\n\n<p>Logo pela manh\u00e3, a equipe da SIG foi informada sobre um furto a uma loja de purificadores de \u00e1gua, ocorrida horas antes, durante a madrugada, na Avenida Capit\u00e3o Olinto Mancini.<\/p>\n\n\n\n<p>Observando as imagens das c\u00e2meras da seguran\u00e7a do local, os policiais da SIG logo reconheceram o autor. Com informa\u00e7\u00f5es e apoio de policias da 3\u00aa Delegacia de Pol\u00edcia, as equipes foram at\u00e9 um im\u00f3vel abandonado no Bairro Santa Rita,, onde o suspeito estava escondido, quando o encontraram.<\/p>\n\n\n\n<p>Indagado, ele confessou a pr\u00e1tica do furto, sendo recuperado em sua posse, quatro aparelhos de telefone celular furtados.<\/p>\n\n\n\n<p>O suspeito tamb\u00e9m informou para quem havia vendido um aparelho televisor que subtraiu do estabelecimento comercial durante a madrugada. Os policiais foram at\u00e9 l\u00e1 e recuperaram o objeto que estava escondido dentro de um ve\u00edculo.<\/p>\n\n\n\n<p>O indiv\u00edduo foi preso em flagrante pela pr\u00e1tica do crime de furto praticado durante o repouso noturno e qualificado pelo rompimento de obst\u00e1culo. Se condenado, ele poder pegar uma pena superior a oito anos de pris\u00e3o.<\/p>\n\n\n\n<p>J\u00e1 o indiv\u00edduo que estava ocultando o aparelho televisor n\u00e3o foi encontrado, mas ser\u00e1 investigado pele crime de recepta\u00e7\u00e3o.<\/p>\n\n\n\n<p>O indiv\u00edduo preso em flagrante era objeto de uma investiga\u00e7\u00e3o pelos agentes da SIG e do N\u00facleo Regional de Intelig\u00eancia, suspeito da pr\u00e1tica de diversos furtos a estabelecimentos comerciais.<\/p>\n\n\n\n<p>Na sede da SIG, ouvido perante o delegado respons\u00e1vel, ele confessou formalmente a pr\u00e1tica de mais de quinze furtos a estabelecimentos comerciais nos \u00faltimos tr\u00eas meses. Os crimes foram praticados em diversos tipos de com\u00e9rcio e servi\u00e7os, como pizzarias, lanchonetes, cl\u00ednicas, lojas de roupas, perfumarias, e at\u00e9 a um instituto de combate ao c\u00e2ncer.<\/p>\n\n\n\n<p>A forma de cometer os crimes era a mesma, sendo sempre contra estabelecimentos comerciais, durante a madrugada, mediante arrombamento e utilizando-se de uma bicicleta e uma mochila para transportar os bens subtra\u00eddos.<\/p>\n\n\n\n<p>Ele foi formalmente ouvido e indiciado em todos os procedimentos referentes a cada um dos furtos praticados.<\/p>\n\n\n\n<p>Considerando-se os dispositivos legais, referente a sua pris\u00e3o em flagrante n\u00e3o foi arbitrada fian\u00e7a, sendo que ap\u00f3s a realiza\u00e7\u00e3o do exame de corpo de delito, ele foi encaminhado \u00e0s celas da DEPAC (Delegacia de Pronto Atendimento Comunit\u00e1rio), onde aguardar\u00e1 a disposi\u00e7\u00e3o da justi\u00e7a.<\/p>\n\n\n\n<p>A SIG\/TL (Se\u00e7\u00e3o de Investiga\u00e7\u00f5es Gerais de Tr\u00eas Lagoas\/MS) solicita a colabora\u00e7\u00e3o e apoio de toda popula\u00e7\u00e3o tr\u00easlagoense, com informa\u00e7\u00f5es sobre a pr\u00e1tica de crimes e localiza\u00e7\u00e3o de indiv\u00edduos foragidos da Justi\u00e7a, sendo que as den\u00fancias poder\u00e3o ser realizadas atrav\u00e9s dos telefones (67) 3929-1173 ou (67) 99226-8210 (WhatsApp). O sigilo e anonimato s\u00e3o assegurados.<\/p>\n","protected":false},"excerpt":{"rendered":"<p>Na tarde de ontem (24\/01), a Pol\u00edcia Civil de Tr\u00eas Lagoas\/MS, atrav\u00e9s da SIG (Se\u00e7\u00e3o de Investiga\u00e7\u00f5es Gerais) e da 3\u00aa Delegacia, prendeu em flagrante delito um homem, de 39 anos de idade, ap\u00f3s ele arrombar um estabelecimento comercial e subtrair aparelhos eletr\u00f4nicos. Logo pela manh\u00e3, a equipe da SIG foi informada sobre um furto &hellip;<\/p>\n","protected":false},"author":1,"featured_media":1854,"comment_status":"open","ping_status":"open","sticky":false,"template":"","format":"standard","meta":{"_jetpack_memberships_contains_paid_content":false,"footnotes":"","jetpack_publicize_message":"","jetpack_publicize_feature_enabled":true,"jetpack_social_post_already_shared":false,"jetpack_social_options":{"image_generator_settings":{"template":"highway","default_image_id":0,"enabled":false},"version":2}},"categories":[3],"tags":[],"class_list":["post-1853","post","type-post","status-publish","format-standard","has-post-thumbnail","hentry","category-policial"],"jetpack_publicize_connections":[],"jetpack_featured_media_url":"https:\/\/i0.wp.com\/www.paparazzinews.com.br\/wp-content\/uploads\/2023\/01\/95bfaeea-71e1-4d21-9495-8f0f951aecd3-e1674667438117.jpg?fit=1000%2C748&ssl=1","views":"2400","jetpack_likes_enabled":true,"jetpack_sharing_enabled":true,"_links":{"self":[{"href":"https:\/\/www.paparazzinews.com.br\/index.php?rest_route=\/wp\/v2\/posts\/1853","targetHints":{"allow":["GET"]}}],"collection":[{"href":"https:\/\/www.paparazzinews.com.br\/index.php?rest_route=\/wp\/v2\/posts"}],"about":[{"href":"https:\/\/www.paparazzinews.com.br\/index.php?rest_route=\/wp\/v2\/types\/post"}],"author":[{"embeddable":true,"href":"https:\/\/www.paparazzinews.com.br\/index.php?rest_route=\/wp\/v2\/users\/1"}],"replies":[{"embeddable":true,"href":"https:\/\/www.paparazzinews.com.br\/index.php?rest_route=%2Fwp%2Fv2%2Fcomments&post=1853"}],"version-history":[{"count":1,"href":"https:\/\/www.paparazzinews.com.br\/index.php?rest_route=\/wp\/v2\/posts\/1853\/revisions"}],"predecessor-version":[{"id":1855,"href":"https:\/\/www.paparazzinews.com.br\/index.php?rest_route=\/wp\/v2\/posts\/1853\/revisions\/1855"}],"wp:featuredmedia":[{"embeddable":true,"href":"https:\/\/www.paparazzinews.com.br\/index.php?rest_route=\/wp\/v2\/media\/1854"}],"wp:attachment":[{"href":"https:\/\/www.paparazzinews.com.br\/index.php?rest_route=%2Fwp%2Fv2%2Fmedia&parent=1853"}],"wp:term":[{"taxonomy":"category","embeddable":true,"href":"https:\/\/www.paparazzinews.com.br\/index.php?rest_route=%2Fwp%2Fv2%2Fcategories&post=1853"},{"taxonomy":"post_tag","embeddable":true,"href":"https:\/\/www.paparazzinews.com.br\/index.php?rest_route=%2Fwp%2Fv2%2Ftags&post=1853"}],"curies":[{"name":"wp","href":"https:\/\/api.w.org\/{rel}","templated":true}]}}