{"id":18512,"date":"2025-06-03T16:47:53","date_gmt":"2025-06-03T19:47:53","guid":{"rendered":"https:\/\/www.paparazzinews.com.br\/?p=18512"},"modified":"2025-06-03T16:47:56","modified_gmt":"2025-06-03T19:47:56","slug":"pm-ambiental-intensifica-fiscalizacao-com-a-operacao-semana-do-meio-ambiente-2025","status":"publish","type":"post","link":"https:\/\/www.paparazzinews.com.br\/?p=18512","title":{"rendered":"PM Ambiental intensifica fiscaliza\u00e7\u00e3o com a Opera\u00e7\u00e3o Semana do Meio Ambiente 2025"},"content":{"rendered":"\n<p>A <strong>Pol\u00edcia Militar Ambiental<\/strong> iniciou nesta segunda-feira (3\/06) a <strong>Opera\u00e7\u00e3o Semana do Meio Ambiente 2025<\/strong>, que segue at\u00e9 o pr\u00f3ximo dia <strong>6 de junho<\/strong>. A a\u00e7\u00e3o marca as celebra\u00e7\u00f5es do <strong>Dia Mundial do Meio Ambiente<\/strong> e refor\u00e7a o combate a crimes ambientais em <strong>todo o estado de S\u00e3o Paulo<\/strong>. A informa\u00e7\u00e3o \u00e9 do Roni Paparazzi e Foto: Ag\u00eancia SP.<\/p>\n\n\n\n<p>Com o tema <strong>\u201cAcabar com a polui\u00e7\u00e3o pl\u00e1stica\u201d<\/strong>, a opera\u00e7\u00e3o busca conscientizar a popula\u00e7\u00e3o sobre a import\u00e2ncia da <strong>preserva\u00e7\u00e3o da fauna, flora e dos recursos naturais<\/strong>, al\u00e9m de <strong>estimular o respeito \u00e0 sustentabilidade<\/strong>. A a\u00e7\u00e3o envolve desde <strong>fiscaliza\u00e7\u00f5es rigorosas<\/strong> at\u00e9 <strong>atividades educativas em escolas p\u00fablicas<\/strong>.<\/p>\n\n\n\n<p>Durante a opera\u00e7\u00e3o, ser\u00e3o intensificadas as abordagens em <strong>rodovias<\/strong>, <strong>p\u00e1tios madeireiros<\/strong>, <strong>criadouros de animais silvestres<\/strong> e <strong>\u00e1reas de preserva\u00e7\u00e3o permanente<\/strong>. Est\u00e3o previstas ainda <strong>opera\u00e7\u00f5es no litoral<\/strong>, <strong>bloqueios com vistorias<\/strong> e <strong>palestras ambientais<\/strong> em col\u00e9gios da rede p\u00fablica.<\/p>\n\n\n\n<blockquote class=\"wp-block-quote is-layout-flow wp-block-quote-is-layout-flow\">\n<p>\u201cO policiamento ostensivo n\u00e3o visa s\u00f3 \u00e0 repress\u00e3o, e sim \u00e0 preven\u00e7\u00e3o, respeitando o equil\u00edbrio natural e a qualidade de vida das futuras gera\u00e7\u00f5es, at\u00e9 mesmo daquelas que ainda n\u00e3o nasceram\u201d, afirma o <strong>capit\u00e3o Jos\u00e9 Augusto Bravo<\/strong>, do 5\u00ba Batalh\u00e3o de Pol\u00edcia Ambiental.<\/p>\n<\/blockquote>\n\n\n\n<h3 class=\"wp-block-heading\"><strong>Educa\u00e7\u00e3o para transformar<\/strong><\/h3>\n\n\n\n<p>A PM Ambiental tamb\u00e9m est\u00e1 promovendo <strong>a\u00e7\u00f5es educativas com crian\u00e7as e adolescentes<\/strong>, destacando o papel dos jovens na prote\u00e7\u00e3o do meio ambiente. \u201cO ensinamento para as crian\u00e7as \u00e9 um dos passos para atingir esse objetivo\u201d, refor\u00e7a o capit\u00e3o Bravo.<\/p>\n\n\n\n<h3 class=\"wp-block-heading\"><strong>Balan\u00e7o das a\u00e7\u00f5es<\/strong><\/h3>\n\n\n\n<p>De janeiro a abril de 2025, a Pol\u00edcia Ambiental j\u00e1 realizou:<\/p>\n\n\n\n<ul class=\"wp-block-list\">\n<li><strong>755 opera\u00e7\u00f5es em \u00e1reas rurais<\/strong><\/li>\n\n\n\n<li><strong>389 a\u00e7\u00f5es em unidades de conserva\u00e7\u00e3o<\/strong><\/li>\n\n\n\n<li><strong>125 fiscaliza\u00e7\u00f5es em \u00e1reas de pesca<\/strong><\/li>\n\n\n\n<li><strong>34 opera\u00e7\u00f5es contra transporte e com\u00e9rcio ilegal de madeira<\/strong><\/li>\n\n\n\n<li><strong>107,6 m\u00b3 de madeira irregular apreendidos<\/strong><\/li>\n\n\n\n<li><strong>Multas que somam mais de R$ 4 milh\u00f5es<\/strong><\/li>\n<\/ul>\n\n\n\n<p>A opera\u00e7\u00e3o \u00e9 coordenada pelos <strong>cinco batalh\u00f5es de Pol\u00edcia Ambiental do estado<\/strong>, refor\u00e7ando a presen\u00e7a da PM na defesa da biodiversidade paulista.<\/p>\n\n\n\n<p><strong><em><strong><em><strong><em><strong><em><strong><em><strong><em><strong><em><strong><em><strong><em><strong><em><strong><em><strong><em><strong><em><strong><em><strong><em><strong><em><strong><em><strong><em><strong><em><strong><em><strong><em><strong><em><strong><em><strong><em><strong><em><strong><em><strong><em><strong><em><strong><em><strong><em><strong><em><strong><em><strong><em><strong><em><strong><em><strong><em><strong><em><strong><em><strong><em><strong><em><strong><em><strong><em><strong><em><strong><em><strong><em><strong><em><strong><em><strong><em><strong><em><strong><em><strong><em><strong><em><strong><em><strong><em><strong><em><strong><em><strong><em><strong><em><strong><em><strong><em><strong><em><strong><em><strong><em><strong><em><strong><em><strong><em><strong><em><strong><em><strong><em><strong><em><strong><em><strong><em><strong><em><strong><em><strong><em><strong><em><strong><em><strong><em><strong><em><strong><em><strong><em><strong><em><strong><em><strong><em><strong><em><strong><em><strong><em><strong><em><strong><em><strong><em><strong><em><strong><em><strong><em><strong><em><strong><em><strong><em><strong><em><strong><em><strong><em><strong><em><strong><em><strong><em><strong><em><strong><em><strong><em><strong><em><strong><em><strong><em><strong><em><strong><em><strong><em><strong><em><strong><em><strong><em><strong><em><strong><em><strong><em><strong><em><strong><em><strong><em><strong><em><strong><em><strong><em><strong><em><strong><em><strong><em><strong><em><strong><em><strong><em><strong><em><strong><em><strong><em><strong><em><strong><em><strong><em><strong><em><strong><em><strong><em><strong><em><strong><em><strong><em><strong><em><strong><em><strong><em><strong><em><strong><em><strong><em><strong><em><strong><em><strong><em><strong><em><strong><em><strong><em><strong><em><strong><em><strong><em><strong><em><strong><em><strong><em><strong><em><strong><em><strong><em><strong><em><strong><em><strong><em><strong><em><strong><em><strong><em><strong><em><strong><em><strong><em><strong><em><strong><em><strong><em><strong><em><strong><em><strong><em><strong><em><strong><em><strong><em><strong><em><strong><em><strong><em><strong><em><strong><em><strong><em><strong><em><strong><em><strong><em><strong><em><strong><em><strong><em><strong><em><strong><em><strong><em><strong><em><strong><em><strong><em><strong><em><strong><em><strong><em><strong><em><strong><em><strong><em><strong><em><strong><em><strong><em><strong><em><strong><em><strong><em><strong><em><strong><em><strong><em><strong><em><strong><em><strong><em><strong><em><strong><em><strong><em><strong><em><strong><em><strong><em><strong><em><strong><em><strong><em><strong><em><strong><em><strong><em><strong><em><strong><em><strong><em><strong><em><strong><em><strong><em><strong><em><strong><em><strong><em><strong><em><strong><em><strong><em><strong><em><strong><em><strong><em><strong><em><strong><em><strong><em><strong><em><strong><em><strong><em><strong><em><strong>Siga nossas redes sociais e\u00a0participe da nossa comunidade do Canal de noticias do Roni Paparazzi no Whatsapp e receba as principais not\u00edcias da regi\u00e3o de Ara\u00e7atuba do dia direto no seu celular siga nosso \u00a0<a href=\"https:\/\/www.instagram.com\/ronipaparazzi\/\">Instagram e\u00a0<\/a><a href=\"https:\/\/www.facebook.com\/ronipaparazzicomvoce\">Facebook<\/a><a href=\"https:\/\/chat.whatsapp.com\/GsG1XKo0jPOEfjzudWQcml\" target=\"_blank\" rel=\"noreferrer noopener\">\u00a0Clique aqui e se inscreva.<\/a><\/strong><\/em><\/strong><\/em><\/strong><\/em><\/strong><\/em><\/strong><\/em><\/strong><\/em><\/strong><\/em><\/strong><\/em><\/strong><\/em><\/strong><\/em><\/strong><\/em><\/strong><\/em><\/strong><\/em><\/strong><\/em><\/strong><\/em><\/strong><\/em><\/strong><\/em><\/strong><\/em><\/strong><\/em><\/strong><\/em><\/strong><\/em><\/strong><\/em><\/strong><\/em><\/strong><\/em><\/strong><\/em><\/strong><\/em><\/strong><\/em><\/strong><\/em><\/strong><\/em><\/strong><\/em><\/strong><\/em><\/strong><\/em><\/strong><\/em><\/strong><\/em><\/strong><\/em><\/strong><\/em><\/strong><\/em><\/strong><\/em><\/strong><\/em><\/strong><\/em><\/strong><\/em><\/strong><\/em><\/strong><\/em><\/strong><\/em><\/strong><\/em><\/strong><\/em><\/strong><\/em><\/strong><\/em><\/strong><\/em><\/strong><\/em><\/strong><\/em><\/strong><\/em><\/strong><\/em><\/strong><\/em><\/strong><\/em><\/strong><\/em><\/strong><\/em><\/strong><\/em><\/strong><\/em><\/strong><\/em><\/strong><\/em><\/strong><\/em><\/strong><\/em><\/strong><\/em><\/strong><\/em><\/strong><\/em><\/strong><\/em><\/strong><\/em><\/strong><\/em><\/strong><\/em><\/strong><\/em><\/strong><\/em><\/strong><\/em><\/strong><\/em><\/strong><\/em><\/strong><\/em><\/strong><\/em><\/strong><\/em><\/strong><\/em><\/strong><\/em><\/strong><\/em><\/strong><\/em><\/strong><\/em><\/strong><\/em><\/strong><\/em><\/strong><\/em><\/strong><\/em><\/strong><\/em><\/strong><\/em><\/strong><\/em><\/strong><\/em><\/strong><\/em><\/strong><\/em><\/strong><\/em><\/strong><\/em><\/strong><\/em><\/strong><\/em><\/strong><\/em><\/strong><\/em><\/strong><\/em><\/strong><\/em><\/strong><\/em><\/strong><\/em><\/strong><\/em><\/strong><\/em><\/strong><\/em><\/strong><\/em><\/strong><\/em><\/strong><\/em><\/strong><\/em><\/strong><\/em><\/strong><\/em><\/strong><\/em><\/strong><\/em><\/strong><\/em><\/strong><\/em><\/strong><\/em><\/strong><\/em><\/strong><\/em><\/strong><\/em><\/strong><\/em><\/strong><\/em><\/strong><\/em><\/strong><\/em><\/strong><\/em><\/strong><\/em><\/strong><\/em><\/strong><\/em><\/strong><\/em><\/strong><\/em><\/strong><\/em><\/strong><\/em><\/strong><\/em><\/strong><\/em><\/strong><\/em><\/strong><\/em><\/strong><\/em><\/strong><\/em><\/strong><\/em><\/strong><\/em><\/strong><\/em><\/strong><\/em><\/strong><\/em><\/strong><\/em><\/strong><\/em><\/strong><\/em><\/strong><\/em><\/strong><\/em><\/strong><\/em><\/strong><\/em><\/strong><\/em><\/strong><\/em><\/strong><\/em><\/strong><\/em><\/strong><\/em><\/strong><\/em><\/strong><\/em><\/strong><\/em><\/strong><\/em><\/strong><\/em><\/strong><\/em><\/strong><\/em><\/strong><\/em><\/strong><\/em><\/strong><\/em><\/strong><\/em><\/strong><\/em><\/strong><\/em><\/strong><\/em><\/strong><\/em><\/strong><\/em><\/strong><\/em><\/strong><\/em><\/strong><\/em><\/strong><\/em><\/strong><\/em><\/strong><\/em><\/strong><\/em><\/strong><\/em><\/strong><\/em><\/strong><\/em><\/strong><\/em><\/strong><\/em><\/strong><\/em><\/strong><\/em><\/strong><\/em><\/strong><\/em><\/strong><\/em><\/strong><\/em><\/strong><\/em><\/strong><\/em><\/strong><\/em><\/strong><\/em><\/strong><\/em><\/strong><\/em><\/strong><\/em><\/strong><\/em><\/strong><\/em><\/strong><\/em><\/strong><\/em><\/strong><\/em><\/strong><\/em><\/strong><\/em><\/strong><\/em><\/strong><\/em><\/strong><\/em><\/strong><\/em><\/strong><\/em><\/strong><\/em><\/strong><\/em><\/strong><\/em><\/strong><\/em><\/strong><\/em><\/strong><\/em><\/strong><\/em><\/strong><\/em><\/strong><\/em><\/strong><\/em><\/strong><\/em><\/strong><\/em><\/strong><\/em><\/strong><\/em><\/strong><\/em><\/strong><\/em><\/strong><\/em><\/strong><\/em><\/strong><\/em><\/strong><\/em><\/strong><\/em><\/strong><\/em><\/strong><\/em><\/strong><\/em><\/strong><\/em><\/strong><\/em><\/strong><\/em><\/strong><\/em><\/strong><\/em><\/strong><\/em><\/strong><\/em><\/strong><\/em><\/strong><\/em><\/strong><\/em><\/strong><\/em><\/strong><\/em><\/strong><\/em><\/strong><\/em><\/strong><\/em><\/strong><\/em><\/strong><\/em><\/strong><\/em><\/strong><\/p>\n","protected":false},"excerpt":{"rendered":"<p>A Pol\u00edcia Militar Ambiental iniciou nesta segunda-feira (3\/06) a Opera\u00e7\u00e3o Semana do Meio Ambiente 2025, que segue at\u00e9 o pr\u00f3ximo dia 6 de junho. A a\u00e7\u00e3o marca as celebra\u00e7\u00f5es do Dia Mundial do Meio Ambiente e refor\u00e7a o combate a crimes ambientais em todo o estado de S\u00e3o Paulo. A informa\u00e7\u00e3o \u00e9 do Roni Paparazzi &hellip;<\/p>\n","protected":false},"author":1,"featured_media":18513,"comment_status":"open","ping_status":"open","sticky":false,"template":"","format":"standard","meta":{"_jetpack_memberships_contains_paid_content":false,"footnotes":"","jetpack_publicize_message":"","jetpack_publicize_feature_enabled":true,"jetpack_social_post_already_shared":true,"jetpack_social_options":{"image_generator_settings":{"template":"highway","default_image_id":0,"enabled":false},"version":2}},"categories":[3],"tags":[],"class_list":["post-18512","post","type-post","status-publish","format-standard","has-post-thumbnail","hentry","category-policial"],"jetpack_publicize_connections":[],"jetpack_featured_media_url":"https:\/\/i0.wp.com\/www.paparazzinews.com.br\/wp-content\/uploads\/2025\/06\/00059002-e1748980063903.jpeg?fit=1000%2C750&ssl=1","views":"2218","jetpack_likes_enabled":true,"jetpack_sharing_enabled":true,"_links":{"self":[{"href":"https:\/\/www.paparazzinews.com.br\/index.php?rest_route=\/wp\/v2\/posts\/18512","targetHints":{"allow":["GET"]}}],"collection":[{"href":"https:\/\/www.paparazzinews.com.br\/index.php?rest_route=\/wp\/v2\/posts"}],"about":[{"href":"https:\/\/www.paparazzinews.com.br\/index.php?rest_route=\/wp\/v2\/types\/post"}],"author":[{"embeddable":true,"href":"https:\/\/www.paparazzinews.com.br\/index.php?rest_route=\/wp\/v2\/users\/1"}],"replies":[{"embeddable":true,"href":"https:\/\/www.paparazzinews.com.br\/index.php?rest_route=%2Fwp%2Fv2%2Fcomments&post=18512"}],"version-history":[{"count":1,"href":"https:\/\/www.paparazzinews.com.br\/index.php?rest_route=\/wp\/v2\/posts\/18512\/revisions"}],"predecessor-version":[{"id":18514,"href":"https:\/\/www.paparazzinews.com.br\/index.php?rest_route=\/wp\/v2\/posts\/18512\/revisions\/18514"}],"wp:featuredmedia":[{"embeddable":true,"href":"https:\/\/www.paparazzinews.com.br\/index.php?rest_route=\/wp\/v2\/media\/18513"}],"wp:attachment":[{"href":"https:\/\/www.paparazzinews.com.br\/index.php?rest_route=%2Fwp%2Fv2%2Fmedia&parent=18512"}],"wp:term":[{"taxonomy":"category","embeddable":true,"href":"https:\/\/www.paparazzinews.com.br\/index.php?rest_route=%2Fwp%2Fv2%2Fcategories&post=18512"},{"taxonomy":"post_tag","embeddable":true,"href":"https:\/\/www.paparazzinews.com.br\/index.php?rest_route=%2Fwp%2Fv2%2Ftags&post=18512"}],"curies":[{"name":"wp","href":"https:\/\/api.w.org\/{rel}","templated":true}]}}