{"id":1840,"date":"2023-01-25T13:52:35","date_gmt":"2023-01-25T16:52:35","guid":{"rendered":"https:\/\/www.paparazzinews.com.br\/?p=1840"},"modified":"2023-01-25T13:52:36","modified_gmt":"2023-01-25T16:52:36","slug":"praca-moura-andrade-de-andradina-recebe-novo-pavimento","status":"publish","type":"post","link":"https:\/\/www.paparazzinews.com.br\/?p=1840","title":{"rendered":"Pra\u00e7a Moura Andrade de Andradina recebe novo pavimento"},"content":{"rendered":"\n<p>As cal\u00e7adas da Pra\u00e7a Ant\u00f4nio Joaquim de Moura Andrade (Pra\u00e7a Moura Andrade) come\u00e7aram a receber novo pavimento. O antigo, em \u201cpetit pav\u00ea\u201d, danificado pelo tempo e que n\u00e3o recebeu o devido cuidado no passado est\u00e1 sendo substitu\u00eddo por um novo moderno e com acessibilidade.<\/p>\n\n\n\n<p>A maior queixa dos andradinenses era em rela\u00e7\u00e3o a pequenos acidentes provocados pelo cal\u00e7amento irregular. A nova reformula\u00e7\u00e3o vai devolver a acessibilidade e seguran\u00e7a para os frequentadores da Pra\u00e7a.<br>As pedras que comp\u00f5em o \u201cpetit pav\u00ea\u201d ser\u00e3o guardadas pela administra\u00e7\u00e3o para recupera\u00e7\u00e3o de outras pra\u00e7as que tem o mesmo pavimento.<\/p>\n\n\n\n<p>A pra\u00e7a, que representa a mem\u00f3ria viva e a hist\u00f3ria de Andradina, ser\u00e1 totalmente revitalizada para manter viva a tradi\u00e7\u00e3o de ir \u00e1 \u201cMoura Andrade\u201d para os momentos de lazer, cultura e at\u00e9 mesmo para fechar neg\u00f3cios.<\/p>\n\n\n\n<p>A Moura Andrade sempre reuniu o movimento pulsante de uma sociedade que n\u00e3o parava, seja como refer\u00eancia do centro financeiro ou em suas tardes repletas de andradinenses onde se discutiam os destinos da nossa cidade ou ainda nas horas de descontra\u00e7\u00e3o movimentadas pelas atividades culturais no velho coreto e palco e pelo p\u00fablico atra\u00eddo pelos cinemas, cantinas e restaurantes.<\/p>\n\n\n\n<p><strong>Caracter\u00edsticas<\/strong><br>O desenho original da pra\u00e7a ser\u00e1 preservado, bem como seus bancos e paisagismo. Tamb\u00e9m receber\u00e1 um novo piso os desenhos da rosa dos ventos, que infelizmente foi danificado com o tempo, mantendo o visual de seu tamanho e desenho original.<\/p>\n\n\n\n<p>Suas esculturas e bustos dos ilustres pioneiros tamb\u00e9m ser\u00e3o mantidos. \u201cA pra\u00e7a n\u00e3o ser\u00e1 descaracterizada e qualquer informa\u00e7\u00e3o al\u00e9m desta descrita \u00e9 apenas boato. Estamos a disposi\u00e7\u00e3o para qualquer esclarecimento\u201d, informou o Secret\u00e1rio de Governo, Ernesto J\u00fanior.<\/p>\n\n\n\n<p><strong>Estacionamento<\/strong><br>A pra\u00e7a Moura Andrade j\u00e1 possui um grande p\u00e1tio central e duas entradas centrais pela Paes Leme e outra pela Ac\u00e1cio e Silva, podendo assim ser apoio para eventualmente estacionar carros em hor\u00e1rios e dias espec\u00edficos, n\u00e3o danificando e nem destruindo seu desenho atual.<\/p>\n","protected":false},"excerpt":{"rendered":"<p>As cal\u00e7adas da Pra\u00e7a Ant\u00f4nio Joaquim de Moura Andrade (Pra\u00e7a Moura Andrade) come\u00e7aram a receber novo pavimento. O antigo, em \u201cpetit pav\u00ea\u201d, danificado pelo tempo e que n\u00e3o recebeu o devido cuidado no passado est\u00e1 sendo substitu\u00eddo por um novo moderno e com acessibilidade. A maior queixa dos andradinenses era em rela\u00e7\u00e3o a pequenos acidentes &hellip;<\/p>\n","protected":false},"author":1,"featured_media":1841,"comment_status":"open","ping_status":"open","sticky":false,"template":"","format":"standard","meta":{"_jetpack_memberships_contains_paid_content":false,"footnotes":"","jetpack_publicize_message":"","jetpack_publicize_feature_enabled":true,"jetpack_social_post_already_shared":false,"jetpack_social_options":{"image_generator_settings":{"template":"highway","default_image_id":0,"enabled":false},"version":2}},"categories":[4],"tags":[],"class_list":["post-1840","post","type-post","status-publish","format-standard","has-post-thumbnail","hentry","category-regiao"],"jetpack_publicize_connections":[],"jetpack_featured_media_url":"https:\/\/i0.wp.com\/www.paparazzinews.com.br\/wp-content\/uploads\/2023\/01\/b6b19638-628d-42e7-a5b9-574986f39868-e1674665540665.jpg?fit=1000%2C666&ssl=1","views":"2415","jetpack_likes_enabled":true,"jetpack_sharing_enabled":true,"_links":{"self":[{"href":"https:\/\/www.paparazzinews.com.br\/index.php?rest_route=\/wp\/v2\/posts\/1840","targetHints":{"allow":["GET"]}}],"collection":[{"href":"https:\/\/www.paparazzinews.com.br\/index.php?rest_route=\/wp\/v2\/posts"}],"about":[{"href":"https:\/\/www.paparazzinews.com.br\/index.php?rest_route=\/wp\/v2\/types\/post"}],"author":[{"embeddable":true,"href":"https:\/\/www.paparazzinews.com.br\/index.php?rest_route=\/wp\/v2\/users\/1"}],"replies":[{"embeddable":true,"href":"https:\/\/www.paparazzinews.com.br\/index.php?rest_route=%2Fwp%2Fv2%2Fcomments&post=1840"}],"version-history":[{"count":1,"href":"https:\/\/www.paparazzinews.com.br\/index.php?rest_route=\/wp\/v2\/posts\/1840\/revisions"}],"predecessor-version":[{"id":1842,"href":"https:\/\/www.paparazzinews.com.br\/index.php?rest_route=\/wp\/v2\/posts\/1840\/revisions\/1842"}],"wp:featuredmedia":[{"embeddable":true,"href":"https:\/\/www.paparazzinews.com.br\/index.php?rest_route=\/wp\/v2\/media\/1841"}],"wp:attachment":[{"href":"https:\/\/www.paparazzinews.com.br\/index.php?rest_route=%2Fwp%2Fv2%2Fmedia&parent=1840"}],"wp:term":[{"taxonomy":"category","embeddable":true,"href":"https:\/\/www.paparazzinews.com.br\/index.php?rest_route=%2Fwp%2Fv2%2Fcategories&post=1840"},{"taxonomy":"post_tag","embeddable":true,"href":"https:\/\/www.paparazzinews.com.br\/index.php?rest_route=%2Fwp%2Fv2%2Ftags&post=1840"}],"curies":[{"name":"wp","href":"https:\/\/api.w.org\/{rel}","templated":true}]}}