{"id":1822,"date":"2023-01-23T16:39:19","date_gmt":"2023-01-23T19:39:19","guid":{"rendered":"https:\/\/www.paparazzinews.com.br\/?p=1822"},"modified":"2023-01-23T16:39:20","modified_gmt":"2023-01-23T19:39:20","slug":"cruz-de-fundacao-da-cidade-de-andradina-e-recuperada","status":"publish","type":"post","link":"https:\/\/www.paparazzinews.com.br\/?p=1822","title":{"rendered":"Cruz de funda\u00e7\u00e3o da cidade de Andradina \u00e9 recuperada"},"content":{"rendered":"\n<p>O Marco de Funda\u00e7\u00e3o de Andradina, localizado na Pra\u00e7a Eduardo Ramalho Miranda (Pra\u00e7a do JBC) ser\u00e1 entregue totalmente recuperado para a popula\u00e7\u00e3o. No local, onde a antiga cruz de madeira foi erguida para a cerim\u00f4nia de funda\u00e7\u00e3o da cidade hoje est\u00e1 erguida uma cruz de concreto que gra\u00e7as a uma a\u00e7\u00e3o para a recupera\u00e7\u00e3o de pontos tur\u00edsticos e hist\u00f3ricos ela ser\u00e1 novamente revelada.<\/p>\n\n\n\n<p>Hoje o monumento encontra-se escondido entre as \u00e1rvores da pra\u00e7a e at\u00e9 mesmo a placa comemorativa desapareceu. Na nova repaginada realizada pelo Governo de Andradina a cruz de concreto est\u00e1 ganhando acabamento art\u00edstico imitando madeira para lembrar o tempo em que os primeiros pioneiros estiveram no local para fundar uma cidade no meio das selvas.<\/p>\n\n\n\n<p>O restauro cumpre o duplo papel de devolver um s\u00edmbolo da hist\u00f3ria da cidade em boas condi\u00e7\u00f5es para a popula\u00e7\u00e3o e iniciar o processo de recupera\u00e7\u00e3o de monumentos da cidade. \u201cOs monumentos de nossa cidade foram esquecidos e abandonados e n\u00f3s temos o compromisso de mudar isso, pois s\u00e3o marcos da nossa hist\u00f3ria e da nossa cultura, recuper\u00e1-los e mant\u00ea-los \u00e9 nossa miss\u00e3o\u201d, disse o prefeito.<\/p>\n\n\n\n<p>Tudo est\u00e1 sendo feito \u00e0 vista da popula\u00e7\u00e3o, para que haja maior participa\u00e7\u00e3o no trabalho de recupera\u00e7\u00e3o e at\u00e9 mesmo para desenvolver um esp\u00edrito de preserva\u00e7\u00e3o da mem\u00f3ria de Andradina e combatendo atos de vandalismo.<\/p>\n","protected":false},"excerpt":{"rendered":"<p>O Marco de Funda\u00e7\u00e3o de Andradina, localizado na Pra\u00e7a Eduardo Ramalho Miranda (Pra\u00e7a do JBC) ser\u00e1 entregue totalmente recuperado para a popula\u00e7\u00e3o. No local, onde a antiga cruz de madeira foi erguida para a cerim\u00f4nia de funda\u00e7\u00e3o da cidade hoje est\u00e1 erguida uma cruz de concreto que gra\u00e7as a uma a\u00e7\u00e3o para a recupera\u00e7\u00e3o de &hellip;<\/p>\n","protected":false},"author":1,"featured_media":1823,"comment_status":"open","ping_status":"open","sticky":false,"template":"","format":"standard","meta":{"_jetpack_memberships_contains_paid_content":false,"footnotes":"","jetpack_publicize_message":"","jetpack_publicize_feature_enabled":true,"jetpack_social_post_already_shared":false,"jetpack_social_options":{"image_generator_settings":{"template":"highway","default_image_id":0,"enabled":false},"version":2}},"categories":[4],"tags":[],"class_list":["post-1822","post","type-post","status-publish","format-standard","has-post-thumbnail","hentry","category-regiao"],"jetpack_publicize_connections":[],"jetpack_featured_media_url":"https:\/\/i0.wp.com\/www.paparazzinews.com.br\/wp-content\/uploads\/2023\/01\/31c05a2a-5562-40dd-82c7-21f3da5ff2bd-e1674502749181.jpg?fit=1000%2C666&ssl=1","views":"3197","jetpack_likes_enabled":true,"jetpack_sharing_enabled":true,"_links":{"self":[{"href":"https:\/\/www.paparazzinews.com.br\/index.php?rest_route=\/wp\/v2\/posts\/1822","targetHints":{"allow":["GET"]}}],"collection":[{"href":"https:\/\/www.paparazzinews.com.br\/index.php?rest_route=\/wp\/v2\/posts"}],"about":[{"href":"https:\/\/www.paparazzinews.com.br\/index.php?rest_route=\/wp\/v2\/types\/post"}],"author":[{"embeddable":true,"href":"https:\/\/www.paparazzinews.com.br\/index.php?rest_route=\/wp\/v2\/users\/1"}],"replies":[{"embeddable":true,"href":"https:\/\/www.paparazzinews.com.br\/index.php?rest_route=%2Fwp%2Fv2%2Fcomments&post=1822"}],"version-history":[{"count":1,"href":"https:\/\/www.paparazzinews.com.br\/index.php?rest_route=\/wp\/v2\/posts\/1822\/revisions"}],"predecessor-version":[{"id":1824,"href":"https:\/\/www.paparazzinews.com.br\/index.php?rest_route=\/wp\/v2\/posts\/1822\/revisions\/1824"}],"wp:featuredmedia":[{"embeddable":true,"href":"https:\/\/www.paparazzinews.com.br\/index.php?rest_route=\/wp\/v2\/media\/1823"}],"wp:attachment":[{"href":"https:\/\/www.paparazzinews.com.br\/index.php?rest_route=%2Fwp%2Fv2%2Fmedia&parent=1822"}],"wp:term":[{"taxonomy":"category","embeddable":true,"href":"https:\/\/www.paparazzinews.com.br\/index.php?rest_route=%2Fwp%2Fv2%2Fcategories&post=1822"},{"taxonomy":"post_tag","embeddable":true,"href":"https:\/\/www.paparazzinews.com.br\/index.php?rest_route=%2Fwp%2Fv2%2Ftags&post=1822"}],"curies":[{"name":"wp","href":"https:\/\/api.w.org\/{rel}","templated":true}]}}