{"id":18160,"date":"2025-05-21T17:35:38","date_gmt":"2025-05-21T20:35:38","guid":{"rendered":"https:\/\/www.paparazzinews.com.br\/?p=18160"},"modified":"2025-05-21T17:35:39","modified_gmt":"2025-05-21T20:35:39","slug":"cao-da-pm-faz-historia-ao-ser-o-primeiro-a-saltar-de-paraquedas-em-treinamento-de-intervencao-tatica","status":"publish","type":"post","link":"https:\/\/www.paparazzinews.com.br\/?p=18160","title":{"rendered":"C\u00e3o da PM faz hist\u00f3ria ao ser o primeiro a saltar de paraquedas em treinamento de interven\u00e7\u00e3o t\u00e1tica"},"content":{"rendered":"\n<p>O c\u00e3o policial Coyote fez hist\u00f3ria na Pol\u00edcia Militar de todo o Brasil ao ser o primeiro a saltar de paraquedas durante um treinamento de interven\u00e7\u00e3o t\u00e1tica. O pastor belga malinois, de 3 anos, pertence ao Canil da corpora\u00e7\u00e3o, na zona norte de S\u00e3o Paulo, e atua junto ao Grupo de A\u00e7\u00f5es T\u00e1ticas Especiais da PM (Gate) em ocorr\u00eancias mais complexas.&nbsp;<\/p>\n\n\n\n<p>Agora, ao enfrentar esse desafio nas alturas, ele tamb\u00e9m est\u00e1 preparado para ajudar em casos em que a op\u00e7\u00e3o mais vi\u00e1vel de interfer\u00eancia em alguma ocorr\u00eancia \u2014 ou at\u00e9 mesmo em salvamentos \u2014 seja com o uso de aeronaves.<\/p>\n\n\n\n<p>No Brasil, apenas o Ex\u00e9rcito possui cachorros paraquedistas. Por isso, Coyote, que conseguiu saltar de paraquedas sem nenhuma interfer\u00eancia ou mudan\u00e7a de comportamento, se tornou um s\u00edmbolo de coragem, preparo, confian\u00e7a e profissionalismo. O treinamento aconteceu em abril, em Boituva, no interior do estado.<\/p>\n\n\n\n<p>\u201cQuando o Coyote chegou aqui no Canil era muito agressivo, desde filhote. Por\u00e9m, ele foi treinado com os melhores adestradores da Pol\u00edcia Militar, que pertencem ao&nbsp; 5\u00ba Batalh\u00e3o de Policiamento de Choque, para que ele soubesse quando e onde usar toda aquela agressividade\u201d, explicou o cabo Diego Albuquerque, tutor do animal.<\/p>\n\n\n\n<figure class=\"wp-block-image\"><img data-recalc-dims=\"1\" height=\"944\" width=\"708\" decoding=\"async\" src=\"https:\/\/i0.wp.com\/www.agenciasp.sp.gov.br\/wp-content\/uploads\/2025\/05\/00058874-768x1024.jpg?resize=708%2C944&#038;ssl=1\" alt=\"\"\/><\/figure>\n\n\n\n<p>O pastor belga malinois foi selecionado para realizar o salto ap\u00f3s participar de uma s\u00e9rie de ocorr\u00eancias e outros treinamentos parecidos, como descer de rapel. Desde o embarque no avi\u00e3o at\u00e9 o momento do salto, o animal permaneceu tranquilo, mesmo com todo o equipamento que usava durante a atividade, revelou o tutor.<\/p>\n\n\n\n<p>Albuquerque, que tem Coyote como um verdadeiro amigo e parceiro de trabalho, afirmou que esse tipo de treinamento \u00e9 de extrema import\u00e2ncia porque agora a pol\u00edcia poder\u00e1 contar com um cachorro, que al\u00e9m do faro agu\u00e7ado, possui treinamento espec\u00edfico para imobilizar suspeitos em ocorr\u00eancias nas quais sejam essenciais a rapidez e o uso de aeronaves.&nbsp;<\/p>\n\n\n\n<p>\u201cVamos supor que haja um indiv\u00edduo suspeito dentro de uma casa em uma cidade onde n\u00e3o h\u00e1 aeroporto ou campo de pouso. Uma equipe vai de viatura por terra e, a outra, pode saltar de paraquedas e j\u00e1 chegar no local rapidamente\u201d, exemplificou o policial. \u201cFaz toda a diferen\u00e7a.\u201d<\/p>\n\n\n\n<figure class=\"wp-block-image\"><img data-recalc-dims=\"1\" height=\"531\" width=\"708\" decoding=\"async\" src=\"https:\/\/i0.wp.com\/www.agenciasp.sp.gov.br\/wp-content\/uploads\/2025\/05\/00058872-1024x768.jpg?resize=708%2C531&#038;ssl=1\" alt=\"\"\/><\/figure>\n\n\n\n<h2 class=\"wp-block-heading\"><strong>Equipamentos personalizados e tratamento com o cachorro<\/strong><\/h2>\n\n\n\n<p>Embora os equipamentos usados por Coyote pare\u00e7am pesados e desconfort\u00e1veis, tudo foi feito por profissionais de maneira personalizada para o cachorro, de forma que n\u00e3o afeta o deslocamento, respira\u00e7\u00e3o ou alimenta\u00e7\u00e3o. Al\u00e9m disso, as viaturas s\u00e3o devidamente adaptadas para o transporte dos c\u00e3es.&nbsp;<\/p>\n\n\n\n<p>O Canil da PM conta com uma equipe veterin\u00e1ria respons\u00e1vel por tratar da sa\u00fade dos animais. Eles s\u00e3o constantemente pesados, examinados e possuem dietas pr\u00f3prias.&nbsp;<\/p>\n\n\n\n<p>Os adestradores treinam os cachorros para que usem o instinto, mas tamb\u00e9m para serem parceiros leais de seus tutores, obedecendo aos comandos. Os exerc\u00edcios s\u00e3o direcionados para que os animais gostem do que precisam fazer. Eles sabem que, ao t\u00e9rmino, receber\u00e3o uma recompensa.<\/p>\n\n\n\n<p>Para al\u00e9m do trabalho, h\u00e1 o sentimento entre o tutor e o animal. O cabo Albuquerque n\u00e3o tem d\u00favidas de que vai adotar Coyote quando ele precisar se aposentar, assim como fez com Ghost, que era o c\u00e3o de interven\u00e7\u00e3o t\u00e1tica anterior.&nbsp;<\/p>\n\n\n\n<p>Geralmente, os cachorros policiais precisam cessar as atividades a partir dos oito anos, ou caso apresentem algum problema de sa\u00fade. Na maioria dos casos, os militares que foram os tutores os adotam para torn\u00e1-los oficialmente parte da fam\u00edlia.&nbsp;<\/p>\n\n\n\n<figure class=\"wp-block-image\"><img data-recalc-dims=\"1\" height=\"531\" width=\"708\" decoding=\"async\" src=\"https:\/\/i0.wp.com\/www.agenciasp.sp.gov.br\/wp-content\/uploads\/2025\/05\/00058873-1024x768.jpg?resize=708%2C531&#038;ssl=1\" alt=\"\"\/><\/figure>\n\n\n\n<p>\u201cDesde que entrei na Pol\u00edcia Militar, o intuito sempre foi servir no Canil. Sempre tive afinidade com cachorro e acho que t\u00ea-lo como aliado no servi\u00e7o policial traz muitas vantagens no atendimento da ocorr\u00eancia e, consequentemente, na prote\u00e7\u00e3o da sociedade. No dia a dia, trabalhando com eles, n\u00e3o tem como a gente n\u00e3o se apegar. J\u00e1 adotei um e, quando o Coyote precisar se aposentar, vou levar ele comigo tamb\u00e9m\u201d, completou o policial.<\/p>\n\n\n\n<p><strong><em><strong><em><strong><em><strong><em><strong><em><strong><em><strong><em><strong><em><strong><em><strong><em><strong><em><strong><em><strong><em><strong><em><strong><em><strong><em><strong><em><strong><em><strong><em><strong><em><strong><em><strong><em><strong><em><strong><em><strong><em><strong><em><strong><em><strong><em><strong><em><strong><em><strong><em><strong><em><strong><em><strong><em><strong><em><strong><em><strong><em><strong><em><strong><em><strong><em><strong><em><strong><em><strong><em><strong><em><strong><em><strong><em><strong><em><strong><em><strong><em><strong><em><strong><em><strong><em><strong><em><strong><em><strong><em><strong><em><strong><em><strong><em><strong><em><strong><em><strong><em><strong><em><strong><em><strong><em><strong><em><strong><em><strong><em><strong><em><strong><em><strong><em><strong><em><strong><em><strong><em><strong><em><strong><em><strong><em><strong><em><strong><em><strong><em><strong><em><strong><em><strong><em><strong><em><strong><em><strong><em><strong><em><strong><em><strong><em><strong><em><strong><em><strong><em><strong><em><strong><em><strong><em><strong><em><strong><em><strong><em><strong><em><strong><em><strong><em><strong><em><strong><em><strong><em><strong><em><strong><em><strong><em><strong><em><strong><em><strong><em><strong><em><strong><em><strong><em><strong><em><strong><em><strong><em><strong><em><strong><em><strong><em><strong><em><strong><em><strong><em><strong><em><strong><em><strong><em><strong><em><strong><em><strong><em><strong><em><strong><em><strong><em><strong><em><strong><em><strong><em><strong><em><strong><em><strong><em><strong><em><strong><em><strong><em><strong><em><strong><em><strong><em><strong><em><strong><em><strong><em><strong><em><strong><em><strong><em><strong><em><strong><em><strong><em><strong><em><strong><em><strong><em><strong><em><strong><em><strong><em><strong><em><strong><em><strong><em><strong><em><strong><em><strong><em><strong><em><strong><em><strong><em><strong><em><strong><em><strong><em><strong><em><strong><em><strong><em><strong><em><strong><em><strong><em><strong><em><strong><em><strong><em><strong><em><strong><em><strong><em><strong><em><strong><em><strong><em><strong><em><strong><em><strong><em><strong><em><strong><em><strong><em><strong><em><strong><em><strong><em><strong><em><strong><em><strong><em><strong><em><strong><em><strong><em><strong><em><strong><em><strong><em><strong><em><strong><em><strong><em><strong><em><strong><em><strong><em><strong><em><strong><em><strong><em><strong><em><strong><em><strong><em><strong><em><strong><em><strong><em><strong><em><strong><em><strong><em><strong><em><strong><em><strong><em><strong><em><strong><em><strong><em><strong><em><strong><em><strong><em><strong><em><strong><em><strong><em><strong><em><strong><em><strong><em><strong><em><strong><em><strong><em><strong><em><strong><em><strong><em><strong><em><strong><em><strong><em><strong><em><strong><em><strong><em><strong><em><strong><em><strong><em><strong>Siga nossas redes sociais e\u00a0participe da nossa comunidade do Canal de noticias do Roni Paparazzi no Whatsapp e receba as principais not\u00edcias da regi\u00e3o de Ara\u00e7atuba do dia direto no seu celular siga nosso \u00a0<a href=\"https:\/\/www.instagram.com\/ronipaparazzi\/\">Instagram e\u00a0<\/a><a href=\"https:\/\/www.facebook.com\/ronipaparazzicomvoce\">Facebook<\/a><a href=\"https:\/\/chat.whatsapp.com\/GsG1XKo0jPOEfjzudWQcml\" target=\"_blank\" rel=\"noreferrer noopener\">\u00a0Clique aqui e se inscreva.<\/a><\/strong><\/em><\/strong><\/em><\/strong><\/em><\/strong><\/em><\/strong><\/em><\/strong><\/em><\/strong><\/em><\/strong><\/em><\/strong><\/em><\/strong><\/em><\/strong><\/em><\/strong><\/em><\/strong><\/em><\/strong><\/em><\/strong><\/em><\/strong><\/em><\/strong><\/em><\/strong><\/em><\/strong><\/em><\/strong><\/em><\/strong><\/em><\/strong><\/em><\/strong><\/em><\/strong><\/em><\/strong><\/em><\/strong><\/em><\/strong><\/em><\/strong><\/em><\/strong><\/em><\/strong><\/em><\/strong><\/em><\/strong><\/em><\/strong><\/em><\/strong><\/em><\/strong><\/em><\/strong><\/em><\/strong><\/em><\/strong><\/em><\/strong><\/em><\/strong><\/em><\/strong><\/em><\/strong><\/em><\/strong><\/em><\/strong><\/em><\/strong><\/em><\/strong><\/em><\/strong><\/em><\/strong><\/em><\/strong><\/em><\/strong><\/em><\/strong><\/em><\/strong><\/em><\/strong><\/em><\/strong><\/em><\/strong><\/em><\/strong><\/em><\/strong><\/em><\/strong><\/em><\/strong><\/em><\/strong><\/em><\/strong><\/em><\/strong><\/em><\/strong><\/em><\/strong><\/em><\/strong><\/em><\/strong><\/em><\/strong><\/em><\/strong><\/em><\/strong><\/em><\/strong><\/em><\/strong><\/em><\/strong><\/em><\/strong><\/em><\/strong><\/em><\/strong><\/em><\/strong><\/em><\/strong><\/em><\/strong><\/em><\/strong><\/em><\/strong><\/em><\/strong><\/em><\/strong><\/em><\/strong><\/em><\/strong><\/em><\/strong><\/em><\/strong><\/em><\/strong><\/em><\/strong><\/em><\/strong><\/em><\/strong><\/em><\/strong><\/em><\/strong><\/em><\/strong><\/em><\/strong><\/em><\/strong><\/em><\/strong><\/em><\/strong><\/em><\/strong><\/em><\/strong><\/em><\/strong><\/em><\/strong><\/em><\/strong><\/em><\/strong><\/em><\/strong><\/em><\/strong><\/em><\/strong><\/em><\/strong><\/em><\/strong><\/em><\/strong><\/em><\/strong><\/em><\/strong><\/em><\/strong><\/em><\/strong><\/em><\/strong><\/em><\/strong><\/em><\/strong><\/em><\/strong><\/em><\/strong><\/em><\/strong><\/em><\/strong><\/em><\/strong><\/em><\/strong><\/em><\/strong><\/em><\/strong><\/em><\/strong><\/em><\/strong><\/em><\/strong><\/em><\/strong><\/em><\/strong><\/em><\/strong><\/em><\/strong><\/em><\/strong><\/em><\/strong><\/em><\/strong><\/em><\/strong><\/em><\/strong><\/em><\/strong><\/em><\/strong><\/em><\/strong><\/em><\/strong><\/em><\/strong><\/em><\/strong><\/em><\/strong><\/em><\/strong><\/em><\/strong><\/em><\/strong><\/em><\/strong><\/em><\/strong><\/em><\/strong><\/em><\/strong><\/em><\/strong><\/em><\/strong><\/em><\/strong><\/em><\/strong><\/em><\/strong><\/em><\/strong><\/em><\/strong><\/em><\/strong><\/em><\/strong><\/em><\/strong><\/em><\/strong><\/em><\/strong><\/em><\/strong><\/em><\/strong><\/em><\/strong><\/em><\/strong><\/em><\/strong><\/em><\/strong><\/em><\/strong><\/em><\/strong><\/em><\/strong><\/em><\/strong><\/em><\/strong><\/em><\/strong><\/em><\/strong><\/em><\/strong><\/em><\/strong><\/em><\/strong><\/em><\/strong><\/em><\/strong><\/em><\/strong><\/em><\/strong><\/em><\/strong><\/em><\/strong><\/em><\/strong><\/em><\/strong><\/em><\/strong><\/em><\/strong><\/em><\/strong><\/em><\/strong><\/em><\/strong><\/em><\/strong><\/em><\/strong><\/em><\/strong><\/em><\/strong><\/em><\/strong><\/em><\/strong><\/em><\/strong><\/em><\/strong><\/em><\/strong><\/em><\/strong><\/em><\/strong><\/em><\/strong><\/em><\/strong><\/em><\/strong><\/em><\/strong><\/em><\/strong><\/em><\/strong><\/em><\/strong><\/em><\/strong><\/em><\/strong><\/em><\/strong><\/em><\/strong><\/em><\/strong><\/em><\/strong><\/em><\/strong><\/em><\/strong><\/em><\/strong><\/em><\/strong><\/em><\/strong><\/em><\/strong><\/em><\/strong><\/em><\/strong><\/em><\/strong><\/em><\/strong><\/em><\/strong><\/em><\/strong><\/em><\/strong><\/em><\/strong><\/em><\/strong><\/em><\/strong><\/em><\/strong><\/em><\/strong><\/em><\/strong><\/em><\/strong><\/em><\/strong><\/em><\/strong><\/em><\/strong><\/em><\/strong><\/em><\/strong><\/em><\/strong><\/em><\/strong><\/em><\/strong><\/em><\/strong><\/em><\/strong><\/em><\/strong><\/em><\/strong><\/em><\/strong><\/em><\/strong><\/em><\/strong><\/em><\/strong><\/p>\n","protected":false},"excerpt":{"rendered":"<p>O c\u00e3o policial Coyote fez hist\u00f3ria na Pol\u00edcia Militar de todo o Brasil ao ser o primeiro a saltar de paraquedas durante um treinamento de interven\u00e7\u00e3o t\u00e1tica. O pastor belga malinois, de 3 anos, pertence ao Canil da corpora\u00e7\u00e3o, na zona norte de S\u00e3o Paulo, e atua junto ao Grupo de A\u00e7\u00f5es T\u00e1ticas Especiais da &hellip;<\/p>\n","protected":false},"author":1,"featured_media":18161,"comment_status":"open","ping_status":"open","sticky":false,"template":"","format":"standard","meta":{"_jetpack_memberships_contains_paid_content":false,"footnotes":"","jetpack_publicize_message":"","jetpack_publicize_feature_enabled":true,"jetpack_social_post_already_shared":false,"jetpack_social_options":{"image_generator_settings":{"template":"highway","default_image_id":0,"enabled":false},"version":2}},"categories":[3],"tags":[],"class_list":["post-18160","post","type-post","status-publish","format-standard","has-post-thumbnail","hentry","category-policial"],"jetpack_publicize_connections":[],"jetpack_featured_media_url":"https:\/\/i0.wp.com\/www.paparazzinews.com.br\/wp-content\/uploads\/2025\/05\/00058870-1024x576.png.webp?fit=1024%2C576&ssl=1","views":"771","jetpack_likes_enabled":true,"jetpack_sharing_enabled":true,"_links":{"self":[{"href":"https:\/\/www.paparazzinews.com.br\/index.php?rest_route=\/wp\/v2\/posts\/18160","targetHints":{"allow":["GET"]}}],"collection":[{"href":"https:\/\/www.paparazzinews.com.br\/index.php?rest_route=\/wp\/v2\/posts"}],"about":[{"href":"https:\/\/www.paparazzinews.com.br\/index.php?rest_route=\/wp\/v2\/types\/post"}],"author":[{"embeddable":true,"href":"https:\/\/www.paparazzinews.com.br\/index.php?rest_route=\/wp\/v2\/users\/1"}],"replies":[{"embeddable":true,"href":"https:\/\/www.paparazzinews.com.br\/index.php?rest_route=%2Fwp%2Fv2%2Fcomments&post=18160"}],"version-history":[{"count":1,"href":"https:\/\/www.paparazzinews.com.br\/index.php?rest_route=\/wp\/v2\/posts\/18160\/revisions"}],"predecessor-version":[{"id":18162,"href":"https:\/\/www.paparazzinews.com.br\/index.php?rest_route=\/wp\/v2\/posts\/18160\/revisions\/18162"}],"wp:featuredmedia":[{"embeddable":true,"href":"https:\/\/www.paparazzinews.com.br\/index.php?rest_route=\/wp\/v2\/media\/18161"}],"wp:attachment":[{"href":"https:\/\/www.paparazzinews.com.br\/index.php?rest_route=%2Fwp%2Fv2%2Fmedia&parent=18160"}],"wp:term":[{"taxonomy":"category","embeddable":true,"href":"https:\/\/www.paparazzinews.com.br\/index.php?rest_route=%2Fwp%2Fv2%2Fcategories&post=18160"},{"taxonomy":"post_tag","embeddable":true,"href":"https:\/\/www.paparazzinews.com.br\/index.php?rest_route=%2Fwp%2Fv2%2Ftags&post=18160"}],"curies":[{"name":"wp","href":"https:\/\/api.w.org\/{rel}","templated":true}]}}