{"id":18038,"date":"2025-05-13T17:10:36","date_gmt":"2025-05-13T20:10:36","guid":{"rendered":"https:\/\/www.paparazzinews.com.br\/?p=18038"},"modified":"2025-05-13T17:10:37","modified_gmt":"2025-05-13T20:10:37","slug":"secretaria-de-saude-de-aracatuba-alerta-para-casos-de-bronquiolite-em-criancas-menores-de-2-anos","status":"publish","type":"post","link":"https:\/\/www.paparazzinews.com.br\/?p=18038","title":{"rendered":"Secretaria de Sa\u00fade de Ara\u00e7atuba alerta para casos de bronquiolite em crian\u00e7as menores de 2 anos"},"content":{"rendered":"\n<p>A Secretaria Municipal de Sa\u00fade de Ara\u00e7atuba alerta para o aumento de hospitaliza\u00e7\u00f5es por bronquiolite entre crian\u00e7as menores de 2 anos. O principal v\u00edrus respons\u00e1vel pela infec\u00e7\u00e3o \u00e9 o sincicial respirat\u00f3rio (VSR), que afeta as vias respirat\u00f3rias e pulm\u00f5es, causando inflama\u00e7\u00e3o dos bronqu\u00edolos.<\/p>\n\n\n\n<p>O n\u00famero de crian\u00e7as com a doen\u00e7a transferidas do Pronto-Socorro Municipal para enfermarias e Unidades de Terapia Intensiva (UTIs) neonatal de Ara\u00e7atuba e outras cidades cresceu 1.500% em abril, em rela\u00e7\u00e3o a janeiro. Das 232 transfer\u00eancias realizadas at\u00e9 o dia 5 de maio, 91 foram por bronquiolite.<\/p>\n\n\n\n<p>Em janeiro, fevereiro e mar\u00e7o, meses fora do per\u00edodo sazonal das infec\u00e7\u00f5es virais respirat\u00f3rias, foram transferidas quatro, sete e 11 crian\u00e7as, respectivamente. Em abril, o n\u00famero cresceu consideravelmente, chegando a 60 transfer\u00eancias. Nos primeiro cinco dias deste m\u00eas foram nove casos.<\/p>\n\n\n\n<p>FATORES DE RISCO<br>Mesmo sendo uma doen\u00e7a trat\u00e1vel, a bronquiolite pode evoluir para casos mais graves. Por isso, a m\u00e9dica infectologista da Secretaria de Sa\u00fade, Heloysa Liberatori Gimaiel, alerta para a import\u00e2ncia da preven\u00e7\u00e3o e o diagn\u00f3stico precoce para evitar complica\u00e7\u00f5es.<\/p>\n\n\n\n<p>\u201cA crian\u00e7a pode evoluir rapidamente para quadros mais graves, nesses casos necessitando de interna\u00e7\u00e3o em leito de UTI, devido aos riscos de insufici\u00eancia respirat\u00f3ria e at\u00e9 \u00f3bito. A preven\u00e7\u00e3o minimiza o risco de infec\u00e7\u00e3o e, com isso, a crian\u00e7a segue seu desenvolvimento saud\u00e1vel\u201d, destacou.<\/p>\n\n\n\n<p>Outro fator de risco evidenciado pela m\u00e9dica \u00e9 a sobrecarga no sistema de sa\u00fade, com a falta de vagas em unidades intensivas, como j\u00e1 vem ocorrendo em Ara\u00e7atuba e outras regi\u00f5es do Estado. Com a chegada do inverno, a tend\u00eancia \u00e9 haver eleva\u00e7\u00e3o dos casos de s\u00edndrome respirat\u00f3ria aguda grave, devido \u00e0 falta de vacina\u00e7\u00e3o e a perman\u00eancia das pessoas em ambientes mais fechados.<\/p>\n\n\n\n<p>CUIDADOS<br>Heloysa ressalta que a melhor forma de evitar a bronquiolite, bem como outras infec\u00e7\u00f5es respirat\u00f3rias, \u00e9 a preven\u00e7\u00e3o, que pode ser feita com a ado\u00e7\u00e3o de medidas b\u00e1sicas de higiene e manter em dia a imuniza\u00e7\u00e3o, por meio de vacinas dispon\u00edveis nas Unidades B\u00e1sicas de Sa\u00fade (UBSs) do munic\u00edpio.<\/p>\n\n\n\n<p>\u201c\u00c9 importante n\u00e3o expor beb\u00eas a locais de grande aglomera\u00e7\u00e3o de pessoas, orientar familiares ou visitas a evitarem beijos na face e m\u00e3os da crian\u00e7a, n\u00e3o receber visitas com sintomas respirat\u00f3rios, higieniza\u00e7\u00e3o frequente das m\u00e3os e evitar levar a crian\u00e7a com sintomas gripais \u00e0 creche, para prevenir que outras crian\u00e7as adoe\u00e7am\u201d, orientou.<\/p>\n\n\n\n<p>TRANSMISS\u00c3O<br>O v\u00edrus sincicial respirat\u00f3rio \u00e9 transmitido de pessoa a pessoa pelo contato direto com got\u00edculas respirat\u00f3rias eliminadas ao tossir, espirrar ou falar, ou pelo contato com superf\u00edcies e objetos contaminados. Entre os sintomas, os mais comuns s\u00e3o obstru\u00e7\u00e3o nasal, febre, tosse e coriza clara.<\/p>\n\n\n\n<p>Mas os pais devem ficar atentos aos sinais de alerta, como febre alta, tosse persistente, irritabilidade e dificuldade para respirar, com respira\u00e7\u00e3o r\u00e1pida e chiado no peito da crian\u00e7a. Com o aparecimento desses sintomas, a recomenda\u00e7\u00e3o da especialista \u00e9 procurar atendimento m\u00e9dico.<\/p>\n\n\n\n<p>\u201cO diagn\u00f3stico precoce \u00e9 fundamental para evitar complica\u00e7\u00f5es. Ent\u00e3o, os pais devem levar a crian\u00e7a para uma unidade de sa\u00fade mais pr\u00f3xima de sua casa. Caso ocorra aos finais de semana ou \u00e0 noite, deve buscar uma unidade de sa\u00fade 24h\u201d, finalizou Heloysa.<\/p>\n\n\n\n<p><strong><em><strong><em><strong><em><strong><em><strong><em><strong><em><strong><em><strong><em><strong><em><strong><em><strong><em><strong><em><strong><em><strong><em><strong><em><strong><em><strong><em><strong><em><strong><em><strong><em><strong><em><strong><em><strong><em><strong><em><strong><em><strong><em><strong><em><strong><em><strong><em><strong><em><strong><em><strong><em><strong><em><strong><em><strong><em><strong><em><strong><em><strong><em><strong><em><strong><em><strong><em><strong><em><strong><em><strong><em><strong><em><strong><em><strong><em><strong><em><strong><em><strong><em><strong><em><strong><em><strong><em><strong><em><strong><em><strong><em><strong><em><strong><em><strong><em><strong><em><strong><em><strong><em><strong><em><strong><em><strong><em><strong><em><strong><em><strong><em><strong><em><strong><em><strong><em><strong><em><strong><em><strong><em><strong><em><strong><em><strong><em><strong><em><strong><em><strong><em><strong><em><strong><em><strong><em><strong><em><strong><em><strong><em><strong><em><strong><em><strong><em><strong><em><strong><em><strong><em><strong><em><strong><em><strong><em><strong><em><strong><em><strong><em><strong><em><strong><em><strong><em><strong><em><strong><em><strong><em><strong><em><strong><em><strong><em><strong><em><strong><em><strong><em><strong><em><strong><em><strong><em><strong><em><strong><em><strong><em><strong><em><strong><em><strong><em><strong><em><strong><em><strong><em><strong><em><strong><em><strong><em><strong><em><strong><em><strong><em><strong><em><strong><em><strong><em><strong><em><strong><em><strong><em><strong><em><strong><em><strong><em><strong><em><strong><em><strong><em><strong><em><strong><em><strong><em><strong><em><strong><em><strong><em><strong><em><strong><em><strong><em><strong><em><strong><em><strong><em><strong><em><strong><em><strong><em><strong><em><strong><em><strong><em><strong><em><strong><em><strong><em><strong><em><strong><em><strong><em><strong><em><strong><em><strong><em><strong><em><strong><em><strong><em><strong><em><strong><em><strong><em><strong><em><strong><em><strong><em><strong><em><strong><em><strong><em><strong><em><strong><em><strong><em><strong><em><strong><em><strong><em><strong><em><strong><em><strong><em><strong><em><strong><em><strong><em><strong><em><strong><em><strong><em><strong><em><strong><em><strong><em><strong><em><strong><em><strong><em><strong><em><strong><em><strong><em><strong><em><strong><em><strong><em><strong><em><strong><em><strong><em><strong><em><strong><em><strong><em><strong><em><strong><em><strong><em><strong><em><strong><em><strong><em><strong><em><strong><em><strong><em><strong><em><strong><em><strong><em><strong><em><strong><em><strong><em><strong><em><strong><em><strong><em><strong><em><strong><em><strong><em><strong><em><strong><em><strong><em><strong><em><strong><em><strong><em><strong><em><strong><em><strong><em><strong><em><strong><em><strong><em><strong><em><strong><em><strong><em><strong><em><strong><em><strong>Siga nossas redes sociais e\u00a0participe da nossa comunidade do Canal de noticias do Roni Paparazzi no Whatsapp e receba as principais not\u00edcias da regi\u00e3o de Ara\u00e7atuba do dia direto no seu celular siga nosso \u00a0<a href=\"https:\/\/www.instagram.com\/ronipaparazzi\/\">Instagram e\u00a0<\/a><a href=\"https:\/\/www.facebook.com\/ronipaparazzicomvoce\">Facebook<\/a><a href=\"https:\/\/chat.whatsapp.com\/GsG1XKo0jPOEfjzudWQcml\" target=\"_blank\" rel=\"noreferrer noopener\">\u00a0Clique aqui e se inscreva.<\/a><\/strong><\/em><\/strong><\/em><\/strong><\/em><\/strong><\/em><\/strong><\/em><\/strong><\/em><\/strong><\/em><\/strong><\/em><\/strong><\/em><\/strong><\/em><\/strong><\/em><\/strong><\/em><\/strong><\/em><\/strong><\/em><\/strong><\/em><\/strong><\/em><\/strong><\/em><\/strong><\/em><\/strong><\/em><\/strong><\/em><\/strong><\/em><\/strong><\/em><\/strong><\/em><\/strong><\/em><\/strong><\/em><\/strong><\/em><\/strong><\/em><\/strong><\/em><\/strong><\/em><\/strong><\/em><\/strong><\/em><\/strong><\/em><\/strong><\/em><\/strong><\/em><\/strong><\/em><\/strong><\/em><\/strong><\/em><\/strong><\/em><\/strong><\/em><\/strong><\/em><\/strong><\/em><\/strong><\/em><\/strong><\/em><\/strong><\/em><\/strong><\/em><\/strong><\/em><\/strong><\/em><\/strong><\/em><\/strong><\/em><\/strong><\/em><\/strong><\/em><\/strong><\/em><\/strong><\/em><\/strong><\/em><\/strong><\/em><\/strong><\/em><\/strong><\/em><\/strong><\/em><\/strong><\/em><\/strong><\/em><\/strong><\/em><\/strong><\/em><\/strong><\/em><\/strong><\/em><\/strong><\/em><\/strong><\/em><\/strong><\/em><\/strong><\/em><\/strong><\/em><\/strong><\/em><\/strong><\/em><\/strong><\/em><\/strong><\/em><\/strong><\/em><\/strong><\/em><\/strong><\/em><\/strong><\/em><\/strong><\/em><\/strong><\/em><\/strong><\/em><\/strong><\/em><\/strong><\/em><\/strong><\/em><\/strong><\/em><\/strong><\/em><\/strong><\/em><\/strong><\/em><\/strong><\/em><\/strong><\/em><\/strong><\/em><\/strong><\/em><\/strong><\/em><\/strong><\/em><\/strong><\/em><\/strong><\/em><\/strong><\/em><\/strong><\/em><\/strong><\/em><\/strong><\/em><\/strong><\/em><\/strong><\/em><\/strong><\/em><\/strong><\/em><\/strong><\/em><\/strong><\/em><\/strong><\/em><\/strong><\/em><\/strong><\/em><\/strong><\/em><\/strong><\/em><\/strong><\/em><\/strong><\/em><\/strong><\/em><\/strong><\/em><\/strong><\/em><\/strong><\/em><\/strong><\/em><\/strong><\/em><\/strong><\/em><\/strong><\/em><\/strong><\/em><\/strong><\/em><\/strong><\/em><\/strong><\/em><\/strong><\/em><\/strong><\/em><\/strong><\/em><\/strong><\/em><\/strong><\/em><\/strong><\/em><\/strong><\/em><\/strong><\/em><\/strong><\/em><\/strong><\/em><\/strong><\/em><\/strong><\/em><\/strong><\/em><\/strong><\/em><\/strong><\/em><\/strong><\/em><\/strong><\/em><\/strong><\/em><\/strong><\/em><\/strong><\/em><\/strong><\/em><\/strong><\/em><\/strong><\/em><\/strong><\/em><\/strong><\/em><\/strong><\/em><\/strong><\/em><\/strong><\/em><\/strong><\/em><\/strong><\/em><\/strong><\/em><\/strong><\/em><\/strong><\/em><\/strong><\/em><\/strong><\/em><\/strong><\/em><\/strong><\/em><\/strong><\/em><\/strong><\/em><\/strong><\/em><\/strong><\/em><\/strong><\/em><\/strong><\/em><\/strong><\/em><\/strong><\/em><\/strong><\/em><\/strong><\/em><\/strong><\/em><\/strong><\/em><\/strong><\/em><\/strong><\/em><\/strong><\/em><\/strong><\/em><\/strong><\/em><\/strong><\/em><\/strong><\/em><\/strong><\/em><\/strong><\/em><\/strong><\/em><\/strong><\/em><\/strong><\/em><\/strong><\/em><\/strong><\/em><\/strong><\/em><\/strong><\/em><\/strong><\/em><\/strong><\/em><\/strong><\/em><\/strong><\/em><\/strong><\/em><\/strong><\/em><\/strong><\/em><\/strong><\/em><\/strong><\/em><\/strong><\/em><\/strong><\/em><\/strong><\/em><\/strong><\/em><\/strong><\/em><\/strong><\/em><\/strong><\/em><\/strong><\/em><\/strong><\/em><\/strong><\/em><\/strong><\/em><\/strong><\/em><\/strong><\/em><\/strong><\/em><\/strong><\/em><\/strong><\/em><\/strong><\/em><\/strong><\/em><\/strong><\/em><\/strong><\/em><\/strong><\/em><\/strong><\/em><\/strong><\/em><\/strong><\/em><\/strong><\/em><\/strong><\/em><\/strong><\/em><\/strong><\/em><\/strong><\/em><\/strong><\/em><\/strong><\/em><\/strong><\/em><\/strong><\/em><\/strong><\/em><\/strong><\/em><\/strong><\/em><\/strong><\/em><\/strong><\/em><\/strong><\/em><\/strong><\/em><\/strong><\/em><\/strong><\/em><\/strong><\/em><\/strong><\/em><\/strong><\/em><\/strong><\/em><\/strong><\/em><\/strong><\/em><\/strong><\/em><\/strong><\/em><\/strong><\/em><\/strong><\/em><\/strong><\/p>\n","protected":false},"excerpt":{"rendered":"<p>A Secretaria Municipal de Sa\u00fade de Ara\u00e7atuba alerta para o aumento de hospitaliza\u00e7\u00f5es por bronquiolite entre crian\u00e7as menores de 2 anos. O principal v\u00edrus respons\u00e1vel pela infec\u00e7\u00e3o \u00e9 o sincicial respirat\u00f3rio (VSR), que afeta as vias respirat\u00f3rias e pulm\u00f5es, causando inflama\u00e7\u00e3o dos bronqu\u00edolos. O n\u00famero de crian\u00e7as com a doen\u00e7a transferidas do Pronto-Socorro Municipal para &hellip;<\/p>\n","protected":false},"author":1,"featured_media":18039,"comment_status":"open","ping_status":"open","sticky":false,"template":"","format":"standard","meta":{"_jetpack_memberships_contains_paid_content":false,"footnotes":"","jetpack_publicize_message":"","jetpack_publicize_feature_enabled":true,"jetpack_social_post_already_shared":false,"jetpack_social_options":{"image_generator_settings":{"template":"highway","default_image_id":0,"enabled":false},"version":2}},"categories":[4],"tags":[],"class_list":["post-18038","post","type-post","status-publish","format-standard","has-post-thumbnail","hentry","category-regiao"],"jetpack_publicize_connections":[],"jetpack_featured_media_url":"https:\/\/i0.wp.com\/www.paparazzinews.com.br\/wp-content\/uploads\/2025\/05\/42837e3d-2f21-455e-9181-30e4cf80bd0f-e1747166839271.jpeg?fit=1000%2C750&ssl=1","views":"1140","jetpack_likes_enabled":true,"jetpack_sharing_enabled":true,"_links":{"self":[{"href":"https:\/\/www.paparazzinews.com.br\/index.php?rest_route=\/wp\/v2\/posts\/18038","targetHints":{"allow":["GET"]}}],"collection":[{"href":"https:\/\/www.paparazzinews.com.br\/index.php?rest_route=\/wp\/v2\/posts"}],"about":[{"href":"https:\/\/www.paparazzinews.com.br\/index.php?rest_route=\/wp\/v2\/types\/post"}],"author":[{"embeddable":true,"href":"https:\/\/www.paparazzinews.com.br\/index.php?rest_route=\/wp\/v2\/users\/1"}],"replies":[{"embeddable":true,"href":"https:\/\/www.paparazzinews.com.br\/index.php?rest_route=%2Fwp%2Fv2%2Fcomments&post=18038"}],"version-history":[{"count":1,"href":"https:\/\/www.paparazzinews.com.br\/index.php?rest_route=\/wp\/v2\/posts\/18038\/revisions"}],"predecessor-version":[{"id":18040,"href":"https:\/\/www.paparazzinews.com.br\/index.php?rest_route=\/wp\/v2\/posts\/18038\/revisions\/18040"}],"wp:featuredmedia":[{"embeddable":true,"href":"https:\/\/www.paparazzinews.com.br\/index.php?rest_route=\/wp\/v2\/media\/18039"}],"wp:attachment":[{"href":"https:\/\/www.paparazzinews.com.br\/index.php?rest_route=%2Fwp%2Fv2%2Fmedia&parent=18038"}],"wp:term":[{"taxonomy":"category","embeddable":true,"href":"https:\/\/www.paparazzinews.com.br\/index.php?rest_route=%2Fwp%2Fv2%2Fcategories&post=18038"},{"taxonomy":"post_tag","embeddable":true,"href":"https:\/\/www.paparazzinews.com.br\/index.php?rest_route=%2Fwp%2Fv2%2Ftags&post=18038"}],"curies":[{"name":"wp","href":"https:\/\/api.w.org\/{rel}","templated":true}]}}