{"id":17972,"date":"2025-05-09T14:13:59","date_gmt":"2025-05-09T17:13:59","guid":{"rendered":"https:\/\/www.paparazzinews.com.br\/?p=17972"},"modified":"2025-05-09T14:14:00","modified_gmt":"2025-05-09T17:14:00","slug":"mais-seguranca-para-sp-policia-penal-chega-a-100-dias","status":"publish","type":"post","link":"https:\/\/www.paparazzinews.com.br\/?p=17972","title":{"rendered":"Mais seguran\u00e7a para SP: Pol\u00edcia Penal chega a 100 dias"},"content":{"rendered":"\n<p>No pr\u00f3ximo dia 11, a Pol\u00edcia Penal do Estado de S\u00e3o Paulo completa 100 dias de exist\u00eancia, marcando um importante fortalecimento do sistema penitenci\u00e1rio e reconhecendo a relev\u00e2ncia estrat\u00e9gica dessa for\u00e7a para a seguran\u00e7a p\u00fablica e o combate ao crime organizado.<\/p>\n\n\n\n<p>Com a cria\u00e7\u00e3o dessa nova pol\u00edcia, o sistema prisional paulista agora possui poderes legais para atuar na execu\u00e7\u00e3o penal, respaldando atividades nos estabelecimentos penais, seguran\u00e7a interna e externa, escolta de presos e reintegra\u00e7\u00e3o social de custodiados e egressos.<\/p>\n\n\n\n<p>Subordinada \u00e0 Secretaria da Administra\u00e7\u00e3o Penitenci\u00e1ria, a Pol\u00edcia Penal equipara-se \u00e0s pol\u00edcias Militar, Civil, Federal e T\u00e9cnico-Cient\u00edfica em termos de relev\u00e2ncia dentro do Sistema \u00danico de Seguran\u00e7a P\u00fablica.<\/p>\n\n\n\n<p>Como primeiros dirigentes da Pol\u00edcia Penal, assumimos com honra e responsabilidade esse desafio. A nova for\u00e7a policial, composta por aproximadamente 26 mil homens e mulheres, ser\u00e1 refor\u00e7ada com um concurso para a sele\u00e7\u00e3o de 1.100 policiais penais, que dever\u00e3o ter n\u00edvel superior completo.<\/p>\n\n\n\n<p>Novos uniformes e grafismos das viaturas consolidam a nova imagem institucional.<\/p>\n\n\n\n<p><strong>A Tr\u00edade da Seguran\u00e7a Institucional: F\u00edsica, Procedimental e Din\u00e2mica<\/strong><\/p>\n\n\n\n<p>Entre as prioridades para 2025 e 2026 est\u00e1 o refor\u00e7o da seguran\u00e7a din\u00e2mica nas unidades, com a\u00e7\u00f5es articuladas de intelig\u00eancia. Desde 2008, o sistema prisional paulista adota os princ\u00edpios de seguran\u00e7a din\u00e2mica, aliando intelig\u00eancia penitenci\u00e1ria, adequa\u00e7\u00e3o do espa\u00e7o f\u00edsico e procedimentos padronizados de seguran\u00e7a e amplia\u00e7\u00e3o do di\u00e1logo com outras pol\u00edcias.<\/p>\n\n\n\n<p>O trabalho de intelig\u00eancia da Pol\u00edcia Penal de S\u00e3o Paulo \u00e9 refer\u00eancia para outras for\u00e7as de seguran\u00e7a, incluindo o Ex\u00e9rcito Brasileiro, o Minist\u00e9rio P\u00fablico, a Secretaria Nacional de Pol\u00edticas Penais, a Ag\u00eancia Brasileira de Intelig\u00eancia e o Poder Judici\u00e1rio.<\/p>\n\n\n\n<p>Aliada a equipamentos tecnol\u00f3gicos e ao empenho das equipes de canil e policiais penais, impedimos a entrada de cerca de 43 kg de drogas nos estabelecimentos penais desde o in\u00edcio do ano.<\/p>\n\n\n\n<p>Seguran\u00e7a e reintegra\u00e7\u00e3o social s\u00e3o pilares interdependentes, garantindo ordem nos estabelecimentos penais e redu\u00e7\u00e3o da reincid\u00eancia criminal. Atualmente, cerca de 31 mil presos estudam e 50 mil trabalham. Buscamos ampliar essas oportunidades e investimos em tecnologia, com a cria\u00e7\u00e3o das Centrais de Penas e Medidas Alternativas Virtuais e a amplia\u00e7\u00e3o do atendimento de sa\u00fade via telemedicina.<\/p>\n\n\n\n<p>\u00c9 dessa maneira que a Pol\u00edcia Penal vem cumprindo sua miss\u00e3o com o princ\u00edpio da reintegra\u00e7\u00e3o social, mediante um pragmatismo dial\u00f3gico e harmonioso alicer\u00e7ado em tr\u00eas eixos estrat\u00e9gicos de seguran\u00e7a, que se complementam e se refor\u00e7am mutuamente:<\/p>\n\n\n\n<p>Seguran\u00e7a f\u00edsica: que se refere \u00e0 infraestrutura e aos elementos arquitet\u00f4nicos dos estabelecimentos penais, como muralhas, celas, sistemas de videomonitoramento, bloqueadores de sinais de telefonia m\u00f3vel, torres de vigil\u00e2ncia e barreiras f\u00edsicas, objetivando garantir a integridade estrutural e proteger tanto os policiais penais quanto as pessoas privadas de liberdade, com respeito \u00e0 dignidade humana.<\/p>\n\n\n\n<p>Seguran\u00e7a procedimental: que compreende o conjunto de normas e rotinas padronizadas que asseguram o funcionamento ordenado do estabelecimento penal. Envolve revistas pessoais e em pertences, controle rigoroso de movimenta\u00e7\u00f5es internas e externas, protocolos de escolta e rotina administrativa voltada \u00e0 preven\u00e7\u00e3o de fugas, desordens e entrada de objetos proibidos.<\/p>\n\n\n\n<p>Seguran\u00e7a din\u00e2mica: que se baseia na presen\u00e7a ativa e interativa dos policiais penais no cotidiano dos estabelecimentos penais, permitindo a antecipa\u00e7\u00e3o de comportamentos de risco por meio da observa\u00e7\u00e3o qualificada e da escuta ativa. \u00c9 um modelo que humaniza as rela\u00e7\u00f5es e fortalece a autoridade disciplinar, contribuindo decisivamente para um ambiente institucional mais seguro, controlado e menos propenso a intercorr\u00eancias.<\/p>\n\n\n\n<p><strong>Pol\u00edcia Penal forte<\/strong><\/p>\n\n\n\n<p>Corregedoria forte, Pol\u00edcia Penal forte. Esse \u00e9 um dos compromissos que assumimos com a sociedade. A Corregedoria da Pol\u00edcia Penal atua com independ\u00eancia para garantir uma pol\u00edcia \u00e9tica e legal, sem tolerar condutas incompat\u00edveis com a fun\u00e7\u00e3o p\u00fablica.<\/p>\n\n\n\n<p>Modernizamos a gest\u00e3o prisional com a cria\u00e7\u00e3o de 36 complexos penais, que centralizam quest\u00f5es administrativas, permitindo que os chefes de cada unidade foquem na seguran\u00e7a e manuten\u00e7\u00e3o da cust\u00f3dia de presos. Isso otimiza recursos e torna a gest\u00e3o mais eficiente.<\/p>\n\n\n\n<p>Agradecemos ao Coronel Marcello Streifinger, Secret\u00e1rio da Administra\u00e7\u00e3o Penitenci\u00e1ria, pelo compromisso firmado com o Governador Tarc\u00edsio de Freitas em estabelecer essa nova institui\u00e7\u00e3o policial.<\/p>\n\n\n\n<p>Estamos diante de um novo tempo. A Pol\u00edcia Penal nasce forte, com planejamento estrat\u00e9gico e compromisso com a evolu\u00e7\u00e3o do sistema penitenci\u00e1rio, valorizando seus profissionais e contribuindo decisivamente para a seguran\u00e7a e justi\u00e7a em nosso Estado.<\/p>\n\n\n\n<p><strong>Pol\u00edcia Penal do Estado de S\u00e3o Paulo: guardi\u00e3 da ordem, protetora da sociedade!<\/strong><\/p>\n\n\n\n<p>Rodrigo Santos Andrade<\/p>\n\n\n\n<p><strong>Diretor-Geral da Pol\u00edcia Penal de S\u00e3o Paulo<\/strong><\/p>\n\n\n\n<p>Odirlei Arruda de Lima<\/p>\n\n\n\n<p><strong>Diretor-Geral Adjunto da Pol\u00edcia Penal de S\u00e3o Paulo<\/strong><br><br><strong><em><strong><em><strong><em><strong><em><strong><em><strong><em><strong><em><strong><em><strong><em><strong><em><strong><em><strong><em><strong><em><strong><em><strong><em><strong><em><strong><em><strong><em><strong><em><strong><em><strong><em><strong><em><strong><em><strong><em><strong><em><strong><em><strong><em><strong><em><strong><em><strong><em><strong><em><strong><em><strong><em><strong><em><strong><em><strong><em><strong><em><strong><em><strong><em><strong><em><strong><em><strong><em><strong><em><strong><em><strong><em><strong><em><strong><em><strong><em><strong><em><strong><em><strong><em><strong><em><strong><em><strong><em><strong><em><strong><em><strong><em><strong><em><strong><em><strong><em><strong><em><strong><em><strong><em><strong><em><strong><em><strong><em><strong><em><strong><em><strong><em><strong><em><strong><em><strong><em><strong><em><strong><em><strong><em><strong><em><strong><em><strong><em><strong><em><strong><em><strong><em><strong><em><strong><em><strong><em><strong><em><strong><em><strong><em><strong><em><strong><em><strong><em><strong><em><strong><em><strong><em><strong><em><strong><em><strong><em><strong><em><strong><em><strong><em><strong><em><strong><em><strong><em><strong><em><strong><em><strong><em><strong><em><strong><em><strong><em><strong><em><strong><em><strong><em><strong><em><strong><em><strong><em><strong><em><strong><em><strong><em><strong><em><strong><em><strong><em><strong><em><strong><em><strong><em><strong><em><strong><em><strong><em><strong><em><strong><em><strong><em><strong><em><strong><em><strong><em><strong><em><strong><em><strong><em><strong><em><strong><em><strong><em><strong><em><strong><em><strong><em><strong><em><strong><em><strong><em><strong><em><strong><em><strong><em><strong><em><strong><em><strong><em><strong><em><strong><em><strong><em><strong><em><strong><em><strong><em><strong><em><strong><em><strong><em><strong><em><strong><em><strong><em><strong><em><strong><em><strong><em><strong><em><strong><em><strong><em><strong><em><strong><em><strong><em><strong><em><strong><em><strong><em><strong><em><strong><em><strong><em><strong><em><strong><em><strong><em><strong><em><strong><em><strong><em><strong><em><strong><em><strong><em><strong><em><strong><em><strong><em><strong><em><strong><em><strong><em><strong><em><strong><em><strong><em><strong><em><strong><em><strong><em><strong><em><strong><em><strong><em><strong><em><strong><em><strong><em><strong><em><strong><em><strong><em><strong><em><strong><em><strong><em><strong><em><strong><em><strong><em><strong><em><strong><em><strong><em><strong><em><strong><em><strong><em><strong><em><strong><em><strong><em><strong><em><strong><em><strong><em><strong><em><strong><em><strong><em><strong><em><strong><em><strong><em><strong><em><strong><em><strong><em><strong><em><strong><em><strong><em><strong><em><strong><em><strong><em><strong><em><strong><em><strong><em><strong><em><strong><em><strong><em><strong><em><strong><em><strong><em><strong><em><strong>Siga nossas redes sociais e\u00a0participe da nossa comunidade do Canal de noticias do Roni Paparazzi no Whatsapp e receba as principais not\u00edcias da regi\u00e3o de Ara\u00e7atuba do dia direto no seu celular siga nosso \u00a0<a href=\"https:\/\/www.instagram.com\/ronipaparazzi\/\">Instagram e\u00a0<\/a><a href=\"https:\/\/www.facebook.com\/ronipaparazzicomvoce\">Facebook<\/a><a href=\"https:\/\/chat.whatsapp.com\/GsG1XKo0jPOEfjzudWQcml\" target=\"_blank\" rel=\"noreferrer noopener\">\u00a0Clique aqui e se inscreva.<\/a><\/strong><\/em><\/strong><\/em><\/strong><\/em><\/strong><\/em><\/strong><\/em><\/strong><\/em><\/strong><\/em><\/strong><\/em><\/strong><\/em><\/strong><\/em><\/strong><\/em><\/strong><\/em><\/strong><\/em><\/strong><\/em><\/strong><\/em><\/strong><\/em><\/strong><\/em><\/strong><\/em><\/strong><\/em><\/strong><\/em><\/strong><\/em><\/strong><\/em><\/strong><\/em><\/strong><\/em><\/strong><\/em><\/strong><\/em><\/strong><\/em><\/strong><\/em><\/strong><\/em><\/strong><\/em><\/strong><\/em><\/strong><\/em><\/strong><\/em><\/strong><\/em><\/strong><\/em><\/strong><\/em><\/strong><\/em><\/strong><\/em><\/strong><\/em><\/strong><\/em><\/strong><\/em><\/strong><\/em><\/strong><\/em><\/strong><\/em><\/strong><\/em><\/strong><\/em><\/strong><\/em><\/strong><\/em><\/strong><\/em><\/strong><\/em><\/strong><\/em><\/strong><\/em><\/strong><\/em><\/strong><\/em><\/strong><\/em><\/strong><\/em><\/strong><\/em><\/strong><\/em><\/strong><\/em><\/strong><\/em><\/strong><\/em><\/strong><\/em><\/strong><\/em><\/strong><\/em><\/strong><\/em><\/strong><\/em><\/strong><\/em><\/strong><\/em><\/strong><\/em><\/strong><\/em><\/strong><\/em><\/strong><\/em><\/strong><\/em><\/strong><\/em><\/strong><\/em><\/strong><\/em><\/strong><\/em><\/strong><\/em><\/strong><\/em><\/strong><\/em><\/strong><\/em><\/strong><\/em><\/strong><\/em><\/strong><\/em><\/strong><\/em><\/strong><\/em><\/strong><\/em><\/strong><\/em><\/strong><\/em><\/strong><\/em><\/strong><\/em><\/strong><\/em><\/strong><\/em><\/strong><\/em><\/strong><\/em><\/strong><\/em><\/strong><\/em><\/strong><\/em><\/strong><\/em><\/strong><\/em><\/strong><\/em><\/strong><\/em><\/strong><\/em><\/strong><\/em><\/strong><\/em><\/strong><\/em><\/strong><\/em><\/strong><\/em><\/strong><\/em><\/strong><\/em><\/strong><\/em><\/strong><\/em><\/strong><\/em><\/strong><\/em><\/strong><\/em><\/strong><\/em><\/strong><\/em><\/strong><\/em><\/strong><\/em><\/strong><\/em><\/strong><\/em><\/strong><\/em><\/strong><\/em><\/strong><\/em><\/strong><\/em><\/strong><\/em><\/strong><\/em><\/strong><\/em><\/strong><\/em><\/strong><\/em><\/strong><\/em><\/strong><\/em><\/strong><\/em><\/strong><\/em><\/strong><\/em><\/strong><\/em><\/strong><\/em><\/strong><\/em><\/strong><\/em><\/strong><\/em><\/strong><\/em><\/strong><\/em><\/strong><\/em><\/strong><\/em><\/strong><\/em><\/strong><\/em><\/strong><\/em><\/strong><\/em><\/strong><\/em><\/strong><\/em><\/strong><\/em><\/strong><\/em><\/strong><\/em><\/strong><\/em><\/strong><\/em><\/strong><\/em><\/strong><\/em><\/strong><\/em><\/strong><\/em><\/strong><\/em><\/strong><\/em><\/strong><\/em><\/strong><\/em><\/strong><\/em><\/strong><\/em><\/strong><\/em><\/strong><\/em><\/strong><\/em><\/strong><\/em><\/strong><\/em><\/strong><\/em><\/strong><\/em><\/strong><\/em><\/strong><\/em><\/strong><\/em><\/strong><\/em><\/strong><\/em><\/strong><\/em><\/strong><\/em><\/strong><\/em><\/strong><\/em><\/strong><\/em><\/strong><\/em><\/strong><\/em><\/strong><\/em><\/strong><\/em><\/strong><\/em><\/strong><\/em><\/strong><\/em><\/strong><\/em><\/strong><\/em><\/strong><\/em><\/strong><\/em><\/strong><\/em><\/strong><\/em><\/strong><\/em><\/strong><\/em><\/strong><\/em><\/strong><\/em><\/strong><\/em><\/strong><\/em><\/strong><\/em><\/strong><\/em><\/strong><\/em><\/strong><\/em><\/strong><\/em><\/strong><\/em><\/strong><\/em><\/strong><\/em><\/strong><\/em><\/strong><\/em><\/strong><\/em><\/strong><\/em><\/strong><\/em><\/strong><\/em><\/strong><\/em><\/strong><\/em><\/strong><\/em><\/strong><\/em><\/strong><\/em><\/strong><\/em><\/strong><\/em><\/strong><\/em><\/strong><\/em><\/strong><\/em><\/strong><\/em><\/strong><\/em><\/strong><\/em><\/strong><\/em><\/strong><\/em><\/strong><\/em><\/strong><\/em><\/strong><\/em><\/strong><\/em><\/strong><\/em><\/strong><\/em><\/strong><\/em><\/strong><\/em><\/strong><\/em><\/strong><\/em><\/strong><\/em><\/strong><\/em><\/strong><\/em><\/strong><\/em><\/strong><\/em><\/strong><\/em><\/strong><\/em><\/strong><\/em><\/strong><\/em><\/strong><\/em><\/strong><\/p>\n","protected":false},"excerpt":{"rendered":"<p>No pr\u00f3ximo dia 11, a Pol\u00edcia Penal do Estado de S\u00e3o Paulo completa 100 dias de exist\u00eancia, marcando um importante fortalecimento do sistema penitenci\u00e1rio e reconhecendo a relev\u00e2ncia estrat\u00e9gica dessa for\u00e7a para a seguran\u00e7a p\u00fablica e o combate ao crime organizado. Com a cria\u00e7\u00e3o dessa nova pol\u00edcia, o sistema prisional paulista agora possui poderes legais &hellip;<\/p>\n","protected":false},"author":1,"featured_media":17973,"comment_status":"open","ping_status":"open","sticky":false,"template":"","format":"standard","meta":{"_jetpack_memberships_contains_paid_content":false,"footnotes":"","jetpack_publicize_message":"","jetpack_publicize_feature_enabled":true,"jetpack_social_post_already_shared":false,"jetpack_social_options":{"image_generator_settings":{"template":"highway","default_image_id":0,"enabled":false},"version":2}},"categories":[4],"tags":[],"class_list":["post-17972","post","type-post","status-publish","format-standard","has-post-thumbnail","hentry","category-regiao"],"jetpack_publicize_connections":[],"jetpack_featured_media_url":"https:\/\/i0.wp.com\/www.paparazzinews.com.br\/wp-content\/uploads\/2025\/05\/da37c078-4319-4307-8f4b-4ac436e92d6d-e1746810832810.jpeg?fit=1000%2C568&ssl=1","views":"1115","jetpack_likes_enabled":true,"jetpack_sharing_enabled":true,"_links":{"self":[{"href":"https:\/\/www.paparazzinews.com.br\/index.php?rest_route=\/wp\/v2\/posts\/17972","targetHints":{"allow":["GET"]}}],"collection":[{"href":"https:\/\/www.paparazzinews.com.br\/index.php?rest_route=\/wp\/v2\/posts"}],"about":[{"href":"https:\/\/www.paparazzinews.com.br\/index.php?rest_route=\/wp\/v2\/types\/post"}],"author":[{"embeddable":true,"href":"https:\/\/www.paparazzinews.com.br\/index.php?rest_route=\/wp\/v2\/users\/1"}],"replies":[{"embeddable":true,"href":"https:\/\/www.paparazzinews.com.br\/index.php?rest_route=%2Fwp%2Fv2%2Fcomments&post=17972"}],"version-history":[{"count":1,"href":"https:\/\/www.paparazzinews.com.br\/index.php?rest_route=\/wp\/v2\/posts\/17972\/revisions"}],"predecessor-version":[{"id":17974,"href":"https:\/\/www.paparazzinews.com.br\/index.php?rest_route=\/wp\/v2\/posts\/17972\/revisions\/17974"}],"wp:featuredmedia":[{"embeddable":true,"href":"https:\/\/www.paparazzinews.com.br\/index.php?rest_route=\/wp\/v2\/media\/17973"}],"wp:attachment":[{"href":"https:\/\/www.paparazzinews.com.br\/index.php?rest_route=%2Fwp%2Fv2%2Fmedia&parent=17972"}],"wp:term":[{"taxonomy":"category","embeddable":true,"href":"https:\/\/www.paparazzinews.com.br\/index.php?rest_route=%2Fwp%2Fv2%2Fcategories&post=17972"},{"taxonomy":"post_tag","embeddable":true,"href":"https:\/\/www.paparazzinews.com.br\/index.php?rest_route=%2Fwp%2Fv2%2Ftags&post=17972"}],"curies":[{"name":"wp","href":"https:\/\/api.w.org\/{rel}","templated":true}]}}