{"id":1793,"date":"2023-01-19T11:44:51","date_gmt":"2023-01-19T14:44:51","guid":{"rendered":"https:\/\/www.paparazzinews.com.br\/?p=1793"},"modified":"2023-01-19T11:58:33","modified_gmt":"2023-01-19T14:58:33","slug":"144-candidatos-aprovados-em-curso-de-andradina-sao-chamados","status":"publish","type":"post","link":"https:\/\/www.paparazzinews.com.br\/?p=1793","title":{"rendered":"144 candidatos aprovados em curso de Andradina s\u00e3o chamados"},"content":{"rendered":"\n<p>A Prefeitura de Andradina convocou, na quarta (18), 144 candidatos aprovados em concurso p\u00fablico para diversos cargos no \u00e2mbito da Administra\u00e7\u00e3o Municipal. O edital de convoca\u00e7\u00e3o saiu no Di\u00e1rio Oficial Eletr\u00f4nico n\u00famero 465 (link: <a href=\"https:\/\/www.andradina.sp.gov.br\/portal\/diario-oficial\/ver\/579\">https:\/\/www.andradina.sp.gov.br\/portal\/diario-oficial\/ver\/579<\/a>).<\/p>\n\n\n\n<p>Os candidatos convocados dever\u00e3o comparecer ao pa\u00e7o municipal munidos de documentos pessoais. Os procuradores dever\u00e3o estar com c\u00f3pia dos documentos de seus representantes e dos respectivos documentos de procura\u00e7\u00e3o.<\/p>\n","protected":false},"excerpt":{"rendered":"<p>A Prefeitura de Andradina convocou, na quarta (18), 144 candidatos aprovados em concurso p\u00fablico para diversos cargos no \u00e2mbito da Administra\u00e7\u00e3o Municipal. O edital de convoca\u00e7\u00e3o saiu no Di\u00e1rio Oficial Eletr\u00f4nico n\u00famero 465 (link: https:\/\/www.andradina.sp.gov.br\/portal\/diario-oficial\/ver\/579). Os candidatos convocados dever\u00e3o comparecer ao pa\u00e7o municipal munidos de documentos pessoais. Os procuradores dever\u00e3o estar com c\u00f3pia dos documentos &hellip;<\/p>\n","protected":false},"author":1,"featured_media":1794,"comment_status":"open","ping_status":"open","sticky":false,"template":"","format":"standard","meta":{"_jetpack_memberships_contains_paid_content":false,"footnotes":"","jetpack_publicize_message":"","jetpack_publicize_feature_enabled":true,"jetpack_social_post_already_shared":false,"jetpack_social_options":{"image_generator_settings":{"template":"highway","default_image_id":0,"enabled":false},"version":2}},"categories":[4],"tags":[],"class_list":["post-1793","post","type-post","status-publish","format-standard","has-post-thumbnail","hentry","category-regiao"],"jetpack_publicize_connections":[],"jetpack_featured_media_url":"https:\/\/i0.wp.com\/www.paparazzinews.com.br\/wp-content\/uploads\/2023\/01\/b58fb8f0-9c6b-46a1-9c4b-bd0541e7c590.jpg?fit=660%2C330&ssl=1","views":"2922","jetpack_likes_enabled":true,"jetpack_sharing_enabled":true,"_links":{"self":[{"href":"https:\/\/www.paparazzinews.com.br\/index.php?rest_route=\/wp\/v2\/posts\/1793","targetHints":{"allow":["GET"]}}],"collection":[{"href":"https:\/\/www.paparazzinews.com.br\/index.php?rest_route=\/wp\/v2\/posts"}],"about":[{"href":"https:\/\/www.paparazzinews.com.br\/index.php?rest_route=\/wp\/v2\/types\/post"}],"author":[{"embeddable":true,"href":"https:\/\/www.paparazzinews.com.br\/index.php?rest_route=\/wp\/v2\/users\/1"}],"replies":[{"embeddable":true,"href":"https:\/\/www.paparazzinews.com.br\/index.php?rest_route=%2Fwp%2Fv2%2Fcomments&post=1793"}],"version-history":[{"count":2,"href":"https:\/\/www.paparazzinews.com.br\/index.php?rest_route=\/wp\/v2\/posts\/1793\/revisions"}],"predecessor-version":[{"id":1800,"href":"https:\/\/www.paparazzinews.com.br\/index.php?rest_route=\/wp\/v2\/posts\/1793\/revisions\/1800"}],"wp:featuredmedia":[{"embeddable":true,"href":"https:\/\/www.paparazzinews.com.br\/index.php?rest_route=\/wp\/v2\/media\/1794"}],"wp:attachment":[{"href":"https:\/\/www.paparazzinews.com.br\/index.php?rest_route=%2Fwp%2Fv2%2Fmedia&parent=1793"}],"wp:term":[{"taxonomy":"category","embeddable":true,"href":"https:\/\/www.paparazzinews.com.br\/index.php?rest_route=%2Fwp%2Fv2%2Fcategories&post=1793"},{"taxonomy":"post_tag","embeddable":true,"href":"https:\/\/www.paparazzinews.com.br\/index.php?rest_route=%2Fwp%2Fv2%2Ftags&post=1793"}],"curies":[{"name":"wp","href":"https:\/\/api.w.org\/{rel}","templated":true}]}}