{"id":17913,"date":"2025-05-06T18:04:36","date_gmt":"2025-05-06T21:04:36","guid":{"rendered":"https:\/\/www.paparazzinews.com.br\/?p=17913"},"modified":"2025-05-06T18:04:37","modified_gmt":"2025-05-06T21:04:37","slug":"meio-ambiente-novo-condema-assume-com-disposicao-em-castilho","status":"publish","type":"post","link":"https:\/\/www.paparazzinews.com.br\/?p=17913","title":{"rendered":"Meio Ambiente: novo CONDEMA assume com disposi\u00e7\u00e3o em Castilho"},"content":{"rendered":"\n<p>Na manh\u00e3 desta ter\u00e7a-feira (6\/05), na sala de reuni\u00f5es da prefeitura de Castilho, foi instalada a nova forma\u00e7\u00e3o do CONDEMA \u2013 Conselho Municipal de Defesa do Meio Ambiente. Conforme Decreto n\u00ba 7.636 de 17 de abril de 2025, o mandato dos novos conselheiros ser\u00e1 por dois anos.<\/p>\n\n\n\n<p>A reuni\u00e3o foi presidida pela secret\u00e1ria municipal de Meio Ambiente e Turismo, J\u00e9ssica Afonso Gabriel Calestini, que apresentou a estrutura administrativa da pasta, as atribui\u00e7\u00f5es da secretaria e os novos objetivos do CONDEMA. Ao final da pauta, os conselheiros elegeram por unanimidade Roni Willer Macedo de Oliveira, o Roni Paparazzi como novo presidente do conselho e Rodrigo Pereira Rufino, o cabo Rufino como vice-presidente.<\/p>\n\n\n\n<p>O prefeito Paulo Boaventura participou da reuni\u00e3o, deu boas-vindas aos membros e ouviu atentamente cada representante. Em sua fala, destacou a import\u00e2ncia da atua\u00e7\u00e3o do conselho para a cidade. \u201cCastilho vive um momento de crescimento, e isso precisa caminhar junto com a preserva\u00e7\u00e3o ambiental. Este conselho \u00e9 uma ferramenta essencial para garantir que esse desenvolvimento aconte\u00e7a com responsabilidade. A presen\u00e7a de voc\u00eas aqui \u00e9 um sinal de compromisso com o futuro da nossa terra\u201d, afirmou.<\/p>\n\n\n\n<p>J\u00e1 a secret\u00e1ria J\u00e9ssica ressaltou a import\u00e2ncia da participa\u00e7\u00e3o coletiva e da escuta ativa. \u201cO CONDEMA \u00e9 um espa\u00e7o democr\u00e1tico, onde a escuta de diferentes vozes enriquece as decis\u00f5es ambientais. Estamos \u00e0 disposi\u00e7\u00e3o para dar o suporte t\u00e9cnico necess\u00e1rio e fomentar pol\u00edticas p\u00fablicas eficazes e sustent\u00e1veis\u201d, declarou.<\/p>\n\n\n\n<p><strong>Confira a nova composi\u00e7\u00e3o do CONDEMA:<\/strong><\/p>\n\n\n\n<p>Representantes do Poder P\u00fablico:<br>Secretaria Municipal de Meio Ambiente<br>Titular: J\u00e9ssica Afonso Gabriel Calestini<br>Suplente: Rejane de Freitas Flor<br>Secretaria Municipal de Sa\u00fade<br>Titular: Leila Hussein Kassab Ferraz<br>Suplente: Cosmo Ant\u00f4nio de Andrade<\/p>\n\n\n\n<p>Secretaria Municipal de Obras<br>Titular: Valena Paganini Santos Galera Castilho<br>Suplente: Daniel Roberto de Oliveira<\/p>\n\n\n\n<p>Poder Legislativo Municipal<br>Titular: Marcelo Targino da Natividade<br>Suplente: Gisele Cristina dos Santos Freitas<\/p>\n\n\n\n<p>Corpo de Bombeiros Militar do Estado de S\u00e3o Paulo<br>Titular: Rodrigo Pereira Rufino<br>Suplente: Jos\u00e9 Ant\u00f4nio da Silva Junior<\/p>\n\n\n\n<p>Representantes da Sociedade Civil:<br>Rotary Clube de Castilho<br>Titular: Luiz Ant\u00f4nio de Souza Cordeiro<br>Suplente: Lindomar Alessandro Sorato<\/p>\n\n\n\n<p>Associa\u00e7\u00e3o Comercial e Industrial de Castilho<br>Titular: Cristina Rodrigues dos Santos<br>Suplente: Marcelo Andraus Domingues<\/p>\n\n\n\n<p>Concession\u00e1ria de Saneamento B\u00e1sico<br>Titular: Bruno Cordeiro de Oliveira<br>Suplente: Nat\u00e1lia Ribeiro Pereira dos Santos<\/p>\n\n\n\n<p>Imprensa do Munic\u00edpio<br>Titular: Lucas Gustavo Morais de Jesus<br>Suplente: Roni Willer Macedo de Oliveira<\/p>\n\n\n\n<p>Associa\u00e7\u00e3o dos Engenheiros, Arquitetos e Agr\u00f4nomos de Andradina e Regi\u00e3o (AEAR)<br>Titular: Jo\u00e3o Paulo Soriano<br>Suplente: Ana Claudia da Silva Dias<\/p>\n\n\n\n<p>Com a posse dos novos membros e a elei\u00e7\u00e3o da presid\u00eancia, o CONDEMA inicia uma nova fase de atua\u00e7\u00e3o, com o compromisso de contribuir para o equil\u00edbrio entre crescimento e sustentabilidade em Castilho.<\/p>\n\n\n\n<p><strong><em><strong><em><strong><em><strong><em><strong><em><strong><em><strong><em><strong><em><strong><em><strong><em><strong><em><strong><em><strong><em><strong><em><strong><em><strong><em><strong><em><strong><em><strong><em><strong><em><strong><em><strong><em><strong><em><strong><em><strong><em><strong><em><strong><em><strong><em><strong><em><strong><em><strong><em><strong><em><strong><em><strong><em><strong><em><strong><em><strong><em><strong><em><strong><em><strong><em><strong><em><strong><em><strong><em><strong><em><strong><em><strong><em><strong><em><strong><em><strong><em><strong><em><strong><em><strong><em><strong><em><strong><em><strong><em><strong><em><strong><em><strong><em><strong><em><strong><em><strong><em><strong><em><strong><em><strong><em><strong><em><strong><em><strong><em><strong><em><strong><em><strong><em><strong><em><strong><em><strong><em><strong><em><strong><em><strong><em><strong><em><strong><em><strong><em><strong><em><strong><em><strong><em><strong><em><strong><em><strong><em><strong><em><strong><em><strong><em><strong><em><strong><em><strong><em><strong><em><strong><em><strong><em><strong><em><strong><em><strong><em><strong><em><strong><em><strong><em><strong><em><strong><em><strong><em><strong><em><strong><em><strong><em><strong><em><strong><em><strong><em><strong><em><strong><em><strong><em><strong><em><strong><em><strong><em><strong><em><strong><em><strong><em><strong><em><strong><em><strong><em><strong><em><strong><em><strong><em><strong><em><strong><em><strong><em><strong><em><strong><em><strong><em><strong><em><strong><em><strong><em><strong><em><strong><em><strong><em><strong><em><strong><em><strong><em><strong><em><strong><em><strong><em><strong><em><strong><em><strong><em><strong><em><strong><em><strong><em><strong><em><strong><em><strong><em><strong><em><strong><em><strong><em><strong><em><strong><em><strong><em><strong><em><strong><em><strong><em><strong><em><strong><em><strong><em><strong><em><strong><em><strong><em><strong><em><strong><em><strong><em><strong><em><strong><em><strong><em><strong><em><strong><em><strong><em><strong><em><strong><em><strong><em><strong><em><strong><em><strong><em><strong><em><strong><em><strong><em><strong><em><strong><em><strong><em><strong><em><strong><em><strong><em><strong><em><strong><em><strong><em><strong><em><strong><em><strong><em><strong><em><strong><em><strong><em><strong><em><strong><em><strong><em><strong><em><strong><em><strong><em><strong><em><strong><em><strong><em><strong><em><strong><em><strong><em><strong><em><strong><em><strong><em><strong><em><strong><em><strong><em><strong><em><strong><em><strong><em><strong><em><strong><em><strong><em><strong><em><strong><em><strong><em><strong><em><strong><em><strong><em><strong><em><strong><em><strong><em><strong><em><strong><em><strong><em><strong><em><strong><em><strong><em><strong><em><strong><em><strong><em><strong><em><strong><em><strong><em><strong><em><strong><em><strong><em><strong><em><strong><em><strong><em><strong>Siga nossas redes sociais e\u00a0participe da nossa comunidade do Canal de noticias do Roni Paparazzi no Whatsapp e receba as principais not\u00edcias da regi\u00e3o de Ara\u00e7atuba do dia direto no seu celular siga nosso \u00a0<a href=\"https:\/\/www.instagram.com\/ronipaparazzi\/\">Instagram e\u00a0<\/a><a href=\"https:\/\/www.facebook.com\/ronipaparazzicomvoce\">Facebook<\/a><a href=\"https:\/\/chat.whatsapp.com\/GsG1XKo0jPOEfjzudWQcml\" target=\"_blank\" rel=\"noreferrer noopener\">\u00a0Clique aqui e se inscreva.<\/a><\/strong><\/em><\/strong><\/em><\/strong><\/em><\/strong><\/em><\/strong><\/em><\/strong><\/em><\/strong><\/em><\/strong><\/em><\/strong><\/em><\/strong><\/em><\/strong><\/em><\/strong><\/em><\/strong><\/em><\/strong><\/em><\/strong><\/em><\/strong><\/em><\/strong><\/em><\/strong><\/em><\/strong><\/em><\/strong><\/em><\/strong><\/em><\/strong><\/em><\/strong><\/em><\/strong><\/em><\/strong><\/em><\/strong><\/em><\/strong><\/em><\/strong><\/em><\/strong><\/em><\/strong><\/em><\/strong><\/em><\/strong><\/em><\/strong><\/em><\/strong><\/em><\/strong><\/em><\/strong><\/em><\/strong><\/em><\/strong><\/em><\/strong><\/em><\/strong><\/em><\/strong><\/em><\/strong><\/em><\/strong><\/em><\/strong><\/em><\/strong><\/em><\/strong><\/em><\/strong><\/em><\/strong><\/em><\/strong><\/em><\/strong><\/em><\/strong><\/em><\/strong><\/em><\/strong><\/em><\/strong><\/em><\/strong><\/em><\/strong><\/em><\/strong><\/em><\/strong><\/em><\/strong><\/em><\/strong><\/em><\/strong><\/em><\/strong><\/em><\/strong><\/em><\/strong><\/em><\/strong><\/em><\/strong><\/em><\/strong><\/em><\/strong><\/em><\/strong><\/em><\/strong><\/em><\/strong><\/em><\/strong><\/em><\/strong><\/em><\/strong><\/em><\/strong><\/em><\/strong><\/em><\/strong><\/em><\/strong><\/em><\/strong><\/em><\/strong><\/em><\/strong><\/em><\/strong><\/em><\/strong><\/em><\/strong><\/em><\/strong><\/em><\/strong><\/em><\/strong><\/em><\/strong><\/em><\/strong><\/em><\/strong><\/em><\/strong><\/em><\/strong><\/em><\/strong><\/em><\/strong><\/em><\/strong><\/em><\/strong><\/em><\/strong><\/em><\/strong><\/em><\/strong><\/em><\/strong><\/em><\/strong><\/em><\/strong><\/em><\/strong><\/em><\/strong><\/em><\/strong><\/em><\/strong><\/em><\/strong><\/em><\/strong><\/em><\/strong><\/em><\/strong><\/em><\/strong><\/em><\/strong><\/em><\/strong><\/em><\/strong><\/em><\/strong><\/em><\/strong><\/em><\/strong><\/em><\/strong><\/em><\/strong><\/em><\/strong><\/em><\/strong><\/em><\/strong><\/em><\/strong><\/em><\/strong><\/em><\/strong><\/em><\/strong><\/em><\/strong><\/em><\/strong><\/em><\/strong><\/em><\/strong><\/em><\/strong><\/em><\/strong><\/em><\/strong><\/em><\/strong><\/em><\/strong><\/em><\/strong><\/em><\/strong><\/em><\/strong><\/em><\/strong><\/em><\/strong><\/em><\/strong><\/em><\/strong><\/em><\/strong><\/em><\/strong><\/em><\/strong><\/em><\/strong><\/em><\/strong><\/em><\/strong><\/em><\/strong><\/em><\/strong><\/em><\/strong><\/em><\/strong><\/em><\/strong><\/em><\/strong><\/em><\/strong><\/em><\/strong><\/em><\/strong><\/em><\/strong><\/em><\/strong><\/em><\/strong><\/em><\/strong><\/em><\/strong><\/em><\/strong><\/em><\/strong><\/em><\/strong><\/em><\/strong><\/em><\/strong><\/em><\/strong><\/em><\/strong><\/em><\/strong><\/em><\/strong><\/em><\/strong><\/em><\/strong><\/em><\/strong><\/em><\/strong><\/em><\/strong><\/em><\/strong><\/em><\/strong><\/em><\/strong><\/em><\/strong><\/em><\/strong><\/em><\/strong><\/em><\/strong><\/em><\/strong><\/em><\/strong><\/em><\/strong><\/em><\/strong><\/em><\/strong><\/em><\/strong><\/em><\/strong><\/em><\/strong><\/em><\/strong><\/em><\/strong><\/em><\/strong><\/em><\/strong><\/em><\/strong><\/em><\/strong><\/em><\/strong><\/em><\/strong><\/em><\/strong><\/em><\/strong><\/em><\/strong><\/em><\/strong><\/em><\/strong><\/em><\/strong><\/em><\/strong><\/em><\/strong><\/em><\/strong><\/em><\/strong><\/em><\/strong><\/em><\/strong><\/em><\/strong><\/em><\/strong><\/em><\/strong><\/em><\/strong><\/em><\/strong><\/em><\/strong><\/em><\/strong><\/em><\/strong><\/em><\/strong><\/em><\/strong><\/em><\/strong><\/em><\/strong><\/em><\/strong><\/em><\/strong><\/em><\/strong><\/em><\/strong><\/em><\/strong><\/em><\/strong><\/em><\/strong><\/em><\/strong><\/em><\/strong><\/em><\/strong><\/em><\/strong><\/em><\/strong><\/em><\/strong><\/em><\/strong><\/em><\/strong><\/em><\/strong><\/em><\/strong><\/em><\/strong><\/em><\/strong><\/em><\/strong><\/em><\/strong><\/em><\/strong><\/em><\/strong><\/em><\/strong><\/em><\/strong><\/em><\/strong><\/em><\/strong><\/em><\/strong><\/p>\n","protected":false},"excerpt":{"rendered":"<p>Na manh\u00e3 desta ter\u00e7a-feira (6\/05), na sala de reuni\u00f5es da prefeitura de Castilho, foi instalada a nova forma\u00e7\u00e3o do CONDEMA \u2013 Conselho Municipal de Defesa do Meio Ambiente. Conforme Decreto n\u00ba 7.636 de 17 de abril de 2025, o mandato dos novos conselheiros ser\u00e1 por dois anos. A reuni\u00e3o foi presidida pela secret\u00e1ria municipal de &hellip;<\/p>\n","protected":false},"author":1,"featured_media":17914,"comment_status":"open","ping_status":"open","sticky":false,"template":"","format":"standard","meta":{"_jetpack_memberships_contains_paid_content":false,"footnotes":"","jetpack_publicize_message":"","jetpack_publicize_feature_enabled":true,"jetpack_social_post_already_shared":false,"jetpack_social_options":{"image_generator_settings":{"template":"highway","default_image_id":0,"enabled":false},"version":2}},"categories":[4],"tags":[],"class_list":["post-17913","post","type-post","status-publish","format-standard","has-post-thumbnail","hentry","category-regiao"],"jetpack_publicize_connections":[],"jetpack_featured_media_url":"https:\/\/i0.wp.com\/www.paparazzinews.com.br\/wp-content\/uploads\/2025\/05\/77bf8773-e98a-4a3f-8640-1ba156059900-e1746565464229.jpeg?fit=1000%2C715&ssl=1","views":"1057","jetpack_likes_enabled":true,"jetpack_sharing_enabled":true,"_links":{"self":[{"href":"https:\/\/www.paparazzinews.com.br\/index.php?rest_route=\/wp\/v2\/posts\/17913","targetHints":{"allow":["GET"]}}],"collection":[{"href":"https:\/\/www.paparazzinews.com.br\/index.php?rest_route=\/wp\/v2\/posts"}],"about":[{"href":"https:\/\/www.paparazzinews.com.br\/index.php?rest_route=\/wp\/v2\/types\/post"}],"author":[{"embeddable":true,"href":"https:\/\/www.paparazzinews.com.br\/index.php?rest_route=\/wp\/v2\/users\/1"}],"replies":[{"embeddable":true,"href":"https:\/\/www.paparazzinews.com.br\/index.php?rest_route=%2Fwp%2Fv2%2Fcomments&post=17913"}],"version-history":[{"count":1,"href":"https:\/\/www.paparazzinews.com.br\/index.php?rest_route=\/wp\/v2\/posts\/17913\/revisions"}],"predecessor-version":[{"id":17915,"href":"https:\/\/www.paparazzinews.com.br\/index.php?rest_route=\/wp\/v2\/posts\/17913\/revisions\/17915"}],"wp:featuredmedia":[{"embeddable":true,"href":"https:\/\/www.paparazzinews.com.br\/index.php?rest_route=\/wp\/v2\/media\/17914"}],"wp:attachment":[{"href":"https:\/\/www.paparazzinews.com.br\/index.php?rest_route=%2Fwp%2Fv2%2Fmedia&parent=17913"}],"wp:term":[{"taxonomy":"category","embeddable":true,"href":"https:\/\/www.paparazzinews.com.br\/index.php?rest_route=%2Fwp%2Fv2%2Fcategories&post=17913"},{"taxonomy":"post_tag","embeddable":true,"href":"https:\/\/www.paparazzinews.com.br\/index.php?rest_route=%2Fwp%2Fv2%2Ftags&post=17913"}],"curies":[{"name":"wp","href":"https:\/\/api.w.org\/{rel}","templated":true}]}}