{"id":178,"date":"2022-06-27T15:09:56","date_gmt":"2022-06-27T18:09:56","guid":{"rendered":"https:\/\/www.paparazzinews.com.br\/?p=178"},"modified":"2022-06-27T15:09:58","modified_gmt":"2022-06-27T18:09:58","slug":"frente-de-trabalho-da-cidade-acolhedora-de-castilho-vai-estender-contrato","status":"publish","type":"post","link":"https:\/\/www.paparazzinews.com.br\/?p=178","title":{"rendered":"Frente de Trabalho da Cidade Acolhedora de Castilho vai estender contrato"},"content":{"rendered":"\n<p>Na manh\u00e3 desta segunda-feira (27\/06), o prefeito Paulo Boaventura enviou \u00e0 C\u00e2mara de Vereadores o projeto de lei que prorroga por mais 120 dias o programa \u201cFrente de Trabalho Cidade Acolhedora\u201d.<\/p>\n\n\n\n<p>Atualmente, o programa acolhe 100 pais de fam\u00edlia da cidade.<\/p>\n\n\n\n<p>O prefeito Paulo Boaventura est\u00e1 preocupado com essas fam\u00edlias assistidas pelo programa que se encerra no dia 03 de julho.<\/p>\n\n\n\n<p>Juntamente com sua equipe jur\u00eddica, ele analisou e encaminhou \u00e0 C\u00e2mara de Vereadores o pedido de prorroga\u00e7\u00e3o para que os vereadores apreciassem e votassem o Projeto Lei n\u00ba 095\/2022, j\u00e1 que o Governo Federal lan\u00e7ou a Lei n\u00ba 14.370, de 15\/06\/2022 a qual institui o Programa Nacional de Presta\u00e7\u00e3o de Servi\u00e7o Civil Volunt\u00e1rio e o per\u00edodo n\u00e3o daria tempo para que o mesmo se adequasse \u00e0s regras da nova lei.<\/p>\n\n\n\n<p>Deve ser lembrado que o estado de S\u00e3o Paulo possui um programa semelhante ao programa da cidade, denominado \u201cBolsa Trabalho\u201d, que tamb\u00e9m proporciona qualifica\u00e7\u00e3o profissional e renda.<\/p>\n\n\n\n<p>O foco principal do Programa \u00e9 proporcionar oportunidades de trabalho, obten\u00e7\u00e3o de renda, e tamb\u00e9m cursos profissionalizantes em diversas \u00e1reas, resgatando a autoestima desses trabalhadores e a capacidade de reinser\u00e7\u00e3o no mercado de trabalho. Em contrapartida, os benefici\u00e1rios colaboram para a limpeza, conserva\u00e7\u00e3o, manuten\u00e7\u00e3o e restaura\u00e7\u00e3o de bens e espa\u00e7os p\u00fablicos, atendendo as necessidades tempor\u00e1rias ou emergenciais do Munic\u00edpio.<\/p>\n\n\n\n<blockquote class=\"wp-block-quote is-layout-flow wp-block-quote-is-layout-flow\"><p>\u201c<em><strong>Essa conquista \u00e9 todos, e principalmente dos pais de fam\u00edlia que comp\u00f5em o programa, e eu como gestor n\u00e3o poderia deixar\u00a0de dar continuidade a este programa que tanto vem fazendo pelo nosso munic\u00edpio na quest\u00e3o das limpezas dos departamentos p\u00fablicos, dos atendimentos e das a\u00e7\u00f5es desenvolvidas pelos membros do programa.\u00a0Me sinto feliz em ter dado os primeiros passos junto com minha equipe jur\u00eddica e todos os vereadores<\/strong><\/em>\u201d, finalizou Paulo Boaventura.<\/p><p>O projeto foi aprovado por unanimidade entre os vereadores presentes.<\/p><\/blockquote>\n","protected":false},"excerpt":{"rendered":"<p>Na manh\u00e3 desta segunda-feira (27\/06), o prefeito Paulo Boaventura enviou \u00e0 C\u00e2mara de Vereadores o projeto de lei que prorroga por mais 120 dias o programa \u201cFrente de Trabalho Cidade Acolhedora\u201d. Atualmente, o programa acolhe 100 pais de fam\u00edlia da cidade. O prefeito Paulo Boaventura est\u00e1 preocupado com essas fam\u00edlias assistidas pelo programa que se &hellip;<\/p>\n","protected":false},"author":1,"featured_media":179,"comment_status":"open","ping_status":"open","sticky":false,"template":"","format":"standard","meta":{"_jetpack_memberships_contains_paid_content":false,"footnotes":"","jetpack_publicize_message":"","jetpack_publicize_feature_enabled":true,"jetpack_social_post_already_shared":false,"jetpack_social_options":{"image_generator_settings":{"template":"highway","default_image_id":0,"enabled":false},"version":2}},"categories":[4],"tags":[],"class_list":["post-178","post","type-post","status-publish","format-standard","has-post-thumbnail","hentry","category-regiao"],"jetpack_publicize_connections":[],"jetpack_featured_media_url":"https:\/\/i0.wp.com\/www.paparazzinews.com.br\/wp-content\/uploads\/2022\/06\/49f82f4964ec4ca5726a84dfa2dce0e6.jpg?fit=800%2C533&ssl=1","views":"3653","jetpack_likes_enabled":true,"jetpack_sharing_enabled":true,"_links":{"self":[{"href":"https:\/\/www.paparazzinews.com.br\/index.php?rest_route=\/wp\/v2\/posts\/178","targetHints":{"allow":["GET"]}}],"collection":[{"href":"https:\/\/www.paparazzinews.com.br\/index.php?rest_route=\/wp\/v2\/posts"}],"about":[{"href":"https:\/\/www.paparazzinews.com.br\/index.php?rest_route=\/wp\/v2\/types\/post"}],"author":[{"embeddable":true,"href":"https:\/\/www.paparazzinews.com.br\/index.php?rest_route=\/wp\/v2\/users\/1"}],"replies":[{"embeddable":true,"href":"https:\/\/www.paparazzinews.com.br\/index.php?rest_route=%2Fwp%2Fv2%2Fcomments&post=178"}],"version-history":[{"count":1,"href":"https:\/\/www.paparazzinews.com.br\/index.php?rest_route=\/wp\/v2\/posts\/178\/revisions"}],"predecessor-version":[{"id":180,"href":"https:\/\/www.paparazzinews.com.br\/index.php?rest_route=\/wp\/v2\/posts\/178\/revisions\/180"}],"wp:featuredmedia":[{"embeddable":true,"href":"https:\/\/www.paparazzinews.com.br\/index.php?rest_route=\/wp\/v2\/media\/179"}],"wp:attachment":[{"href":"https:\/\/www.paparazzinews.com.br\/index.php?rest_route=%2Fwp%2Fv2%2Fmedia&parent=178"}],"wp:term":[{"taxonomy":"category","embeddable":true,"href":"https:\/\/www.paparazzinews.com.br\/index.php?rest_route=%2Fwp%2Fv2%2Fcategories&post=178"},{"taxonomy":"post_tag","embeddable":true,"href":"https:\/\/www.paparazzinews.com.br\/index.php?rest_route=%2Fwp%2Fv2%2Ftags&post=178"}],"curies":[{"name":"wp","href":"https:\/\/api.w.org\/{rel}","templated":true}]}}