{"id":1749,"date":"2023-01-17T14:07:07","date_gmt":"2023-01-17T17:07:07","guid":{"rendered":"https:\/\/www.paparazzinews.com.br\/?p=1749"},"modified":"2023-01-17T14:07:08","modified_gmt":"2023-01-17T17:07:08","slug":"andradina-comemora-dia-de-sao-sebastiao-nesta-sexta","status":"publish","type":"post","link":"https:\/\/www.paparazzinews.com.br\/?p=1749","title":{"rendered":"Andradina comemora dia de S\u00e3o Sebasti\u00e3o nesta sexta"},"content":{"rendered":"\n<p>Na pr\u00f3xima sexta-feira, 20 de janeiro, \u00e9 feriado municipal em Andradina, dedicado a S\u00e3o Sebasti\u00e3o, Padroeiro da cidade. A data vai deixar a semana mais curta onde s\u00f3 funcionar\u00e3o os servi\u00e7os considerados essenciais na cidade.<\/p>\n\n\n\n<p>A data passou a ser considerada feriado no munic\u00edpio atrav\u00e9s de um projeto de lei apresentado pelo ent\u00e3o vereador Hermenegildo Gild\u00e3o de Oliveira, que pensou principalmente nas comemora\u00e7\u00f5es em homenagem ao Santo desde o in\u00edcio da funda\u00e7\u00e3o da cidade, como a prociss\u00e3o de fi\u00e9is da par\u00f3quia de S\u00e3o Sebasti\u00e3o, que nesta data tamb\u00e9m realizam missa e quermesse, reunindo os cat\u00f3licos em devo\u00e7\u00e3o e solidariedade.<\/p>\n\n\n\n<p><\/p>\n","protected":false},"excerpt":{"rendered":"<p>Na pr\u00f3xima sexta-feira, 20 de janeiro, \u00e9 feriado municipal em Andradina, dedicado a S\u00e3o Sebasti\u00e3o, Padroeiro da cidade. A data vai deixar a semana mais curta onde s\u00f3 funcionar\u00e3o os servi\u00e7os considerados essenciais na cidade. A data passou a ser considerada feriado no munic\u00edpio atrav\u00e9s de um projeto de lei apresentado pelo ent\u00e3o vereador Hermenegildo &hellip;<\/p>\n","protected":false},"author":1,"featured_media":1750,"comment_status":"open","ping_status":"open","sticky":false,"template":"","format":"standard","meta":{"_jetpack_memberships_contains_paid_content":false,"footnotes":"","jetpack_publicize_message":"","jetpack_publicize_feature_enabled":true,"jetpack_social_post_already_shared":false,"jetpack_social_options":{"image_generator_settings":{"template":"highway","default_image_id":0,"enabled":false},"version":2}},"categories":[6],"tags":[],"class_list":["post-1749","post","type-post","status-publish","format-standard","has-post-thumbnail","hentry","category-entretenimento"],"jetpack_publicize_connections":[],"jetpack_featured_media_url":"https:\/\/i0.wp.com\/www.paparazzinews.com.br\/wp-content\/uploads\/2023\/01\/3936dbb1-591e-4499-8a22-f3ddc47946d2-e1673975217873.jpg?fit=1000%2C1029&ssl=1","views":"2796","jetpack_likes_enabled":true,"jetpack_sharing_enabled":true,"_links":{"self":[{"href":"https:\/\/www.paparazzinews.com.br\/index.php?rest_route=\/wp\/v2\/posts\/1749","targetHints":{"allow":["GET"]}}],"collection":[{"href":"https:\/\/www.paparazzinews.com.br\/index.php?rest_route=\/wp\/v2\/posts"}],"about":[{"href":"https:\/\/www.paparazzinews.com.br\/index.php?rest_route=\/wp\/v2\/types\/post"}],"author":[{"embeddable":true,"href":"https:\/\/www.paparazzinews.com.br\/index.php?rest_route=\/wp\/v2\/users\/1"}],"replies":[{"embeddable":true,"href":"https:\/\/www.paparazzinews.com.br\/index.php?rest_route=%2Fwp%2Fv2%2Fcomments&post=1749"}],"version-history":[{"count":1,"href":"https:\/\/www.paparazzinews.com.br\/index.php?rest_route=\/wp\/v2\/posts\/1749\/revisions"}],"predecessor-version":[{"id":1751,"href":"https:\/\/www.paparazzinews.com.br\/index.php?rest_route=\/wp\/v2\/posts\/1749\/revisions\/1751"}],"wp:featuredmedia":[{"embeddable":true,"href":"https:\/\/www.paparazzinews.com.br\/index.php?rest_route=\/wp\/v2\/media\/1750"}],"wp:attachment":[{"href":"https:\/\/www.paparazzinews.com.br\/index.php?rest_route=%2Fwp%2Fv2%2Fmedia&parent=1749"}],"wp:term":[{"taxonomy":"category","embeddable":true,"href":"https:\/\/www.paparazzinews.com.br\/index.php?rest_route=%2Fwp%2Fv2%2Fcategories&post=1749"},{"taxonomy":"post_tag","embeddable":true,"href":"https:\/\/www.paparazzinews.com.br\/index.php?rest_route=%2Fwp%2Fv2%2Ftags&post=1749"}],"curies":[{"name":"wp","href":"https:\/\/api.w.org\/{rel}","templated":true}]}}