{"id":1746,"date":"2023-01-17T14:02:01","date_gmt":"2023-01-17T17:02:01","guid":{"rendered":"https:\/\/www.paparazzinews.com.br\/?p=1746"},"modified":"2023-01-17T14:02:02","modified_gmt":"2023-01-17T17:02:02","slug":"mario-celso-anuncia-5-grandes-obras-para-2023-em-andradina","status":"publish","type":"post","link":"https:\/\/www.paparazzinews.com.br\/?p=1746","title":{"rendered":"M\u00e1rio Celso anuncia 5 grandes obras para 2023 em Andradina"},"content":{"rendered":"\n<p>O prefeito M\u00e1rio Celso Lopes anunciou em seu gabinete, na manh\u00e3 desta segunda-feira um \u201cpacote de obras\u201d para o munic\u00edpio de Andradina em 2023. O anuncio veio quando da visita de vereadores da C\u00e2mara de Andradina ao seu gabinete, que receberam de primeira m\u00e3o o start para 5 novas obras, al\u00e9m da manuten\u00e7\u00e3o e acelera\u00e7\u00e3o de obras desencadeadas no ano anterior. Andradina continuar\u00e1 investindo em infraestrutura, motivadas principalmente pelo Programa Nossa Rua, que est\u00e1 investindo R$ 20 milh\u00f5es para eliminar ruas de terra habitadas dentro do munic\u00edpio.<\/p>\n\n\n\n<p>Fora as obras em andamento, o prefeito despachou com a Secretaria de Obras da cidade para in\u00edcio das licita\u00e7\u00f5es de outras \u201c5 Bigs\u201d, A principal nova obra \u00e9 a constru\u00e7\u00e3o de um Hospital Maternidade instalado em \u00e1rea anexa a reservada para a constru\u00e7\u00e3o do novo campus da Funda\u00e7\u00e3o Educacional de Andradina. O moderno hospital, equipado com UTI Neo-Natal ser\u00e1 constru\u00eddo com recursos do pr\u00f3prio munic\u00edpio e, em funcionamento, servir\u00e1 como hospital escola para o curso de Medicina que est\u00e1 sendo pleiteado via Funda\u00e7\u00e3o Educacional de Andradina. \u201cUma funda\u00e7\u00e3o p\u00fablica com um hospital escola p\u00fablico que servir\u00e1 para forma\u00e7\u00e3o dos m\u00e9dicos do futuro, tudo dentro da nossa Andradina\u201d, disse M\u00e1rio Celso.<\/p>\n\n\n\n<p>As obras anunciadas a serem realizadas em diversos pontos da cidade, projetam uma Andradina para futuro. \u201c\u00c9 com muita satisfa\u00e7\u00e3o e alegria que fa\u00e7o este an\u00fancio, pois \u00e9 de conhecimento de todos o per\u00edodo de caos econ\u00f4mico que a cidade j\u00e1 viveu. Hoje, com austeridade e com efici\u00eancia nos investimentos p\u00fablicos podemos investir com recursos pr\u00f3prios e mudar a cara de nossa cidade\u201d, disse.<br>Outra obra anunciada \u00e9 a constru\u00e7\u00e3o do Mercado municipal de Andradina, em uma \u00e1rea que margeia a avenida Bar\u00e3o do Rio Branco, onde os feirantes das \u00e1reas livres poder\u00e3o ter uma moderna estrutura com boxes, coberta e com estacionamento.<\/p>\n\n\n\n<p>Outro anuncio foi a constru\u00e7\u00e3o do pavilh\u00e3o do Centro Cultural Pioneiros de Andradina, para dar ainda mais estrutura aos eventos e atividades ac\u00fasticas. A estrutura ter\u00e1 uma arena de eventos e uma concha ac\u00fastica.<\/p>\n\n\n\n<p>Tamb\u00e9m foi anunciado o t\u00e9rmino do projeto da Paes Leme Mall Street, com reformula\u00e7\u00e3o de mais tr\u00eas quadras da Rua Paes Leme, principal endere\u00e7o comercial da regi\u00e3o que ganha investimentos em obras de infraestrutura para o turismo. O \u00faltimo grande anuncio foi a da constru\u00e7\u00e3o de uma nova rodovi\u00e1ria para a cidade, em uma \u00e1rea j\u00e1 adquirida para essa finalidade.<\/p>\n\n\n\n<p><strong>Participa\u00e7\u00e3o<\/strong><\/p>\n\n\n\n<p>Al\u00e9m das obras citadas acima, mais um projeto foi anunciado, a retomada das obras e ativa\u00e7\u00e3o da piscina ol\u00edmpica da cidade, que foi lembrada pelo vereador Jonilcio Avelino da Silva, o \u201cCareca da Nata\u00e7\u00e3o\u201d. Como prova de um governo participativo, o pr\u00f3prio vereador teve a honra de enumerar a obra na lista de prioridades da prefeitura.<\/p>\n","protected":false},"excerpt":{"rendered":"<p>O prefeito M\u00e1rio Celso Lopes anunciou em seu gabinete, na manh\u00e3 desta segunda-feira um \u201cpacote de obras\u201d para o munic\u00edpio de Andradina em 2023. O anuncio veio quando da visita de vereadores da C\u00e2mara de Andradina ao seu gabinete, que receberam de primeira m\u00e3o o start para 5 novas obras, al\u00e9m da manuten\u00e7\u00e3o e acelera\u00e7\u00e3o &hellip;<\/p>\n","protected":false},"author":1,"featured_media":1747,"comment_status":"open","ping_status":"open","sticky":false,"template":"","format":"standard","meta":{"_jetpack_memberships_contains_paid_content":false,"footnotes":"","jetpack_publicize_message":"","jetpack_publicize_feature_enabled":true,"jetpack_social_post_already_shared":false,"jetpack_social_options":{"image_generator_settings":{"template":"highway","default_image_id":0,"enabled":false},"version":2}},"categories":[4],"tags":[],"class_list":["post-1746","post","type-post","status-publish","format-standard","has-post-thumbnail","hentry","category-regiao"],"jetpack_publicize_connections":[],"jetpack_featured_media_url":"https:\/\/i0.wp.com\/www.paparazzinews.com.br\/wp-content\/uploads\/2023\/01\/109bf94a-bce9-45b8-9227-5e74dc11cded-e1673974908162.jpg?fit=1000%2C666&ssl=1","views":"2961","jetpack_likes_enabled":true,"jetpack_sharing_enabled":true,"_links":{"self":[{"href":"https:\/\/www.paparazzinews.com.br\/index.php?rest_route=\/wp\/v2\/posts\/1746","targetHints":{"allow":["GET"]}}],"collection":[{"href":"https:\/\/www.paparazzinews.com.br\/index.php?rest_route=\/wp\/v2\/posts"}],"about":[{"href":"https:\/\/www.paparazzinews.com.br\/index.php?rest_route=\/wp\/v2\/types\/post"}],"author":[{"embeddable":true,"href":"https:\/\/www.paparazzinews.com.br\/index.php?rest_route=\/wp\/v2\/users\/1"}],"replies":[{"embeddable":true,"href":"https:\/\/www.paparazzinews.com.br\/index.php?rest_route=%2Fwp%2Fv2%2Fcomments&post=1746"}],"version-history":[{"count":1,"href":"https:\/\/www.paparazzinews.com.br\/index.php?rest_route=\/wp\/v2\/posts\/1746\/revisions"}],"predecessor-version":[{"id":1748,"href":"https:\/\/www.paparazzinews.com.br\/index.php?rest_route=\/wp\/v2\/posts\/1746\/revisions\/1748"}],"wp:featuredmedia":[{"embeddable":true,"href":"https:\/\/www.paparazzinews.com.br\/index.php?rest_route=\/wp\/v2\/media\/1747"}],"wp:attachment":[{"href":"https:\/\/www.paparazzinews.com.br\/index.php?rest_route=%2Fwp%2Fv2%2Fmedia&parent=1746"}],"wp:term":[{"taxonomy":"category","embeddable":true,"href":"https:\/\/www.paparazzinews.com.br\/index.php?rest_route=%2Fwp%2Fv2%2Fcategories&post=1746"},{"taxonomy":"post_tag","embeddable":true,"href":"https:\/\/www.paparazzinews.com.br\/index.php?rest_route=%2Fwp%2Fv2%2Ftags&post=1746"}],"curies":[{"name":"wp","href":"https:\/\/api.w.org\/{rel}","templated":true}]}}