{"id":17260,"date":"2025-03-26T17:53:36","date_gmt":"2025-03-26T20:53:36","guid":{"rendered":"https:\/\/www.paparazzinews.com.br\/?p=17260"},"modified":"2025-03-26T17:53:37","modified_gmt":"2025-03-26T20:53:37","slug":"3-decadas-velorio-de-castilho-e-reformado-por-paulo-boaventura-e-oferece-ambiente-mais-confortavel-e-climatizado","status":"publish","type":"post","link":"https:\/\/www.paparazzinews.com.br\/?p=17260","title":{"rendered":"3 D\u00c9CADAS: Vel\u00f3rio de Castilho \u00e9 reformado por Paulo Boaventura e oferece ambiente mais confort\u00e1vel e climatizado"},"content":{"rendered":"\n<p>A reforma integral do Vel\u00f3rio Municipal de Castilho trouxe uma mudan\u00e7a significativa para a popula\u00e7\u00e3o local. A instala\u00e7\u00e3o de ar condicionado nas duas salas usadas para velar os entes queridos foi um grande passo para tornar o espa\u00e7o mais confort\u00e1vel e climatizado, especialmente em momentos de tristeza e despedida.<\/p>\n\n\n\n<p>Inaugurado em 1992 pelo saudoso prefeito Ad\u00e3o Severino Batista, o vel\u00f3rio passou por sua maior reforma desde ent\u00e3o. Al\u00e9m da instala\u00e7\u00e3o de dois aparelhos de ar condicionado de 24 mil BTUs e cortina de ar na porta em cada sala, tamb\u00e9m foram realizadas outras melhorias, como pintura nas partes internas e externas, substitui\u00e7\u00e3o de portas e instala\u00e7\u00e3o de portas de vidro blindex. Os banheiros e apartamento para descanso dos familiares tamb\u00e9m receberam reformas e adequa\u00e7\u00f5es.<\/p>\n\n\n\n<p>Essas mudan\u00e7as foram poss\u00edvel gra\u00e7as \u00e0 iniciativa do prefeito Paulo Boaventura, que busca melhorar a qualidade de vida dos castilhenses. A reforma do vel\u00f3rio \u00e9 um exemplo disso, pois o espa\u00e7o \u00e9 muito utilizado pela comunidade e agora oferece um ambiente mais confort\u00e1vel e respeitoso para as despedidas f\u00fanebres.<\/p>\n\n\n\n<p>Com a reforma, as fam\u00edlias que optam por passar a noite velando seus entes agora ter\u00e3o um ambiente mais agrad\u00e1vel, especialmente durante as madrugadas. Desde o fim da pandemia da COVID-19, aumentou o n\u00famero de vel\u00f3rios durante a noite. Por ser municipal, n\u00e3o \u00e9 cobrado nenhum valor das fam\u00edlias para as sess\u00f5es f\u00fanebres. Essa mudan\u00e7a significativa reflete o compromisso da Administra\u00e7\u00e3o Municipal em oferecer servi\u00e7os de qualidade e dignidade para a popula\u00e7\u00e3o castilhense.<\/p>\n\n\n\n<p><strong><em><strong><em><strong><em><strong><em><strong><em><strong><em><strong><em><strong><em><strong><em><strong><em><strong><em><strong><em><strong><em><strong><em><strong><em><strong><em><strong><em><strong><em><strong><em><strong><em><strong><em><strong><em><strong><em><strong><em><strong><em><strong><em><strong><em><strong><em><strong><em><strong><em><strong><em><strong><em><strong><em><strong><em><strong><em><strong><em><strong><em><strong><em><strong><em><strong><em><strong><em><strong><em><strong><em><strong><em><strong><em><strong><em><strong><em><strong><em><strong><em><strong><em><strong><em><strong><em><strong><em><strong><em><strong><em><strong><em><strong><em><strong><em><strong><em><strong><em><strong><em><strong><em><strong><em><strong><em><strong><em><strong><em><strong><em><strong><em><strong><em><strong><em><strong><em><strong><em><strong><em><strong><em><strong><em><strong><em><strong><em><strong><em><strong><em><strong><em><strong><em><strong><em><strong><em><strong><em><strong><em><strong><em><strong><em><strong><em><strong><em><strong><em><strong><em><strong><em><strong><em><strong><em><strong><em><strong><em><strong><em><strong><em><strong><em><strong><em><strong><em><strong><em><strong><em><strong><em><strong><em><strong><em><strong><em><strong><em><strong><em><strong><em><strong><em><strong><em><strong><em><strong><em><strong><em><strong><em><strong><em><strong><em><strong><em><strong><em><strong><em><strong><em><strong><em><strong><em><strong><em><strong><em><strong><em><strong><em><strong><em><strong><em><strong><em><strong><em><strong><em><strong><em><strong><em><strong><em><strong><em><strong><em><strong><em><strong><em><strong><em><strong><em><strong><em><strong><em><strong><em><strong><em><strong><em><strong><em><strong><em><strong><em><strong><em><strong><em><strong><em><strong><em><strong><em><strong><em><strong><em><strong><em><strong><em><strong><em><strong><em><strong><em><strong><em><strong><em><strong><em><strong><em><strong><em><strong><em><strong><em><strong><em><strong><em><strong><em><strong><em><strong><em><strong><em><strong><em><strong><em><strong><em><strong><em><strong><em><strong><em><strong><em><strong><em><strong><em><strong><em><strong><em><strong><em><strong><em><strong><em><strong><em><strong><em><strong><em><strong><em><strong><em><strong><em><strong><em><strong><em><strong><em><strong><em><strong><em><strong><em><strong><em><strong><em><strong><em><strong><em><strong><em><strong><em><strong><em><strong><em><strong><em><strong><em><strong><em><strong><em><strong><em><strong><em><strong><em><strong><em><strong><em><strong><em><strong><em><strong><em><strong><em><strong><em><strong><em><strong><em><strong><em><strong><em><strong><em><strong><em><strong><em><strong><em><strong><em><strong><em><strong><em><strong><em><strong><em><strong><em><strong><em><strong><em><strong><em><strong><em><strong><em><strong><em><strong><em><strong><em><strong><em><strong><em><strong><em><strong><em><strong><em><strong>Siga nossas redes sociais e\u00a0participe da nossa comunidade do Canal de noticias do Roni Paparazzi no Whatsapp e receba as principais not\u00edcias da regi\u00e3o de Ara\u00e7atuba do dia direto no seu celular siga nosso \u00a0<a href=\"https:\/\/www.instagram.com\/ronipaparazzi\/\">Instagram e\u00a0<\/a><a href=\"https:\/\/www.facebook.com\/ronipaparazzicomvoce\">Facebook<\/a><a href=\"https:\/\/chat.whatsapp.com\/GsG1XKo0jPOEfjzudWQcml\" target=\"_blank\" rel=\"noreferrer noopener\">\u00a0Clique aqui e se inscreva.<\/a><\/strong><\/em><\/strong><\/em><\/strong><\/em><\/strong><\/em><\/strong><\/em><\/strong><\/em><\/strong><\/em><\/strong><\/em><\/strong><\/em><\/strong><\/em><\/strong><\/em><\/strong><\/em><\/strong><\/em><\/strong><\/em><\/strong><\/em><\/strong><\/em><\/strong><\/em><\/strong><\/em><\/strong><\/em><\/strong><\/em><\/strong><\/em><\/strong><\/em><\/strong><\/em><\/strong><\/em><\/strong><\/em><\/strong><\/em><\/strong><\/em><\/strong><\/em><\/strong><\/em><\/strong><\/em><\/strong><\/em><\/strong><\/em><\/strong><\/em><\/strong><\/em><\/strong><\/em><\/strong><\/em><\/strong><\/em><\/strong><\/em><\/strong><\/em><\/strong><\/em><\/strong><\/em><\/strong><\/em><\/strong><\/em><\/strong><\/em><\/strong><\/em><\/strong><\/em><\/strong><\/em><\/strong><\/em><\/strong><\/em><\/strong><\/em><\/strong><\/em><\/strong><\/em><\/strong><\/em><\/strong><\/em><\/strong><\/em><\/strong><\/em><\/strong><\/em><\/strong><\/em><\/strong><\/em><\/strong><\/em><\/strong><\/em><\/strong><\/em><\/strong><\/em><\/strong><\/em><\/strong><\/em><\/strong><\/em><\/strong><\/em><\/strong><\/em><\/strong><\/em><\/strong><\/em><\/strong><\/em><\/strong><\/em><\/strong><\/em><\/strong><\/em><\/strong><\/em><\/strong><\/em><\/strong><\/em><\/strong><\/em><\/strong><\/em><\/strong><\/em><\/strong><\/em><\/strong><\/em><\/strong><\/em><\/strong><\/em><\/strong><\/em><\/strong><\/em><\/strong><\/em><\/strong><\/em><\/strong><\/em><\/strong><\/em><\/strong><\/em><\/strong><\/em><\/strong><\/em><\/strong><\/em><\/strong><\/em><\/strong><\/em><\/strong><\/em><\/strong><\/em><\/strong><\/em><\/strong><\/em><\/strong><\/em><\/strong><\/em><\/strong><\/em><\/strong><\/em><\/strong><\/em><\/strong><\/em><\/strong><\/em><\/strong><\/em><\/strong><\/em><\/strong><\/em><\/strong><\/em><\/strong><\/em><\/strong><\/em><\/strong><\/em><\/strong><\/em><\/strong><\/em><\/strong><\/em><\/strong><\/em><\/strong><\/em><\/strong><\/em><\/strong><\/em><\/strong><\/em><\/strong><\/em><\/strong><\/em><\/strong><\/em><\/strong><\/em><\/strong><\/em><\/strong><\/em><\/strong><\/em><\/strong><\/em><\/strong><\/em><\/strong><\/em><\/strong><\/em><\/strong><\/em><\/strong><\/em><\/strong><\/em><\/strong><\/em><\/strong><\/em><\/strong><\/em><\/strong><\/em><\/strong><\/em><\/strong><\/em><\/strong><\/em><\/strong><\/em><\/strong><\/em><\/strong><\/em><\/strong><\/em><\/strong><\/em><\/strong><\/em><\/strong><\/em><\/strong><\/em><\/strong><\/em><\/strong><\/em><\/strong><\/em><\/strong><\/em><\/strong><\/em><\/strong><\/em><\/strong><\/em><\/strong><\/em><\/strong><\/em><\/strong><\/em><\/strong><\/em><\/strong><\/em><\/strong><\/em><\/strong><\/em><\/strong><\/em><\/strong><\/em><\/strong><\/em><\/strong><\/em><\/strong><\/em><\/strong><\/em><\/strong><\/em><\/strong><\/em><\/strong><\/em><\/strong><\/em><\/strong><\/em><\/strong><\/em><\/strong><\/em><\/strong><\/em><\/strong><\/em><\/strong><\/em><\/strong><\/em><\/strong><\/em><\/strong><\/em><\/strong><\/em><\/strong><\/em><\/strong><\/em><\/strong><\/em><\/strong><\/em><\/strong><\/em><\/strong><\/em><\/strong><\/em><\/strong><\/em><\/strong><\/em><\/strong><\/em><\/strong><\/em><\/strong><\/em><\/strong><\/em><\/strong><\/em><\/strong><\/em><\/strong><\/em><\/strong><\/em><\/strong><\/em><\/strong><\/em><\/strong><\/em><\/strong><\/em><\/strong><\/em><\/strong><\/em><\/strong><\/em><\/strong><\/em><\/strong><\/em><\/strong><\/em><\/strong><\/em><\/strong><\/em><\/strong><\/em><\/strong><\/em><\/strong><\/em><\/strong><\/em><\/strong><\/em><\/strong><\/em><\/strong><\/em><\/strong><\/em><\/strong><\/em><\/strong><\/em><\/strong><\/em><\/strong><\/em><\/strong><\/em><\/strong><\/em><\/strong><\/em><\/strong><\/em><\/strong><\/em><\/strong><\/em><\/strong><\/em><\/strong><\/em><\/strong><\/em><\/strong><\/em><\/strong><\/em><\/strong><\/em><\/strong><\/em><\/strong><\/em><\/strong><\/em><\/strong><\/em><\/strong><\/em><\/strong><\/em><\/strong><\/em><\/strong><\/em><\/strong><\/em><\/strong><\/em><\/strong><\/em><\/strong><\/em><\/strong><\/p>\n","protected":false},"excerpt":{"rendered":"<p>A reforma integral do Vel\u00f3rio Municipal de Castilho trouxe uma mudan\u00e7a significativa para a popula\u00e7\u00e3o local. A instala\u00e7\u00e3o de ar condicionado nas duas salas usadas para velar os entes queridos foi um grande passo para tornar o espa\u00e7o mais confort\u00e1vel e climatizado, especialmente em momentos de tristeza e despedida. Inaugurado em 1992 pelo saudoso prefeito &hellip;<\/p>\n","protected":false},"author":1,"featured_media":17258,"comment_status":"open","ping_status":"open","sticky":false,"template":"","format":"standard","meta":{"_jetpack_memberships_contains_paid_content":false,"footnotes":"","jetpack_publicize_message":"","jetpack_publicize_feature_enabled":true,"jetpack_social_post_already_shared":false,"jetpack_social_options":{"image_generator_settings":{"template":"highway","default_image_id":0,"enabled":false},"version":2}},"categories":[4],"tags":[],"class_list":["post-17260","post","type-post","status-publish","format-standard","has-post-thumbnail","hentry","category-regiao"],"jetpack_publicize_connections":[],"jetpack_featured_media_url":"https:\/\/i0.wp.com\/www.paparazzinews.com.br\/wp-content\/uploads\/2025\/03\/d34dd633-bbbb-46ed-9fde-7eb243e596b5-e1743022220731.jpeg?fit=1000%2C564&ssl=1","views":"969","jetpack_likes_enabled":true,"jetpack_sharing_enabled":true,"_links":{"self":[{"href":"https:\/\/www.paparazzinews.com.br\/index.php?rest_route=\/wp\/v2\/posts\/17260","targetHints":{"allow":["GET"]}}],"collection":[{"href":"https:\/\/www.paparazzinews.com.br\/index.php?rest_route=\/wp\/v2\/posts"}],"about":[{"href":"https:\/\/www.paparazzinews.com.br\/index.php?rest_route=\/wp\/v2\/types\/post"}],"author":[{"embeddable":true,"href":"https:\/\/www.paparazzinews.com.br\/index.php?rest_route=\/wp\/v2\/users\/1"}],"replies":[{"embeddable":true,"href":"https:\/\/www.paparazzinews.com.br\/index.php?rest_route=%2Fwp%2Fv2%2Fcomments&post=17260"}],"version-history":[{"count":1,"href":"https:\/\/www.paparazzinews.com.br\/index.php?rest_route=\/wp\/v2\/posts\/17260\/revisions"}],"predecessor-version":[{"id":17261,"href":"https:\/\/www.paparazzinews.com.br\/index.php?rest_route=\/wp\/v2\/posts\/17260\/revisions\/17261"}],"wp:featuredmedia":[{"embeddable":true,"href":"https:\/\/www.paparazzinews.com.br\/index.php?rest_route=\/wp\/v2\/media\/17258"}],"wp:attachment":[{"href":"https:\/\/www.paparazzinews.com.br\/index.php?rest_route=%2Fwp%2Fv2%2Fmedia&parent=17260"}],"wp:term":[{"taxonomy":"category","embeddable":true,"href":"https:\/\/www.paparazzinews.com.br\/index.php?rest_route=%2Fwp%2Fv2%2Fcategories&post=17260"},{"taxonomy":"post_tag","embeddable":true,"href":"https:\/\/www.paparazzinews.com.br\/index.php?rest_route=%2Fwp%2Fv2%2Ftags&post=17260"}],"curies":[{"name":"wp","href":"https:\/\/api.w.org\/{rel}","templated":true}]}}