{"id":17217,"date":"2025-03-25T16:05:58","date_gmt":"2025-03-25T19:05:58","guid":{"rendered":"https:\/\/www.paparazzinews.com.br\/?p=17217"},"modified":"2025-03-25T16:06:00","modified_gmt":"2025-03-25T19:06:00","slug":"aguas-andradina-e-aguas-castilho-realizam-acoes-socioambientais-em-homenagem-a-semana-da-agua","status":"publish","type":"post","link":"https:\/\/www.paparazzinews.com.br\/?p=17217","title":{"rendered":"\u00c1guas Andradina e \u00c1guas Castilho realizam a\u00e7\u00f5es socioambientais em homenagem \u00e0 Semana da \u00c1gua"},"content":{"rendered":"\n<p>Neste m\u00eas de mar\u00e7o, a import\u00e2ncia da \u00e1gua est\u00e1 em evid\u00eancia na imprensa mundial devido a diversas a\u00e7\u00f5es que est\u00e3o acontecendo ao redor do mundo, em celebra\u00e7\u00e3o ao Dia Mundial da \u00c1gua (22\/03). Esta importante data foi criada em 1993 pela Organiza\u00e7\u00e3o das Na\u00e7\u00f5es Unidas &#8211; ONU com a finalidade de alertar sobre a necessidade de preserva\u00e7\u00e3o deste recurso t\u00e3o essencial \u00e0 vida humana e para a sobreviv\u00eancia de todos os ecossistemas do planeta. A foto \u00e9 cedida pelo Grupo Portal.<\/p>\n\n\n\n<p>Essas a\u00e7\u00f5es s\u00e3o essenciais em especial no Brasil, sabe por que? De acordo com dados do Instituto Trata Brasil, cerca de 33 milh\u00f5es de brasileiros n\u00e3o possuem acesso \u00e0 \u00e1gua pot\u00e1vel em suas casas.<\/p>\n\n\n\n<p>Em Andradina e em Castilho, devido aos investimentos realizados pela \u00c1guas Andradina e pela \u00c1guas Castilho, empresas do grupo Igu\u00e1 Saneamento e Sabesp, esse cen\u00e1rio \u00e9 bem diferente: 100% da popula\u00e7\u00e3o conta com \u00e1gua tratada direto da torneira.<\/p>\n\n\n\n<p>Para isso, as empresas trabalham ininterruptamente para ampliar a reserva\u00e7\u00e3o de \u00e1gua por meio de novos po\u00e7os, manuten\u00e7\u00e3o preventiva das redes de distribui\u00e7\u00e3o e reservat\u00f3rios, tudo com planejamento para preservar o meio ambiente desses munic\u00edpios.<\/p>\n\n\n\n<p><strong>Aprendendo desde pequeno<\/strong><\/p>\n\n\n\n<p>Realizar a\u00e7\u00f5es socioambientais faz parte da rotina do time de Responsabilidade Social e Meio Ambiente das concession\u00e1rias no decorrer de todo o ano, por\u00e9m neste m\u00eas de mar\u00e7o foram realizadas iniciativas especiais.<\/p>\n\n\n\n<p>Em Andradina, as escolas rurais EMEF Jo\u00e3o Carreira e EMEIF Educador Paulo Freire visitam as instala\u00e7\u00f5es da \u00c1guas Andradina para conhecer de perto as etapas do tratamento de \u00e1gua e como funciona o Centro de Controle Operacional, que monitora 24 horas por dia todos os sistemas relacionados \u00e0 capta\u00e7\u00e3o, tratamento e distribui\u00e7\u00e3o de \u00e1gua. As equipes de Qualidade e Meio Ambiente da opera\u00e7\u00e3o tamb\u00e9m ministraram palestras no CEI Educa\u00e7\u00e3o e na APAE de Andradina.<\/p>\n\n\n\n<p>J\u00e1 em Castilho, as equipes de Qualidade e Meio Ambiente, em parceria com a Prefeitura de Castilho e a Arsae, ministraram palestras sobre o ciclo da \u00e1gua e o tratamento de \u00e1gua nas escolas EE Dario Giometti Professor, EE Armel Miranda, EMEF Dr. Youssef Neif Kassab e Escola Maria Dauria.<\/p>\n\n\n\n<p>Al\u00e9m disso, no dia 19, a equipe Comercial participou da Feira do Produtor Castilhense, na Esta\u00e7\u00e3o Central, e no s\u00e1bado, dia 22, a equipe tamb\u00e9m participou de a\u00e7\u00e3o de entrega de plantas em parceria com a Arsae.<\/p>\n\n\n\n<p>De acordo com o diretor geral da \u00c1guas Andradina e da \u00c1guas Castilho, Lu\u00eds Guilherme Bizelli, esta data \u00e9 um momento importante para que toda sociedade pare e reflita sobre o seu papel na preserva\u00e7\u00e3o desse bem t\u00e3o precioso.<\/p>\n\n\n\n<p>&#8220;Temos um compromisso inegoci\u00e1vel com a gest\u00e3o respons\u00e1vel da \u00e1gua e nos orgulhamos de atuar ativamente para conscientizar a popula\u00e7\u00e3o, desde a inf\u00e2ncia, sobre a relev\u00e2ncia desse tema. Nosso objetivo \u00e9 n\u00e3o apenas garantir a qualidade e o abastecimento, mas tamb\u00e9m fomentar uma cultura de cuidado e respeito por esse recurso essencial&#8221;, destaca.<\/p>\n\n\n\n<p><strong>Inscri\u00e7\u00f5es abertas para o programa Voc\u00ea no Saneamento<\/strong><\/p>\n\n\n\n<p>A \u00c1guas Andradina e a \u00c1guas Castilho convidam a comunidade para conhecer de perto o funcionamento do saneamento b\u00e1sico por meio do programa &#8220;Voc\u00ea no Saneamento&#8221;.<\/p>\n\n\n\n<p>A iniciativa tem como foco a educa\u00e7\u00e3o ambiental e oferece visitas guiadas \u00e0s instala\u00e7\u00f5es das concession\u00e1rias, proporcionando uma experi\u00eancia enriquecedora para estudantes, institui\u00e7\u00f5es e toda a comunidade.<\/p>\n\n\n\n<p>Durante a visita, profissionais capacitados acompanham os participantes, explicando cada etapa dos processos de tratamento, destacando a import\u00e2ncia do saneamento para a sa\u00fade e o meio ambiente.<\/p>\n\n\n\n<p>As inscri\u00e7\u00f5es podem ser feitas pelo e-mail regulatorio.spconcessoes@igua.com.br ou presencialmente nas lojas de atendimento Rua Doutor Orensy Rodrigues da Silva, 1062, em Andradina, e Avenida Presidente Get\u00falio Vargas, 20, em Castilho. As lojas funcionam de segunda a sexta-feira, das 8h30 \u00e0s 17h. Para grupos infantis, as visitas s\u00e3o limitadas a 30 participantes e destinadas a crian\u00e7as a partir de 8 anos de idade.<\/p>\n\n\n\n<p>Acompanhe os trabalhos realizados pela \u00c1guas Andradina e pela \u00c1guas Castilho e consulte o Relat\u00f3rio de Qualidade da \u00c1gua 2024 no site www.igua.com.br\/andradina e www.igua.com.br\/castilho.<\/p>\n\n\n\n<p><strong><em><strong><em><strong><em><strong><em><strong><em><strong><em><strong><em><strong><em><strong><em><strong><em><strong><em><strong><em><strong><em><strong><em><strong><em><strong><em><strong><em><strong><em><strong><em><strong><em><strong><em><strong><em><strong><em><strong><em><strong><em><strong><em><strong><em><strong><em><strong><em><strong><em><strong><em><strong><em><strong><em><strong><em><strong><em><strong><em><strong><em><strong><em><strong><em><strong><em><strong><em><strong><em><strong><em><strong><em><strong><em><strong><em><strong><em><strong><em><strong><em><strong><em><strong><em><strong><em><strong><em><strong><em><strong><em><strong><em><strong><em><strong><em><strong><em><strong><em><strong><em><strong><em><strong><em><strong><em><strong><em><strong><em><strong><em><strong><em><strong><em><strong><em><strong><em><strong><em><strong><em><strong><em><strong><em><strong><em><strong><em><strong><em><strong><em><strong><em><strong><em><strong><em><strong><em><strong><em><strong><em><strong><em><strong><em><strong><em><strong><em><strong><em><strong><em><strong><em><strong><em><strong><em><strong><em><strong><em><strong><em><strong><em><strong><em><strong><em><strong><em><strong><em><strong><em><strong><em><strong><em><strong><em><strong><em><strong><em><strong><em><strong><em><strong><em><strong><em><strong><em><strong><em><strong><em><strong><em><strong><em><strong><em><strong><em><strong><em><strong><em><strong><em><strong><em><strong><em><strong><em><strong><em><strong><em><strong><em><strong><em><strong><em><strong><em><strong><em><strong><em><strong><em><strong><em><strong><em><strong><em><strong><em><strong><em><strong><em><strong><em><strong><em><strong><em><strong><em><strong><em><strong><em><strong><em><strong><em><strong><em><strong><em><strong><em><strong><em><strong><em><strong><em><strong><em><strong><em><strong><em><strong><em><strong><em><strong><em><strong><em><strong><em><strong><em><strong><em><strong><em><strong><em><strong><em><strong><em><strong><em><strong><em><strong><em><strong><em><strong><em><strong><em><strong><em><strong><em><strong><em><strong><em><strong><em><strong><em><strong><em><strong><em><strong><em><strong><em><strong><em><strong><em><strong><em><strong><em><strong><em><strong><em><strong><em><strong><em><strong><em><strong><em><strong><em><strong><em><strong><em><strong><em><strong><em><strong><em><strong><em><strong><em><strong><em><strong><em><strong><em><strong><em><strong><em><strong><em><strong><em><strong><em><strong><em><strong><em><strong><em><strong><em><strong><em><strong><em><strong><em><strong><em><strong><em><strong><em><strong><em><strong><em><strong><em><strong><em><strong><em><strong><em><strong><em><strong><em><strong><em><strong><em><strong><em><strong><em><strong><em><strong><em><strong><em><strong><em><strong><em><strong><em><strong><em><strong><em><strong><em><strong><em><strong><em><strong><em><strong><em><strong><em><strong><em><strong><em><strong><em><strong><em><strong>Siga nossas redes sociais e\u00a0participe da nossa comunidade do Canal de noticias do Roni Paparazzi no Whatsapp e receba as principais not\u00edcias da regi\u00e3o de Ara\u00e7atuba do dia direto no seu celular siga nosso \u00a0<a href=\"https:\/\/www.instagram.com\/ronipaparazzi\/\">Instagram e\u00a0<\/a><a href=\"https:\/\/www.facebook.com\/ronipaparazzicomvoce\">Facebook<\/a><a href=\"https:\/\/chat.whatsapp.com\/GsG1XKo0jPOEfjzudWQcml\" target=\"_blank\" rel=\"noreferrer noopener\">\u00a0Clique aqui e se inscreva.<\/a><\/strong><\/em><\/strong><\/em><\/strong><\/em><\/strong><\/em><\/strong><\/em><\/strong><\/em><\/strong><\/em><\/strong><\/em><\/strong><\/em><\/strong><\/em><\/strong><\/em><\/strong><\/em><\/strong><\/em><\/strong><\/em><\/strong><\/em><\/strong><\/em><\/strong><\/em><\/strong><\/em><\/strong><\/em><\/strong><\/em><\/strong><\/em><\/strong><\/em><\/strong><\/em><\/strong><\/em><\/strong><\/em><\/strong><\/em><\/strong><\/em><\/strong><\/em><\/strong><\/em><\/strong><\/em><\/strong><\/em><\/strong><\/em><\/strong><\/em><\/strong><\/em><\/strong><\/em><\/strong><\/em><\/strong><\/em><\/strong><\/em><\/strong><\/em><\/strong><\/em><\/strong><\/em><\/strong><\/em><\/strong><\/em><\/strong><\/em><\/strong><\/em><\/strong><\/em><\/strong><\/em><\/strong><\/em><\/strong><\/em><\/strong><\/em><\/strong><\/em><\/strong><\/em><\/strong><\/em><\/strong><\/em><\/strong><\/em><\/strong><\/em><\/strong><\/em><\/strong><\/em><\/strong><\/em><\/strong><\/em><\/strong><\/em><\/strong><\/em><\/strong><\/em><\/strong><\/em><\/strong><\/em><\/strong><\/em><\/strong><\/em><\/strong><\/em><\/strong><\/em><\/strong><\/em><\/strong><\/em><\/strong><\/em><\/strong><\/em><\/strong><\/em><\/strong><\/em><\/strong><\/em><\/strong><\/em><\/strong><\/em><\/strong><\/em><\/strong><\/em><\/strong><\/em><\/strong><\/em><\/strong><\/em><\/strong><\/em><\/strong><\/em><\/strong><\/em><\/strong><\/em><\/strong><\/em><\/strong><\/em><\/strong><\/em><\/strong><\/em><\/strong><\/em><\/strong><\/em><\/strong><\/em><\/strong><\/em><\/strong><\/em><\/strong><\/em><\/strong><\/em><\/strong><\/em><\/strong><\/em><\/strong><\/em><\/strong><\/em><\/strong><\/em><\/strong><\/em><\/strong><\/em><\/strong><\/em><\/strong><\/em><\/strong><\/em><\/strong><\/em><\/strong><\/em><\/strong><\/em><\/strong><\/em><\/strong><\/em><\/strong><\/em><\/strong><\/em><\/strong><\/em><\/strong><\/em><\/strong><\/em><\/strong><\/em><\/strong><\/em><\/strong><\/em><\/strong><\/em><\/strong><\/em><\/strong><\/em><\/strong><\/em><\/strong><\/em><\/strong><\/em><\/strong><\/em><\/strong><\/em><\/strong><\/em><\/strong><\/em><\/strong><\/em><\/strong><\/em><\/strong><\/em><\/strong><\/em><\/strong><\/em><\/strong><\/em><\/strong><\/em><\/strong><\/em><\/strong><\/em><\/strong><\/em><\/strong><\/em><\/strong><\/em><\/strong><\/em><\/strong><\/em><\/strong><\/em><\/strong><\/em><\/strong><\/em><\/strong><\/em><\/strong><\/em><\/strong><\/em><\/strong><\/em><\/strong><\/em><\/strong><\/em><\/strong><\/em><\/strong><\/em><\/strong><\/em><\/strong><\/em><\/strong><\/em><\/strong><\/em><\/strong><\/em><\/strong><\/em><\/strong><\/em><\/strong><\/em><\/strong><\/em><\/strong><\/em><\/strong><\/em><\/strong><\/em><\/strong><\/em><\/strong><\/em><\/strong><\/em><\/strong><\/em><\/strong><\/em><\/strong><\/em><\/strong><\/em><\/strong><\/em><\/strong><\/em><\/strong><\/em><\/strong><\/em><\/strong><\/em><\/strong><\/em><\/strong><\/em><\/strong><\/em><\/strong><\/em><\/strong><\/em><\/strong><\/em><\/strong><\/em><\/strong><\/em><\/strong><\/em><\/strong><\/em><\/strong><\/em><\/strong><\/em><\/strong><\/em><\/strong><\/em><\/strong><\/em><\/strong><\/em><\/strong><\/em><\/strong><\/em><\/strong><\/em><\/strong><\/em><\/strong><\/em><\/strong><\/em><\/strong><\/em><\/strong><\/em><\/strong><\/em><\/strong><\/em><\/strong><\/em><\/strong><\/em><\/strong><\/em><\/strong><\/em><\/strong><\/em><\/strong><\/em><\/strong><\/em><\/strong><\/em><\/strong><\/em><\/strong><\/em><\/strong><\/em><\/strong><\/em><\/strong><\/em><\/strong><\/em><\/strong><\/em><\/strong><\/em><\/strong><\/em><\/strong><\/em><\/strong><\/em><\/strong><\/em><\/strong><\/em><\/strong><\/em><\/strong><\/em><\/strong><\/em><\/strong><\/em><\/strong><\/em><\/strong><\/em><\/strong><\/em><\/strong><\/em><\/strong><\/em><\/strong><\/em><\/strong><\/em><\/strong><\/em><\/strong><\/em><\/strong><\/em><\/strong><\/em><\/strong><\/em><\/strong><\/em><\/strong><\/em><\/strong><\/em><\/strong><\/em><\/strong><\/em><\/strong><\/em><\/strong><\/em><\/strong><\/p>\n","protected":false},"excerpt":{"rendered":"<p>Neste m\u00eas de mar\u00e7o, a import\u00e2ncia da \u00e1gua est\u00e1 em evid\u00eancia na imprensa mundial devido a diversas a\u00e7\u00f5es que est\u00e3o acontecendo ao redor do mundo, em celebra\u00e7\u00e3o ao Dia Mundial da \u00c1gua (22\/03). Esta importante data foi criada em 1993 pela Organiza\u00e7\u00e3o das Na\u00e7\u00f5es Unidas &#8211; ONU com a finalidade de alertar sobre a necessidade &hellip;<\/p>\n","protected":false},"author":1,"featured_media":17218,"comment_status":"open","ping_status":"open","sticky":false,"template":"","format":"standard","meta":{"_jetpack_memberships_contains_paid_content":false,"footnotes":"","jetpack_publicize_message":"","jetpack_publicize_feature_enabled":true,"jetpack_social_post_already_shared":false,"jetpack_social_options":{"image_generator_settings":{"template":"highway","default_image_id":0,"enabled":false},"version":2}},"categories":[4],"tags":[],"class_list":["post-17217","post","type-post","status-publish","format-standard","has-post-thumbnail","hentry","category-regiao"],"jetpack_publicize_connections":[],"jetpack_featured_media_url":"https:\/\/i0.wp.com\/www.paparazzinews.com.br\/wp-content\/uploads\/2025\/03\/406c1f20-0d50-4007-9488-d57a7915cb34-e1742929547408.jpeg?fit=1000%2C667&ssl=1","views":"666","jetpack_likes_enabled":true,"jetpack_sharing_enabled":true,"_links":{"self":[{"href":"https:\/\/www.paparazzinews.com.br\/index.php?rest_route=\/wp\/v2\/posts\/17217","targetHints":{"allow":["GET"]}}],"collection":[{"href":"https:\/\/www.paparazzinews.com.br\/index.php?rest_route=\/wp\/v2\/posts"}],"about":[{"href":"https:\/\/www.paparazzinews.com.br\/index.php?rest_route=\/wp\/v2\/types\/post"}],"author":[{"embeddable":true,"href":"https:\/\/www.paparazzinews.com.br\/index.php?rest_route=\/wp\/v2\/users\/1"}],"replies":[{"embeddable":true,"href":"https:\/\/www.paparazzinews.com.br\/index.php?rest_route=%2Fwp%2Fv2%2Fcomments&post=17217"}],"version-history":[{"count":1,"href":"https:\/\/www.paparazzinews.com.br\/index.php?rest_route=\/wp\/v2\/posts\/17217\/revisions"}],"predecessor-version":[{"id":17219,"href":"https:\/\/www.paparazzinews.com.br\/index.php?rest_route=\/wp\/v2\/posts\/17217\/revisions\/17219"}],"wp:featuredmedia":[{"embeddable":true,"href":"https:\/\/www.paparazzinews.com.br\/index.php?rest_route=\/wp\/v2\/media\/17218"}],"wp:attachment":[{"href":"https:\/\/www.paparazzinews.com.br\/index.php?rest_route=%2Fwp%2Fv2%2Fmedia&parent=17217"}],"wp:term":[{"taxonomy":"category","embeddable":true,"href":"https:\/\/www.paparazzinews.com.br\/index.php?rest_route=%2Fwp%2Fv2%2Fcategories&post=17217"},{"taxonomy":"post_tag","embeddable":true,"href":"https:\/\/www.paparazzinews.com.br\/index.php?rest_route=%2Fwp%2Fv2%2Ftags&post=17217"}],"curies":[{"name":"wp","href":"https:\/\/api.w.org\/{rel}","templated":true}]}}