{"id":17149,"date":"2025-03-21T13:15:43","date_gmt":"2025-03-21T16:15:43","guid":{"rendered":"https:\/\/www.paparazzinews.com.br\/?p=17149"},"modified":"2025-03-21T13:15:44","modified_gmt":"2025-03-21T16:15:44","slug":"audiencia-e-marcada-para-caso-de-concurso-fraudado-em-castilho-joni-buzachero-pode-ser-condenado","status":"publish","type":"post","link":"https:\/\/www.paparazzinews.com.br\/?p=17149","title":{"rendered":"Audi\u00eancia \u00e9 marcada para caso de Concurso Fraudado em Castilho: Joni Buzachero pode ser condenado"},"content":{"rendered":"\n<p>Ap\u00f3s 11 anos da suposta realiza\u00e7\u00e3o da fraude no Concurso P\u00fablico 01\/14 da Prefeitura de Castilho, pode estar chegando a um desfecho. Isso por que est\u00e1 marcado para o dia 16 de abril \u00e0s 15h, no F\u00f3rum de Andradina, a instru\u00e7\u00e3o e julgamento da a\u00e7\u00e3o civil p\u00fablica. Joni Marcos Buzachero, prefeito \u00e0 \u00e9poca dos fatos e r\u00e9u na a\u00e7\u00e3o, durante o curso do processo pediu a prescri\u00e7\u00e3o punitiva, por\u00e9m foi indeferido. A informa\u00e7\u00e3o \u00e9 do O FOCO e Foto: Roni Paparazzi.<\/p>\n\n\n\n<figure class=\"wp-block-image\"><img data-recalc-dims=\"1\" decoding=\"async\" src=\"https:\/\/i0.wp.com\/ofoco.net.br\/wp-content\/uploads\/2025\/03\/image-261.png?w=708\" alt=\"\" class=\"wp-image-46207\"\/><\/figure>\n\n\n\n<p>\u201cAssim, o novo regime prescricional (que inclui a prescri\u00e7\u00e3o intercorrente) \u00e9 sim aplic\u00e1vel a situa\u00e7\u00f5es anteriores, por\u00e9m apenas a partir da publica\u00e7\u00e3o da nova Lei. Isso significa dizer que a prescri\u00e7\u00e3o intercorrente prevista no art. 23, \u00a7 5\u00bada LIA e que considera o prazo de 04 anos (metade de 08 anos) tem por marco inicial apenas a data da publica\u00e7\u00e3o da nova Lei e n\u00e3o os supostos marcos interruptivos anteriores (como por exemplo o ajuizamento da a\u00e7\u00e3o). A Lei 14.230\/21 foi publicada em 25\/10\/2021, portanto n\u00e3o h\u00e1 que se falar em prescri\u00e7\u00e3o intercorrente, pois at\u00e9 a presente data n\u00e3o decorreu o prazo de 04 anos\u201d \u2013 argumentou o juiz Mateus Moreira Siketo, da Comarca de Andradina.<\/p>\n\n\n\n<figure class=\"wp-block-image\"><img data-recalc-dims=\"1\" decoding=\"async\" src=\"https:\/\/i0.wp.com\/ofoco.net.br\/wp-content\/uploads\/2025\/03\/image-258.png?w=708\" alt=\"\" class=\"wp-image-46204\"\/><\/figure>\n\n\n\n<p>Al\u00e9m do ex-prefeito de Castilho, tamb\u00e9m figuram como r\u00e9us a empresa Persona Capacita\u00e7\u00e3o Assessoria e Consultoria Eireli, contratada para aplica\u00e7\u00e3o do concurso e sua propriet\u00e1ria. Marta Silene Zuim Colassiol, representante lagal da empresa, chegou a cumprir mais de 2 anos de reclus\u00e3o em a\u00e7\u00e3o que tramitou na 3\u00aa Vara Criminal de Ribeir\u00e3o Preto. Nesta a\u00e7\u00e3o, Marta Colassional recebeu a pena de 8 anos e 1 m\u00eas de reclus\u00e3o eo pagamento de 34 dias multa.<\/p>\n\n\n\n<figure class=\"wp-block-image\"><img data-recalc-dims=\"1\" decoding=\"async\" src=\"https:\/\/i0.wp.com\/ofoco.net.br\/wp-content\/uploads\/2025\/03\/image-259.png?w=708\" alt=\"\" class=\"wp-image-46205\"\/><\/figure>\n\n\n\n<p>No processo 1003727-68.2019.8.26.0297, que tramitou na 3\u00aa Vara de Jales, 23 pessoas f\u00edsicas e jur\u00eddicas foram condenadas ao ressarcimento em favor do Munic\u00edpio de Mes\u00f3polis e multa, al\u00e9m da perda de cargo p\u00fablico, proibi\u00e7\u00e3o de contratar com o poder p\u00fablico ou receber benef\u00edcios ou incentivos fiscais ou credit\u00edcios, direta ou indiretamente, ainda que por interm\u00e9dio de pessoa jur\u00eddica da qual seja s\u00f3cio majorit\u00e1rio, por 5 anos e suspens\u00e3o dos direitos pol\u00edticos por 8 anos.<\/p>\n\n\n\n<figure class=\"wp-block-image\"><img data-recalc-dims=\"1\" decoding=\"async\" src=\"https:\/\/i0.wp.com\/ofoco.net.br\/wp-content\/uploads\/2025\/03\/image-257.png?w=708\" alt=\"\" class=\"wp-image-46203\"\/><\/figure>\n\n\n\n<p>Em Castilho, embora a responsabilidade dos envolvidos pelo ato de improbidade administrativa seja julgado em abril, diversos servidores p\u00fablicos aprovados no concurso de 2014, foram exonerados por determina\u00e7\u00e3o da justi\u00e7a por suposto benef\u00edcio na fraude. No julgamento de 16 de abril, ser\u00e3o ouvidas testemunhas e os r\u00e9us na a\u00e7\u00e3o. O julgamento ser\u00e1 de forma virtual, por videoconfer\u00eancia.<\/p>\n\n\n\n<p><strong><em><strong><em><strong><em><strong><em><strong><em><strong><em><strong><em><strong><em><strong><em><strong><em><strong><em><strong><em><strong><em><strong><em><strong><em><strong><em><strong><em><strong><em><strong><em><strong><em><strong><em><strong><em><strong><em><strong><em><strong><em><strong><em><strong><em><strong><em><strong><em><strong><em><strong><em><strong><em><strong><em><strong><em><strong><em><strong><em><strong><em><strong><em><strong><em><strong><em><strong><em><strong><em><strong><em><strong><em><strong><em><strong><em><strong><em><strong><em><strong><em><strong><em><strong><em><strong><em><strong><em><strong><em><strong><em><strong><em><strong><em><strong><em><strong><em><strong><em><strong><em><strong><em><strong><em><strong><em><strong><em><strong><em><strong><em><strong><em><strong><em><strong><em><strong><em><strong><em><strong><em><strong><em><strong><em><strong><em><strong><em><strong><em><strong><em><strong><em><strong><em><strong><em><strong><em><strong><em><strong><em><strong><em><strong><em><strong><em><strong><em><strong><em><strong><em><strong><em><strong><em><strong><em><strong><em><strong><em><strong><em><strong><em><strong><em><strong><em><strong><em><strong><em><strong><em><strong><em><strong><em><strong><em><strong><em><strong><em><strong><em><strong><em><strong><em><strong><em><strong><em><strong><em><strong><em><strong><em><strong><em><strong><em><strong><em><strong><em><strong><em><strong><em><strong><em><strong><em><strong><em><strong><em><strong><em><strong><em><strong><em><strong><em><strong><em><strong><em><strong><em><strong><em><strong><em><strong><em><strong><em><strong><em><strong><em><strong><em><strong><em><strong><em><strong><em><strong><em><strong><em><strong><em><strong><em><strong><em><strong><em><strong><em><strong><em><strong><em><strong><em><strong><em><strong><em><strong><em><strong><em><strong><em><strong><em><strong><em><strong><em><strong><em><strong><em><strong><em><strong><em><strong><em><strong><em><strong><em><strong><em><strong><em><strong><em><strong><em><strong><em><strong><em><strong><em><strong><em><strong><em><strong><em><strong><em><strong><em><strong><em><strong><em><strong><em><strong><em><strong><em><strong><em><strong><em><strong><em><strong><em><strong><em><strong><em><strong><em><strong><em><strong><em><strong><em><strong><em><strong><em><strong><em><strong><em><strong><em><strong><em><strong><em><strong><em><strong><em><strong><em><strong><em><strong><em><strong><em><strong><em><strong><em><strong><em><strong><em><strong><em><strong><em><strong><em><strong><em><strong><em><strong><em><strong><em><strong><em><strong><em><strong><em><strong><em><strong><em><strong><em><strong><em><strong><em><strong><em><strong><em><strong><em><strong><em><strong><em><strong><em><strong><em><strong><em><strong><em><strong><em><strong><em><strong><em><strong><em><strong><em><strong><em><strong><em><strong><em><strong><em><strong><em><strong><em><strong><em><strong><em><strong><em><strong>Siga nossas redes sociais e\u00a0participe da nossa comunidade do Canal de noticias do Roni Paparazzi no Whatsapp e receba as principais not\u00edcias da regi\u00e3o de Ara\u00e7atuba do dia direto no seu celular siga nosso \u00a0<a href=\"https:\/\/www.instagram.com\/ronipaparazzi\/\">Instagram e\u00a0<\/a><a href=\"https:\/\/www.facebook.com\/ronipaparazzicomvoce\">Facebook<\/a><a href=\"https:\/\/chat.whatsapp.com\/GsG1XKo0jPOEfjzudWQcml\" target=\"_blank\" rel=\"noreferrer noopener\">\u00a0Clique aqui e se inscreva.<\/a><\/strong><\/em><\/strong><\/em><\/strong><\/em><\/strong><\/em><\/strong><\/em><\/strong><\/em><\/strong><\/em><\/strong><\/em><\/strong><\/em><\/strong><\/em><\/strong><\/em><\/strong><\/em><\/strong><\/em><\/strong><\/em><\/strong><\/em><\/strong><\/em><\/strong><\/em><\/strong><\/em><\/strong><\/em><\/strong><\/em><\/strong><\/em><\/strong><\/em><\/strong><\/em><\/strong><\/em><\/strong><\/em><\/strong><\/em><\/strong><\/em><\/strong><\/em><\/strong><\/em><\/strong><\/em><\/strong><\/em><\/strong><\/em><\/strong><\/em><\/strong><\/em><\/strong><\/em><\/strong><\/em><\/strong><\/em><\/strong><\/em><\/strong><\/em><\/strong><\/em><\/strong><\/em><\/strong><\/em><\/strong><\/em><\/strong><\/em><\/strong><\/em><\/strong><\/em><\/strong><\/em><\/strong><\/em><\/strong><\/em><\/strong><\/em><\/strong><\/em><\/strong><\/em><\/strong><\/em><\/strong><\/em><\/strong><\/em><\/strong><\/em><\/strong><\/em><\/strong><\/em><\/strong><\/em><\/strong><\/em><\/strong><\/em><\/strong><\/em><\/strong><\/em><\/strong><\/em><\/strong><\/em><\/strong><\/em><\/strong><\/em><\/strong><\/em><\/strong><\/em><\/strong><\/em><\/strong><\/em><\/strong><\/em><\/strong><\/em><\/strong><\/em><\/strong><\/em><\/strong><\/em><\/strong><\/em><\/strong><\/em><\/strong><\/em><\/strong><\/em><\/strong><\/em><\/strong><\/em><\/strong><\/em><\/strong><\/em><\/strong><\/em><\/strong><\/em><\/strong><\/em><\/strong><\/em><\/strong><\/em><\/strong><\/em><\/strong><\/em><\/strong><\/em><\/strong><\/em><\/strong><\/em><\/strong><\/em><\/strong><\/em><\/strong><\/em><\/strong><\/em><\/strong><\/em><\/strong><\/em><\/strong><\/em><\/strong><\/em><\/strong><\/em><\/strong><\/em><\/strong><\/em><\/strong><\/em><\/strong><\/em><\/strong><\/em><\/strong><\/em><\/strong><\/em><\/strong><\/em><\/strong><\/em><\/strong><\/em><\/strong><\/em><\/strong><\/em><\/strong><\/em><\/strong><\/em><\/strong><\/em><\/strong><\/em><\/strong><\/em><\/strong><\/em><\/strong><\/em><\/strong><\/em><\/strong><\/em><\/strong><\/em><\/strong><\/em><\/strong><\/em><\/strong><\/em><\/strong><\/em><\/strong><\/em><\/strong><\/em><\/strong><\/em><\/strong><\/em><\/strong><\/em><\/strong><\/em><\/strong><\/em><\/strong><\/em><\/strong><\/em><\/strong><\/em><\/strong><\/em><\/strong><\/em><\/strong><\/em><\/strong><\/em><\/strong><\/em><\/strong><\/em><\/strong><\/em><\/strong><\/em><\/strong><\/em><\/strong><\/em><\/strong><\/em><\/strong><\/em><\/strong><\/em><\/strong><\/em><\/strong><\/em><\/strong><\/em><\/strong><\/em><\/strong><\/em><\/strong><\/em><\/strong><\/em><\/strong><\/em><\/strong><\/em><\/strong><\/em><\/strong><\/em><\/strong><\/em><\/strong><\/em><\/strong><\/em><\/strong><\/em><\/strong><\/em><\/strong><\/em><\/strong><\/em><\/strong><\/em><\/strong><\/em><\/strong><\/em><\/strong><\/em><\/strong><\/em><\/strong><\/em><\/strong><\/em><\/strong><\/em><\/strong><\/em><\/strong><\/em><\/strong><\/em><\/strong><\/em><\/strong><\/em><\/strong><\/em><\/strong><\/em><\/strong><\/em><\/strong><\/em><\/strong><\/em><\/strong><\/em><\/strong><\/em><\/strong><\/em><\/strong><\/em><\/strong><\/em><\/strong><\/em><\/strong><\/em><\/strong><\/em><\/strong><\/em><\/strong><\/em><\/strong><\/em><\/strong><\/em><\/strong><\/em><\/strong><\/em><\/strong><\/em><\/strong><\/em><\/strong><\/em><\/strong><\/em><\/strong><\/em><\/strong><\/em><\/strong><\/em><\/strong><\/em><\/strong><\/em><\/strong><\/em><\/strong><\/em><\/strong><\/em><\/strong><\/em><\/strong><\/em><\/strong><\/em><\/strong><\/em><\/strong><\/em><\/strong><\/em><\/strong><\/em><\/strong><\/em><\/strong><\/em><\/strong><\/em><\/strong><\/em><\/strong><\/em><\/strong><\/em><\/strong><\/em><\/strong><\/em><\/strong><\/em><\/strong><\/em><\/strong><\/em><\/strong><\/em><\/strong><\/em><\/strong><\/em><\/strong><\/em><\/strong><\/em><\/strong><\/em><\/strong><\/em><\/strong><\/em><\/strong><\/em><\/strong><\/em><\/strong><\/em><\/strong><\/em><\/strong><\/em><\/strong><\/em><\/strong><\/em><\/strong><\/em><\/strong><\/em><\/strong><\/em><\/strong><\/p>\n","protected":false},"excerpt":{"rendered":"<p>Ap\u00f3s 11 anos da suposta realiza\u00e7\u00e3o da fraude no Concurso P\u00fablico 01\/14 da Prefeitura de Castilho, pode estar chegando a um desfecho. Isso por que est\u00e1 marcado para o dia 16 de abril \u00e0s 15h, no F\u00f3rum de Andradina, a instru\u00e7\u00e3o e julgamento da a\u00e7\u00e3o civil p\u00fablica. Joni Marcos Buzachero, prefeito \u00e0 \u00e9poca dos fatos &hellip;<\/p>\n","protected":false},"author":1,"featured_media":17150,"comment_status":"open","ping_status":"open","sticky":false,"template":"","format":"standard","meta":{"_jetpack_memberships_contains_paid_content":false,"footnotes":"","jetpack_publicize_message":"","jetpack_publicize_feature_enabled":true,"jetpack_social_post_already_shared":false,"jetpack_social_options":{"image_generator_settings":{"template":"highway","default_image_id":0,"enabled":false},"version":2}},"categories":[3],"tags":[],"class_list":["post-17149","post","type-post","status-publish","format-standard","has-post-thumbnail","hentry","category-policial"],"jetpack_publicize_connections":[],"jetpack_featured_media_url":"https:\/\/i0.wp.com\/www.paparazzinews.com.br\/wp-content\/uploads\/2025\/03\/IMG_6894.jpg?fit=1024%2C683&ssl=1","views":"1422","jetpack_likes_enabled":true,"jetpack_sharing_enabled":true,"_links":{"self":[{"href":"https:\/\/www.paparazzinews.com.br\/index.php?rest_route=\/wp\/v2\/posts\/17149","targetHints":{"allow":["GET"]}}],"collection":[{"href":"https:\/\/www.paparazzinews.com.br\/index.php?rest_route=\/wp\/v2\/posts"}],"about":[{"href":"https:\/\/www.paparazzinews.com.br\/index.php?rest_route=\/wp\/v2\/types\/post"}],"author":[{"embeddable":true,"href":"https:\/\/www.paparazzinews.com.br\/index.php?rest_route=\/wp\/v2\/users\/1"}],"replies":[{"embeddable":true,"href":"https:\/\/www.paparazzinews.com.br\/index.php?rest_route=%2Fwp%2Fv2%2Fcomments&post=17149"}],"version-history":[{"count":1,"href":"https:\/\/www.paparazzinews.com.br\/index.php?rest_route=\/wp\/v2\/posts\/17149\/revisions"}],"predecessor-version":[{"id":17151,"href":"https:\/\/www.paparazzinews.com.br\/index.php?rest_route=\/wp\/v2\/posts\/17149\/revisions\/17151"}],"wp:featuredmedia":[{"embeddable":true,"href":"https:\/\/www.paparazzinews.com.br\/index.php?rest_route=\/wp\/v2\/media\/17150"}],"wp:attachment":[{"href":"https:\/\/www.paparazzinews.com.br\/index.php?rest_route=%2Fwp%2Fv2%2Fmedia&parent=17149"}],"wp:term":[{"taxonomy":"category","embeddable":true,"href":"https:\/\/www.paparazzinews.com.br\/index.php?rest_route=%2Fwp%2Fv2%2Fcategories&post=17149"},{"taxonomy":"post_tag","embeddable":true,"href":"https:\/\/www.paparazzinews.com.br\/index.php?rest_route=%2Fwp%2Fv2%2Ftags&post=17149"}],"curies":[{"name":"wp","href":"https:\/\/api.w.org\/{rel}","templated":true}]}}