{"id":17043,"date":"2025-03-17T17:02:29","date_gmt":"2025-03-17T20:02:29","guid":{"rendered":"https:\/\/www.paparazzinews.com.br\/?p=17043"},"modified":"2025-03-17T17:02:30","modified_gmt":"2025-03-17T20:02:30","slug":"inscricoes-para-o-vestibular-univesp-2025-ultimas-oportunidades","status":"publish","type":"post","link":"https:\/\/www.paparazzinews.com.br\/?p=17043","title":{"rendered":"Inscri\u00e7\u00f5es para o Vestibular Univesp 2025: \u00daltimas Oportunidades!"},"content":{"rendered":"\n<p>As inscri\u00e7\u00f5es para o Vestibular 2025 da Universidade Virtual do Estado de S\u00e3o Paulo (Univesp), v\u00e3o at\u00e9 07\/04, \u00e0s 23h59, e devem ser feitas pelo site:\u00a0<em>vestibular.univesp.br<\/em>\u00a0.No total, s\u00e3o ofertadas 22.935 vagas,\u00a0<a href=\"https:\/\/univesp.br\/sites\/58f6506869226e9479d38201\/assets\/679c369d7c1bd134141d34be\/Vestibular_2025_planilha_vagas__1_.pdf\" target=\"_blank\" rel=\"noreferrer noopener\">destinadas a 432 polos, de 373 munic\u00edpios (capital, interior e litoral)<\/a>. S\u00e3o oferecidos nove cursos gratuitos: Letras, Matem\u00e1tica e Pedagogia (Eixo de Licenciatura), Ci\u00eancia de Dados, Engenharia de Computa\u00e7\u00e3o e Tecnologia da Informa\u00e7\u00e3o (Eixo de Computa\u00e7\u00e3o), e Administra\u00e7\u00e3o, Engenharia de Produ\u00e7\u00e3o e Tecnologia em Processos Gerenciais (Eixo de Neg\u00f3cios e Produ\u00e7\u00e3o). A informa\u00e7\u00e3o \u00e9 da Ag\u00eancia SP e Foto: Divulga\u00e7\u00e3o\/Governo de SP.<\/p>\n\n\n\n<p>A prova (objetiva e reda\u00e7\u00e3o) ocorrer\u00e1 no dia 18\/05, \u00e0s 13h, e os locais oficiais ser\u00e3o divulgados no dia 09\/05, a partir das 10h. O in\u00edcio das aulas est\u00e1 previsto para o final de julho de 2025. Neste ano, a Univesp ofertou ainda 2.631 vagas para o Prov\u00e3o Paulista. Os aprovados tamb\u00e9m ingressam em julho.&nbsp;<\/p>\n\n\n\n<p>O custo da inscri\u00e7\u00e3o \u00e9 de R$ 47,50. Para participar, n\u00e3o h\u00e1 limite de idade, basta ter conclu\u00eddo o ensino m\u00e9dio ou com o t\u00e9rmino previsto at\u00e9 o per\u00edodo da matr\u00edcula. No preenchimento da ficha de inscri\u00e7\u00e3o, os candidatos devem cumprir todas as etapas previstas, responder o question\u00e1rio socioecon\u00f4mico, indicar o CPF e seus dados pessoais. Tamb\u00e9m ser\u00e1 poss\u00edvel, caso queiram, fornecer os n\u00fameros de inscri\u00e7\u00e3o do Exame Nacional do Ensino M\u00e9dio (Enem), de 2022, 2023 e 2024, para que os resultados sejam considerados na prova objetiva e integrados \u00e0 nota final. No vestibular, tamb\u00e9m haver\u00e1 o Sistema de Pontua\u00e7\u00e3o Acrescida para Pretos, Pardos e \u00cdndios (PPI) e para alunos que estudaram o Ensino M\u00e9dio em escolas p\u00fablicas.<\/p>\n\n\n\n<p>O candidato poder\u00e1 obter confirma\u00e7\u00e3o do pagamento e a efetiva\u00e7\u00e3o de sua inscri\u00e7\u00e3o, no portal&nbsp;<a href=\"http:\/\/vestibular.univesp.br\/\" target=\"_blank\" rel=\"noreferrer noopener\">vestibular.univesp.br<\/a>&nbsp;na \u201c\u00c1rea do Candidato\u201d, ap\u00f3s cinco dias \u00fateis. Para qualquer outra informa\u00e7\u00e3o ou d\u00favidas, dever\u00e1 contatar a central de atendimento ao candidato da Vunesp, via chat online, mensagens para o Fale Conosco do site vestibular.univesp.br ou, ainda, pelo telefone (11) 3874-6300 em dias \u00fateis, das 08h \u00e0s 18h.<\/p>\n\n\n\n<p>O gabarito oficial ser\u00e1 divulgado em 19\/05, a partir das 15h, no site do vestibular. A publica\u00e7\u00e3o oficial do resultado e a primeira chamada ocorrer\u00e1 em 24\/06, a partir das 15h.<\/p>\n\n\n\n<h2 class=\"wp-block-heading\"><strong>Cursos<\/strong><\/h2>\n\n\n\n<p>No Eixo de Computa\u00e7\u00e3o, os cursos s\u00e3o de Bacharelado em Tecnologia da Informa\u00e7\u00e3o \u2013 BTI (dura\u00e7\u00e3o de tr\u00eas anos), Bacharelado em Ci\u00eancia de Dados (quatro anos) ou Bacharelado em Engenharia de Computa\u00e7\u00e3o (cinco anos). At\u00e9 um ano e meio o ciclo \u00e9 b\u00e1sico, com a possibilidade de migra\u00e7\u00e3o entre um dos tr\u00eas cursos. J\u00e1 os ingressantes nas Licenciaturas, cursar\u00e3o um ano de ciclo b\u00e1sico, com op\u00e7\u00e3o de mudan\u00e7a na habilita\u00e7\u00e3o a partir do segundo ano em Letras, Matem\u00e1tica ou Pedagogia (todos com quatro anos de dura\u00e7\u00e3o). Os que optarem pelo Eixo de Neg\u00f3cios e Produ\u00e7\u00e3o ir\u00e3o cursar um ano b\u00e1sico e, no segundo, far\u00e3o a op\u00e7\u00e3o definitiva entre Tecnologia em Processos Gerenciais (tr\u00eas anos), Bacharelado em Administra\u00e7\u00e3o (quatro anos) ou Bacharelado em Engenharia de Produ\u00e7\u00e3o (cinco anos).<\/p>\n\n\n\n<p>De acordo com o presidente da Univesp, professor Marcos Borges, o modelo de ingresso garante ao discente mais flexibilidade para a escolha, melhor entendimento do itiner\u00e1rio formativo, al\u00e9m da integra\u00e7\u00e3o com graduandos de outras habilita\u00e7\u00f5es, o que contribui para sua forma\u00e7\u00e3o e no desenvolvimento de projetos integradores. \u201cDurante o ciclo b\u00e1sico o estudante pode encontrar habilidades em outro curso do eixo e migrar facilmente. Vale destacar, que nossas atividades s\u00e3o direcionadas para apoiar o aluno em seu processo de forma\u00e7\u00e3o, garantir a qualidade e preparar o profissional para o mercado de trabalho\u201d, afirma.<\/p>\n\n\n\n<p>Os cursos, totalmente gratuitos, s\u00e3o realizados em Ambiente Virtual de Aprendizagem (AVA), plataforma on-line na qual os estudantes desenvolvem atividades acad\u00eamicas, que incluem assistir a videoaulas, acessar material did\u00e1tico, bibliotecas digitais e tirar d\u00favidas do conte\u00fado com facilitadores. J\u00e1 os polos, s\u00e3o espa\u00e7os f\u00edsicos onde os alunos contam com infraestrutura (computadores, impressoras e acesso \u00e0 internet) e realizam atividades, como provas e discuss\u00f5es em grupo. No local, tamb\u00e9m podem ser solicitados servi\u00e7os de secretaria acad\u00eamica e esclarecimento de d\u00favidas. Todas as videoaulas tamb\u00e9m podem ser acessadas pelo canal do YouTube:&nbsp;<a href=\"https:\/\/www.youtube.com\/user\/univesptv\" target=\"_blank\" rel=\"noreferrer noopener\">https:\/\/www.youtube.com\/user\/univesptv<\/a>&nbsp;.<\/p>\n\n\n\n<p><strong>Saiba mais sobre os cursos<\/strong>:&nbsp;<strong><a href=\"http:\/\/univesp.br\/cursos\" target=\"_blank\" rel=\"noreferrer noopener\">univesp.br\/cursos<\/a><\/strong>.<\/p>\n\n\n\n<h2 class=\"wp-block-heading\"><strong>Cronograma do Vestibular 2025<\/strong><\/h2>\n\n\n\n<figure class=\"wp-block-table\"><table class=\"has-fixed-layout\"><tbody><tr><td><strong><em><br><\/em><\/strong><strong><em>Datas<\/em><\/strong><strong><em><\/em><\/strong><\/td><td><strong><em>Etapa<\/em><\/strong><em><\/em><\/td><\/tr><tr><td><strong><em>At\u00e9 as 23h59 de 07\/04\/2025<\/em><\/strong><\/td><td>Inscri\u00e7\u00e3o para o Processo Seletivo Vestibular<\/td><\/tr><tr><td><strong><em>09\/05\/2025 a partir das 10h<\/em><\/strong><\/td><td>Publica\u00e7\u00e3o oficial dos locais de prova e Convoca\u00e7\u00e3o para a Prova<\/td><\/tr><tr><td><strong><em>18\/05\/2025, \u00e0s 13h<\/em><\/strong><\/td><td>Aplica\u00e7\u00e3o da Prova e Reda\u00e7\u00e3o Abertura dos port\u00f5es a partir das 12h<\/td><\/tr><tr><td><strong><em>19\/05\/2025 a partir das 15h<\/em><\/strong><\/td><td>Divulga\u00e7\u00e3o do Gabarito Oficial<\/td><\/tr><tr><td><strong><em>De 20\/05 at\u00e9 21\/05\/2025<\/em><\/strong><\/td><td>Recurso referente ao Gabarito Oficial<\/td><\/tr><tr><td><strong><em>24\/06\/2025 a partir das 15h<\/em><\/strong><\/td><td>Divulga\u00e7\u00e3o da an\u00e1lise dos recursos contra o Gabarito Oficial<\/td><\/tr><tr><td><strong><em>24\/06\/2025 a partir das 15h<\/em><\/strong><\/td><td>Publica\u00e7\u00e3o do resultado oficial e da 1a chamada<\/td><\/tr><tr><td><strong><em>25\/06 a 30\/06\/2025<\/em><\/strong><\/td><td>Data para os candidatos convocados na 1\u00aa chamada efetivarem a matr\u00edcula<\/td><\/tr><tr><td><strong><em>03\/07\/2025 a partir das 15h<\/em><\/strong><\/td><td>Publica\u00e7\u00e3o da 2\u00aa chamada<\/td><\/tr><tr><td><strong><em>04\/07 a 07\/07\/2025<\/em><\/strong><\/td><td>Data para os candidatos convocados na 2\u00aa chamada efetivarem a matr\u00edcula<\/td><\/tr><tr><td><strong><em>11\/07\/2025 a partir das 15h<\/em><\/strong><\/td><td>Publica\u00e7\u00e3o da 3\u00aa chamada<\/td><\/tr><tr><td><strong><em>14\/07 e 15\/07\/2025<\/em><\/strong><\/td><td>Data para os candidatos convocados na 3\u00aa chamada efetivarem a matr\u00edcula<\/td><\/tr><tr><td><strong><em>21\/07\/2025<\/em><\/strong><\/td><td>In\u00edcio do per\u00edodo letivo<\/td><\/tr><\/tbody><\/table><\/figure>\n\n\n\n<p><strong><em><strong><em><strong><em><strong><em><strong><em><strong><em><strong><em><strong><em><strong><em><strong><em><strong><em><strong><em><strong><em><strong><em><strong><em><strong><em><strong><em><strong><em><strong><em><strong><em><strong><em><strong><em><strong><em><strong><em><strong><em><strong><em><strong><em><strong><em><strong><em><strong><em><strong><em><strong><em><strong><em><strong><em><strong><em><strong><em><strong><em><strong><em><strong><em><strong><em><strong><em><strong><em><strong><em><strong><em><strong><em><strong><em><strong><em><strong><em><strong><em><strong><em><strong><em><strong><em><strong><em><strong><em><strong><em><strong><em><strong><em><strong><em><strong><em><strong><em><strong><em><strong><em><strong><em><strong><em><strong><em><strong><em><strong><em><strong><em><strong><em><strong><em><strong><em><strong><em><strong><em><strong><em><strong><em><strong><em><strong><em><strong><em><strong><em><strong><em><strong><em><strong><em><strong><em><strong><em><strong><em><strong><em><strong><em><strong><em><strong><em><strong><em><strong><em><strong><em><strong><em><strong><em><strong><em><strong><em><strong><em><strong><em><strong><em><strong><em><strong><em><strong><em><strong><em><strong><em><strong><em><strong><em><strong><em><strong><em><strong><em><strong><em><strong><em><strong><em><strong><em><strong><em><strong><em><strong><em><strong><em><strong><em><strong><em><strong><em><strong><em><strong><em><strong><em><strong><em><strong><em><strong><em><strong><em><strong><em><strong><em><strong><em><strong><em><strong><em><strong><em><strong><em><strong><em><strong><em><strong><em><strong><em><strong><em><strong><em><strong><em><strong><em><strong><em><strong><em><strong><em><strong><em><strong><em><strong><em><strong><em><strong><em><strong><em><strong><em><strong><em><strong><em><strong><em><strong><em><strong><em><strong><em><strong><em><strong><em><strong><em><strong><em><strong><em><strong><em><strong><em><strong><em><strong><em><strong><em><strong><em><strong><em><strong><em><strong><em><strong><em><strong><em><strong><em><strong><em><strong><em><strong><em><strong><em><strong><em><strong><em><strong><em><strong><em><strong><em><strong><em><strong><em><strong><em><strong><em><strong><em><strong><em><strong><em><strong><em><strong><em><strong><em><strong><em><strong><em><strong><em><strong><em><strong><em><strong><em><strong><em><strong><em><strong><em><strong><em><strong><em><strong><em><strong><em><strong><em><strong><em><strong><em><strong><em><strong><em><strong><em><strong><em><strong><em><strong><em><strong><em><strong><em><strong><em><strong><em><strong><em><strong><em><strong><em><strong><em><strong><em><strong><em><strong><em><strong><em><strong><em><strong><em><strong><em><strong><em><strong><em><strong><em><strong><em><strong><em><strong><em><strong><em><strong><em><strong><em><strong><em><strong><em><strong><em><strong><em><strong><em><strong><em><strong><em><strong><em><strong><em><strong><em><strong>Siga nossas redes sociais e\u00a0participe da nossa comunidade do Canal de noticias do Roni Paparazzi no Whatsapp e receba as principais not\u00edcias da regi\u00e3o de Ara\u00e7atuba do dia direto no seu celular siga nosso \u00a0<a href=\"https:\/\/www.instagram.com\/ronipaparazzi\/\">Instagram e\u00a0<\/a><a href=\"https:\/\/www.facebook.com\/ronipaparazzicomvoce\">Facebook<\/a><a href=\"https:\/\/chat.whatsapp.com\/GsG1XKo0jPOEfjzudWQcml\" target=\"_blank\" rel=\"noreferrer noopener\">\u00a0Clique aqui e se inscreva.<\/a><\/strong><\/em><\/strong><\/em><\/strong><\/em><\/strong><\/em><\/strong><\/em><\/strong><\/em><\/strong><\/em><\/strong><\/em><\/strong><\/em><\/strong><\/em><\/strong><\/em><\/strong><\/em><\/strong><\/em><\/strong><\/em><\/strong><\/em><\/strong><\/em><\/strong><\/em><\/strong><\/em><\/strong><\/em><\/strong><\/em><\/strong><\/em><\/strong><\/em><\/strong><\/em><\/strong><\/em><\/strong><\/em><\/strong><\/em><\/strong><\/em><\/strong><\/em><\/strong><\/em><\/strong><\/em><\/strong><\/em><\/strong><\/em><\/strong><\/em><\/strong><\/em><\/strong><\/em><\/strong><\/em><\/strong><\/em><\/strong><\/em><\/strong><\/em><\/strong><\/em><\/strong><\/em><\/strong><\/em><\/strong><\/em><\/strong><\/em><\/strong><\/em><\/strong><\/em><\/strong><\/em><\/strong><\/em><\/strong><\/em><\/strong><\/em><\/strong><\/em><\/strong><\/em><\/strong><\/em><\/strong><\/em><\/strong><\/em><\/strong><\/em><\/strong><\/em><\/strong><\/em><\/strong><\/em><\/strong><\/em><\/strong><\/em><\/strong><\/em><\/strong><\/em><\/strong><\/em><\/strong><\/em><\/strong><\/em><\/strong><\/em><\/strong><\/em><\/strong><\/em><\/strong><\/em><\/strong><\/em><\/strong><\/em><\/strong><\/em><\/strong><\/em><\/strong><\/em><\/strong><\/em><\/strong><\/em><\/strong><\/em><\/strong><\/em><\/strong><\/em><\/strong><\/em><\/strong><\/em><\/strong><\/em><\/strong><\/em><\/strong><\/em><\/strong><\/em><\/strong><\/em><\/strong><\/em><\/strong><\/em><\/strong><\/em><\/strong><\/em><\/strong><\/em><\/strong><\/em><\/strong><\/em><\/strong><\/em><\/strong><\/em><\/strong><\/em><\/strong><\/em><\/strong><\/em><\/strong><\/em><\/strong><\/em><\/strong><\/em><\/strong><\/em><\/strong><\/em><\/strong><\/em><\/strong><\/em><\/strong><\/em><\/strong><\/em><\/strong><\/em><\/strong><\/em><\/strong><\/em><\/strong><\/em><\/strong><\/em><\/strong><\/em><\/strong><\/em><\/strong><\/em><\/strong><\/em><\/strong><\/em><\/strong><\/em><\/strong><\/em><\/strong><\/em><\/strong><\/em><\/strong><\/em><\/strong><\/em><\/strong><\/em><\/strong><\/em><\/strong><\/em><\/strong><\/em><\/strong><\/em><\/strong><\/em><\/strong><\/em><\/strong><\/em><\/strong><\/em><\/strong><\/em><\/strong><\/em><\/strong><\/em><\/strong><\/em><\/strong><\/em><\/strong><\/em><\/strong><\/em><\/strong><\/em><\/strong><\/em><\/strong><\/em><\/strong><\/em><\/strong><\/em><\/strong><\/em><\/strong><\/em><\/strong><\/em><\/strong><\/em><\/strong><\/em><\/strong><\/em><\/strong><\/em><\/strong><\/em><\/strong><\/em><\/strong><\/em><\/strong><\/em><\/strong><\/em><\/strong><\/em><\/strong><\/em><\/strong><\/em><\/strong><\/em><\/strong><\/em><\/strong><\/em><\/strong><\/em><\/strong><\/em><\/strong><\/em><\/strong><\/em><\/strong><\/em><\/strong><\/em><\/strong><\/em><\/strong><\/em><\/strong><\/em><\/strong><\/em><\/strong><\/em><\/strong><\/em><\/strong><\/em><\/strong><\/em><\/strong><\/em><\/strong><\/em><\/strong><\/em><\/strong><\/em><\/strong><\/em><\/strong><\/em><\/strong><\/em><\/strong><\/em><\/strong><\/em><\/strong><\/em><\/strong><\/em><\/strong><\/em><\/strong><\/em><\/strong><\/em><\/strong><\/em><\/strong><\/em><\/strong><\/em><\/strong><\/em><\/strong><\/em><\/strong><\/em><\/strong><\/em><\/strong><\/em><\/strong><\/em><\/strong><\/em><\/strong><\/em><\/strong><\/em><\/strong><\/em><\/strong><\/em><\/strong><\/em><\/strong><\/em><\/strong><\/em><\/strong><\/em><\/strong><\/em><\/strong><\/em><\/strong><\/em><\/strong><\/em><\/strong><\/em><\/strong><\/em><\/strong><\/em><\/strong><\/em><\/strong><\/em><\/strong><\/em><\/strong><\/em><\/strong><\/em><\/strong><\/em><\/strong><\/em><\/strong><\/em><\/strong><\/em><\/strong><\/em><\/strong><\/em><\/strong><\/em><\/strong><\/em><\/strong><\/em><\/strong><\/em><\/strong><\/em><\/strong><\/em><\/strong><\/em><\/strong><\/em><\/strong><\/em><\/strong><\/em><\/strong><\/em><\/strong><\/em><\/strong><\/em><\/strong><\/em><\/strong><\/em><\/strong><\/em><\/strong><\/em><\/strong><\/em><\/strong><\/em><\/strong><\/em><\/strong><\/em><\/strong><\/em><\/strong><\/em><\/strong><\/p>\n","protected":false},"excerpt":{"rendered":"<p>As inscri\u00e7\u00f5es para o Vestibular 2025 da Universidade Virtual do Estado de S\u00e3o Paulo (Univesp), v\u00e3o at\u00e9 07\/04, \u00e0s 23h59, e devem ser feitas pelo site:\u00a0vestibular.univesp.br\u00a0.No total, s\u00e3o ofertadas 22.935 vagas,\u00a0destinadas a 432 polos, de 373 munic\u00edpios (capital, interior e litoral). S\u00e3o oferecidos nove cursos gratuitos: Letras, Matem\u00e1tica e Pedagogia (Eixo de Licenciatura), Ci\u00eancia de &hellip;<\/p>\n","protected":false},"author":1,"featured_media":17044,"comment_status":"open","ping_status":"open","sticky":false,"template":"","format":"standard","meta":{"_jetpack_memberships_contains_paid_content":false,"footnotes":"","jetpack_publicize_message":"","jetpack_publicize_feature_enabled":true,"jetpack_social_post_already_shared":false,"jetpack_social_options":{"image_generator_settings":{"template":"highway","default_image_id":0,"enabled":false},"version":2}},"categories":[4],"tags":[],"class_list":["post-17043","post","type-post","status-publish","format-standard","has-post-thumbnail","hentry","category-regiao"],"jetpack_publicize_connections":[],"jetpack_featured_media_url":"https:\/\/i0.wp.com\/www.paparazzinews.com.br\/wp-content\/uploads\/2025\/03\/48260ad0-565c-4e33-9bae-57c8f5daac13.jpeg?fit=1024%2C681&ssl=1","views":"706","jetpack_likes_enabled":true,"jetpack_sharing_enabled":true,"_links":{"self":[{"href":"https:\/\/www.paparazzinews.com.br\/index.php?rest_route=\/wp\/v2\/posts\/17043","targetHints":{"allow":["GET"]}}],"collection":[{"href":"https:\/\/www.paparazzinews.com.br\/index.php?rest_route=\/wp\/v2\/posts"}],"about":[{"href":"https:\/\/www.paparazzinews.com.br\/index.php?rest_route=\/wp\/v2\/types\/post"}],"author":[{"embeddable":true,"href":"https:\/\/www.paparazzinews.com.br\/index.php?rest_route=\/wp\/v2\/users\/1"}],"replies":[{"embeddable":true,"href":"https:\/\/www.paparazzinews.com.br\/index.php?rest_route=%2Fwp%2Fv2%2Fcomments&post=17043"}],"version-history":[{"count":1,"href":"https:\/\/www.paparazzinews.com.br\/index.php?rest_route=\/wp\/v2\/posts\/17043\/revisions"}],"predecessor-version":[{"id":17045,"href":"https:\/\/www.paparazzinews.com.br\/index.php?rest_route=\/wp\/v2\/posts\/17043\/revisions\/17045"}],"wp:featuredmedia":[{"embeddable":true,"href":"https:\/\/www.paparazzinews.com.br\/index.php?rest_route=\/wp\/v2\/media\/17044"}],"wp:attachment":[{"href":"https:\/\/www.paparazzinews.com.br\/index.php?rest_route=%2Fwp%2Fv2%2Fmedia&parent=17043"}],"wp:term":[{"taxonomy":"category","embeddable":true,"href":"https:\/\/www.paparazzinews.com.br\/index.php?rest_route=%2Fwp%2Fv2%2Fcategories&post=17043"},{"taxonomy":"post_tag","embeddable":true,"href":"https:\/\/www.paparazzinews.com.br\/index.php?rest_route=%2Fwp%2Fv2%2Ftags&post=17043"}],"curies":[{"name":"wp","href":"https:\/\/api.w.org\/{rel}","templated":true}]}}