{"id":1700,"date":"2023-01-12T15:55:14","date_gmt":"2023-01-12T18:55:14","guid":{"rendered":"https:\/\/www.paparazzinews.com.br\/?p=1700"},"modified":"2023-01-12T15:55:15","modified_gmt":"2023-01-12T18:55:15","slug":"andradina-e-cenario-para-filme-de-producao-internacional","status":"publish","type":"post","link":"https:\/\/www.paparazzinews.com.br\/?p=1700","title":{"rendered":"Andradina \u00e9 cen\u00e1rio para filme de produ\u00e7\u00e3o internacional"},"content":{"rendered":"\n<p>Durante a \u00faltima semana Andradina foi a loca\u00e7\u00e3o da grava\u00e7\u00e3o de um longa-metragem, uma produ\u00e7\u00e3o luso-brasileira que ati\u00e7ou a curiosidade de muita gente. O Tub\u00e9rculo, uma produ\u00e7\u00e3o da Fratura Filmes, \u00e9 o primeiro filme rodado em Andradina e ainda ter\u00e1 filmagens na Fran\u00e7a e Portugal. Foram captadas imagens com os personagens que podem ser vistos pelas ruas. Andradina foi retratada em seu tempo atual.<\/p>\n\n\n\n<p>A Fratura Filmes \u00e9 uma produtora sediada em S\u00e3o Paulo. Desde 2009, investimos em projetos arrojados que lidam com amor e afeto atrav\u00e9s de uma forte explora\u00e7\u00e3o da linguagem cinematogr\u00e1fica. Nossas produ\u00e7\u00f5es foram exibidas em renomados festivais como FIDMarseille, Rotterdam Film Festival, Visions du R\u00e9el, Rencontres de Toulouse, S\u00e3o Paulo Int\u2019 FF, Janela Internacional e Queer Lisboa. Com um escopo em obras de baixo or\u00e7amento com visibilidade nos mais renomados festivais, a Fratura Filmes \u00e9 dirigida por Julia Bogochvol, produtora executiva, e Lucas Camargo de Barros, produtor e diretor.<\/p>\n\n\n\n<p>O filme \u00e9 uma obra do cineasta andradinense Lucas Camargo de Barros, que, ao lado de Nicolas Thom\u00e9 Zetune, estrearam em 2018 no renomado festival FIDMarseille (Fran\u00e7a) com seu primeiro longa-metragem, \u201cO Pequeno Mal\u201d (2018). Agora com o novo projeto filmado em solo andradinense, retomam a parceria. O projeto, em desenvolvimento h\u00e1 mais de 5 anos, teve sua \u00faltima resid\u00eancia de escrita em Lisboa durante o CINECERCA, contando com a consultoria do importante realizador portugu\u00eas Jo\u00e3o Pedro Rodrigues (\u201cO Ornit\u00f3logo\u201d).<\/p>\n\n\n\n<p><strong>O filme<\/strong><br>Na hist\u00f3ria em tela, Gustavo deixou sua pequena cidade natal aos 15 anos e foi viver em Lisboa. Quando sua av\u00f3 morre, ele \u00e9 obrigado a voltar \u00e0 sua cidade natal no Brasil. O retorno para casa, depois de tantos anos, ressuscita amores e lembran\u00e7as. Em meio a uma doen\u00e7a heredit\u00e1ria rara que aflige sua mente e cora\u00e7\u00e3o, ele vai precisar reencontrar suas ra\u00edzes e ser feliz na cidade onde nasceu.<br>Em bot\u00e2nica, tub\u00e9rculo se refere ao caule arredondado que algumas plantas desenvolvem embaixo da terra como \u00f3rg\u00e3os de reserva de energia. Em \u201cO Tub\u00e9rculo\u201d, essa energia vem justamente na cidade natal do protagonista. Criado e escrito por Lucas Camargo de Barros, andradinense, e co-dirigido com Nicolas Thom\u00e9 Zetune, este \u00e9 um filme de longa-metragem de fic\u00e7\u00e3o independente que tem Andradina como palco de uma hist\u00f3ria de volta para casa. Para al\u00e9m da narrativa ficcional, este \u00e9 tamb\u00e9m um filme que documenta o presente da cidade e \u00e9 um registro das intensas transforma\u00e7\u00f5es dos \u00faltimos anos.<\/p>\n\n\n\n<p>O filme atravessa as ruas da cidade e mistura realidade e fic\u00e7\u00e3o. O protagonista, vivido por Gustavo Casabona (pe\u00e7a \u201cO Mist\u00e9rio de Irma Vap\u201d), tem \u00e0 sua volta residentes da cidade que enriquecem a trama misturando vida real e fic\u00e7\u00e3o. \u00c9 um filme feito entre amigos e contou com a participa\u00e7\u00e3o de Tokinha (Wagner Neves da Silva), Maur\u00edcio Ramos e Maria Marlene de Souza Moreira, Sandra Camargo de Barros, Dagmar Caldas, Sara Brito, al\u00e9m de contar participa\u00e7\u00f5es de locais, amigos ou familiares da equipe.<\/p>\n\n\n\n<p><strong>A produ\u00e7\u00e3o<\/strong><br>O projeto foi filmado em um esquema de nano-budget, portanto, um or\u00e7amento extremamente limitado. Durante 8 dias intensos, a equipe de 10 pessoas e 4 atores passou por diversos lugares de Andradina, como o cemit\u00e9rio, o Acqualinda, a antiga e ic\u00f4nica casa do Seu Deocl\u00e9cio, a Igreja, avenida Guanabara, o Bar do Elton, entre outros locais, mostrando assim a cidade a partir da narrativa do filme. A equipe, composta por Andradinenses, Ara\u00e7atubenses, Limeirenses, entre outras naturalidades, ficou hospedada no Oeste Plaza entre os dias 02 e 10 de janeiro de 2023 e contou com o apoio de toda equipe do hotel.<\/p>\n\n\n\n<p>Outra particularidade \u00e9 que o longa-metragem foi filmado em pel\u00edcula Super 8mm. Todo o processo de revela\u00e7\u00e3o, feito diariamente, ficou a cargo de Rodrigo Sousa e Sousa (Mundo em Foco\/Lab.irinto), com assist\u00eancia de Rafael Neri, ambos respons\u00e1veis pela dire\u00e7\u00e3o de fotografia do projeto. Essa \u00e9 uma caracter\u00edstica marcante da produ\u00e7\u00e3o, j\u00e1 que \u00e9 o primeiro longa-metragem brasileiro em S8mm feito depois de 40 anos. A previs\u00e3o de estreia do filme em festivais \u00e9 2024, seguindo para as telas do cinema e, posteriormente, plataformas digitais.<\/p>\n\n\n\n<p><strong>As parcerias<\/strong><br>Este \u00e9 um filme que s\u00f3 p\u00f4de existir por conta das amizades e parcerias criadas durante uma vida toda. Lucas deixou a cidade aos 17 anos, mas sempre se sentia em casa quando voltava. E n\u00e3o foi diferente em seu primeiro projeto realizado em sua terra natal. Mas para al\u00e9m da rede de amigos de Lucas e sua fam\u00edlia, a equipe toda foi abra\u00e7ada neste projeto extremamente intimista.<\/p>\n\n\n\n<p>Em primeiro lugar, \u00e9 de extrema import\u00e2ncia mencionar a prefeitura de Andradina, pelo prefeito Dr. M\u00e1rio Celso e pela assessoria de imprensa representada por Hugo Leonardo, cujo apoio, prestatividade e confian\u00e7a no filme possibilitaram tanto a estadia da equipe na cidade quanto o acesso \u00e0s diversas loca\u00e7\u00f5es, p\u00fablicas e privadas.<\/p>\n\n\n\n<p>Toda a equipe hoteleira, do Wakanda Resort e Oeste Plaza, encabe\u00e7ada por Juliana Placco, foi essencial e provou, mais uma vez, a capacidade do munic\u00edpio em receber eventos e turistas das mais diversas naturezas. Quando filmamos fora de nosso lar, \u00e9 importante encontrar conforto para encarar as longas horas de filmagem e assim aconteceu gra\u00e7as a esse apoio.<\/p>\n\n\n\n<p>Todas as loca\u00e7\u00f5es foram gentilmente cedidas pelos propriet\u00e1rios, como a ic\u00f4nica casa do Seu Deocl\u00e9cio (cedida por Terezinha Pinho de Castro), o Elton (bar do Elton), a vista incr\u00edvel da cidade (seu Z\u00e9, Vera e Poliana \u00d3bice), o Rancho TK (Ant\u00f4nio Carlos Gomes Filho), o Acqualinda, Cemit\u00e9rio, entre outros locais. Tamb\u00e9m contamos com apoio de empresas como Shopping Oeste Plaza, Cupim e Cia, Frigor\u00edfico 3D, Curral Charcutaria, al\u00e9m do Restaurante Villa Verde.<\/p>\n","protected":false},"excerpt":{"rendered":"<p>Durante a \u00faltima semana Andradina foi a loca\u00e7\u00e3o da grava\u00e7\u00e3o de um longa-metragem, uma produ\u00e7\u00e3o luso-brasileira que ati\u00e7ou a curiosidade de muita gente. O Tub\u00e9rculo, uma produ\u00e7\u00e3o da Fratura Filmes, \u00e9 o primeiro filme rodado em Andradina e ainda ter\u00e1 filmagens na Fran\u00e7a e Portugal. Foram captadas imagens com os personagens que podem ser vistos &hellip;<\/p>\n","protected":false},"author":1,"featured_media":1701,"comment_status":"open","ping_status":"open","sticky":false,"template":"","format":"standard","meta":{"_jetpack_memberships_contains_paid_content":false,"footnotes":"","jetpack_publicize_message":"","jetpack_publicize_feature_enabled":true,"jetpack_social_post_already_shared":false,"jetpack_social_options":{"image_generator_settings":{"template":"highway","default_image_id":0,"enabled":false},"version":2}},"categories":[6],"tags":[],"class_list":["post-1700","post","type-post","status-publish","format-standard","has-post-thumbnail","hentry","category-entretenimento"],"jetpack_publicize_connections":[],"jetpack_featured_media_url":"https:\/\/i0.wp.com\/www.paparazzinews.com.br\/wp-content\/uploads\/2023\/01\/8e46f179-ea28-412b-b032-e9ac5da3d7db-e1673549654549.jpg?fit=1000%2C750&ssl=1","views":"7813","jetpack_likes_enabled":true,"jetpack_sharing_enabled":true,"_links":{"self":[{"href":"https:\/\/www.paparazzinews.com.br\/index.php?rest_route=\/wp\/v2\/posts\/1700","targetHints":{"allow":["GET"]}}],"collection":[{"href":"https:\/\/www.paparazzinews.com.br\/index.php?rest_route=\/wp\/v2\/posts"}],"about":[{"href":"https:\/\/www.paparazzinews.com.br\/index.php?rest_route=\/wp\/v2\/types\/post"}],"author":[{"embeddable":true,"href":"https:\/\/www.paparazzinews.com.br\/index.php?rest_route=\/wp\/v2\/users\/1"}],"replies":[{"embeddable":true,"href":"https:\/\/www.paparazzinews.com.br\/index.php?rest_route=%2Fwp%2Fv2%2Fcomments&post=1700"}],"version-history":[{"count":1,"href":"https:\/\/www.paparazzinews.com.br\/index.php?rest_route=\/wp\/v2\/posts\/1700\/revisions"}],"predecessor-version":[{"id":1702,"href":"https:\/\/www.paparazzinews.com.br\/index.php?rest_route=\/wp\/v2\/posts\/1700\/revisions\/1702"}],"wp:featuredmedia":[{"embeddable":true,"href":"https:\/\/www.paparazzinews.com.br\/index.php?rest_route=\/wp\/v2\/media\/1701"}],"wp:attachment":[{"href":"https:\/\/www.paparazzinews.com.br\/index.php?rest_route=%2Fwp%2Fv2%2Fmedia&parent=1700"}],"wp:term":[{"taxonomy":"category","embeddable":true,"href":"https:\/\/www.paparazzinews.com.br\/index.php?rest_route=%2Fwp%2Fv2%2Fcategories&post=1700"},{"taxonomy":"post_tag","embeddable":true,"href":"https:\/\/www.paparazzinews.com.br\/index.php?rest_route=%2Fwp%2Fv2%2Ftags&post=1700"}],"curies":[{"name":"wp","href":"https:\/\/api.w.org\/{rel}","templated":true}]}}