{"id":169,"date":"2022-06-24T15:39:47","date_gmt":"2022-06-24T18:39:47","guid":{"rendered":"https:\/\/www.paparazzinews.com.br\/?p=169"},"modified":"2022-06-24T15:39:49","modified_gmt":"2022-06-24T18:39:49","slug":"programa-musica-salva-encerra-semana-de-mobilizacao-e-conscientizacao-contra-as-drogas%ef%bf%bc%ef%bf%bc","status":"publish","type":"post","link":"https:\/\/www.paparazzinews.com.br\/?p=169","title":{"rendered":"Programa M\u00fasica Salva encerra Semana de Mobiliza\u00e7\u00e3o e Conscientiza\u00e7\u00e3o Contra as Drogas\ufffc\ufffc"},"content":{"rendered":"\n<p>A Secretaria de Sa\u00fade e Vigil\u00e2ncia Epidemiol\u00f3gica de Castilho encerrou oficialmente nesta manh\u00e3 de sexta-feira (24) as atividades desenvolvidas nos \u00faltimos 15 dias com o objetivo de conscientizar toda a comunidade local sobre a gravidade do consumo de drogas e seus efeitos severos em pacientes sob tratamento e seus familiares.<\/p>\n\n\n\n<p>A intensa programa\u00e7\u00e3o come\u00e7ou no in\u00edcio da semana passada, com o lan\u00e7amento de uma s\u00e9rie de seis v\u00eddeos institucionais com entrevistas reais realizadas com cidad\u00e3os que lutam contra o v\u00edcio e tamb\u00e9m com seus familiares.<\/p>\n\n\n\n<p>Intitulada \u201c<strong>O Problema \u00c9 Nosso<\/strong>\u201d, a s\u00e9rie tamb\u00e9m serviu como convite para que profissionais de Sa\u00fade e demais representantes da sociedade pudessem comparecer ao I F\u00f3rum Municipal de Sa\u00fade Mental e Drogadi\u00e7\u00e3o, realizado durante toda a manh\u00e3 desta quarta-feira (22), no Anfiteatro do CIEC. O sucesso e ampla divulga\u00e7\u00e3o acabaram transformando o evento em um acontecimento regional, atraindo representantes da Sa\u00fade P\u00fablica de v\u00e1rias cidades vizinhas.<\/p>\n\n\n\n<p>Na noite anterior ao evento principal da programa\u00e7\u00e3o, a secret\u00e1ria M\u00e1rcia Zoteli e o Prefeito Paulo Boaventura realizaram um encontro especial com o grupo \u201cAcolher Com Amor e Limites\u201d, que presta atendimento emocional e terap\u00eautico tanto \u00e0queles que lutam para livrar-se do v\u00edcio quanto aos seus familiares.<\/p>\n\n\n\n<p>J\u00e1 nesta quinta-feira \u00e0 noite, o CIEC voltou a receber os funcion\u00e1rios p\u00fablicos ligados \u00e0 Secretaria de Sa\u00fade com uma palestra motivacional com o tema \u201c<strong>Empatia na Pr\u00e1tica<\/strong>\u201d. O Psic\u00f3logo cl\u00ednico e coach profissional J\u00falio C\u00e9sar da Silva, foi o convidado de M\u00e1rcia Zoteli para falar sobre o tema e agir como facilitador do di\u00e1logo com o funcionalismo p\u00fablico. Para cumprir essa nobre miss\u00e3o, J\u00falio C\u00e9sar usou sua rica bagagem profissional trilhada nos \u00faltimos 06 anos, atendendo diariamente e conduzindo indiv\u00edduos e equipes a trilhar novos passos com coragem, confian\u00e7a, motiva\u00e7\u00e3o e engajamento.<\/p>\n\n\n\n<p>Por fim, a semana de mobiliza\u00e7\u00e3o para enfrentamento das doen\u00e7as de sa\u00fade mental e drogadi\u00e7\u00e3o foi encerrada com a presen\u00e7a dos m\u00fasicos integrantes da Oficina Municipal de Violinos, que participam do programa&nbsp;<strong>M\u00daSICA SALVA<\/strong>. Criado pelo setor de Cultura da Prefeitura de Castilho, o programa revesa suas apresenta\u00e7\u00f5es mensais entre o Hospital Jos\u00e9 Fortuna e o Centro Integrado de Sa\u00fade, com o objetivo de proporcionar momentos de encantamento musical \u00e0queles que esperam atendimento m\u00e9dico nestas ocasi\u00f5es. Na visita realizada nesta manh\u00e3 de sexta-feira, M\u00e1rcia Zoteli e a assessora de Cultura, N\u00ea Adono, percorreram todos os corredores internos do CIS acompanhados pelo trio de violinistas e suas belas can\u00e7\u00f5es. Na sala de espera principal, eles executaram tr\u00eas m\u00fasicas entre aplausos e filmagens dos pacientes e funcion\u00e1rios. At\u00e9 mesmo a Central de Ambul\u00e2ncias foi inclu\u00edda nesta que foi a 5\u00aa apresenta\u00e7\u00e3o do programa lan\u00e7ado no final do ano passado.<\/p>\n\n\n\n<blockquote class=\"wp-block-quote is-layout-flow wp-block-quote-is-layout-flow\"><p>\u201c<em><strong>Todos n\u00f3s da Secretaria de Sa\u00fade estamos satisfeitos com os resultados conjuntos de todo este trabalho que realizamos nos \u00faltimos quinze dias e cujo sucesso s\u00f3 foi poss\u00edvel gra\u00e7as ao apoio e incentivo incondicional do nosso prefeito Paulo Boaventura, e tamb\u00e9m \u00e0s parcerias com as secretarias municipais de Educa\u00e7\u00e3o, Cultura e Desporto, Assist\u00eancia Social e Cidadania, Fundo Social de Solidariedade e, \u00e9 claro, a sociedade castilhense e profissionais de toda a regi\u00e3o que contribu\u00edram com suas presen\u00e7as e compartilhamento dos conhecimentos profissionais. Nosso pr\u00f3ximo passo \u00e9 a instala\u00e7\u00e3o de uma C\u00e2mara T\u00e9cnica cuja miss\u00e3o ser\u00e1 formular as pol\u00edticas p\u00fablicas castilhenses para enfrentamento \u00e0s drogas e acolhimento aos usu\u00e1rios e familiares<\/strong><\/em>\u201d, finalizou M\u00e1rcia em sua avalia\u00e7\u00e3o final das atividades.<\/p><\/blockquote>\n","protected":false},"excerpt":{"rendered":"<p>A Secretaria de Sa\u00fade e Vigil\u00e2ncia Epidemiol\u00f3gica de Castilho encerrou oficialmente nesta manh\u00e3 de sexta-feira (24) as atividades desenvolvidas nos \u00faltimos 15 dias com o objetivo de conscientizar toda a comunidade local sobre a gravidade do consumo de drogas e seus efeitos severos em pacientes sob tratamento e seus familiares. A intensa programa\u00e7\u00e3o come\u00e7ou no &hellip;<\/p>\n","protected":false},"author":1,"featured_media":170,"comment_status":"open","ping_status":"open","sticky":false,"template":"","format":"standard","meta":{"_jetpack_memberships_contains_paid_content":false,"footnotes":"","jetpack_publicize_message":"","jetpack_publicize_feature_enabled":true,"jetpack_social_post_already_shared":false,"jetpack_social_options":{"image_generator_settings":{"template":"highway","default_image_id":0,"enabled":false},"version":2}},"categories":[4],"tags":[],"class_list":["post-169","post","type-post","status-publish","format-standard","has-post-thumbnail","hentry","category-regiao"],"jetpack_publicize_connections":[],"jetpack_featured_media_url":"https:\/\/i0.wp.com\/www.paparazzinews.com.br\/wp-content\/uploads\/2022\/06\/cc6e03fccd41c6c654334d2e4b2c1a8c.jpg?fit=800%2C450&ssl=1","views":"3396","jetpack_likes_enabled":true,"jetpack_sharing_enabled":true,"_links":{"self":[{"href":"https:\/\/www.paparazzinews.com.br\/index.php?rest_route=\/wp\/v2\/posts\/169","targetHints":{"allow":["GET"]}}],"collection":[{"href":"https:\/\/www.paparazzinews.com.br\/index.php?rest_route=\/wp\/v2\/posts"}],"about":[{"href":"https:\/\/www.paparazzinews.com.br\/index.php?rest_route=\/wp\/v2\/types\/post"}],"author":[{"embeddable":true,"href":"https:\/\/www.paparazzinews.com.br\/index.php?rest_route=\/wp\/v2\/users\/1"}],"replies":[{"embeddable":true,"href":"https:\/\/www.paparazzinews.com.br\/index.php?rest_route=%2Fwp%2Fv2%2Fcomments&post=169"}],"version-history":[{"count":1,"href":"https:\/\/www.paparazzinews.com.br\/index.php?rest_route=\/wp\/v2\/posts\/169\/revisions"}],"predecessor-version":[{"id":171,"href":"https:\/\/www.paparazzinews.com.br\/index.php?rest_route=\/wp\/v2\/posts\/169\/revisions\/171"}],"wp:featuredmedia":[{"embeddable":true,"href":"https:\/\/www.paparazzinews.com.br\/index.php?rest_route=\/wp\/v2\/media\/170"}],"wp:attachment":[{"href":"https:\/\/www.paparazzinews.com.br\/index.php?rest_route=%2Fwp%2Fv2%2Fmedia&parent=169"}],"wp:term":[{"taxonomy":"category","embeddable":true,"href":"https:\/\/www.paparazzinews.com.br\/index.php?rest_route=%2Fwp%2Fv2%2Fcategories&post=169"},{"taxonomy":"post_tag","embeddable":true,"href":"https:\/\/www.paparazzinews.com.br\/index.php?rest_route=%2Fwp%2Fv2%2Ftags&post=169"}],"curies":[{"name":"wp","href":"https:\/\/api.w.org\/{rel}","templated":true}]}}