{"id":1663,"date":"2023-01-11T14:16:55","date_gmt":"2023-01-11T17:16:55","guid":{"rendered":"https:\/\/www.paparazzinews.com.br\/?p=1663"},"modified":"2023-01-11T14:16:57","modified_gmt":"2023-01-11T17:16:57","slug":"quase-20-mil-pessoas-presas-em-sp-fazem-o-enem","status":"publish","type":"post","link":"https:\/\/www.paparazzinews.com.br\/?p=1663","title":{"rendered":"Quase 20 mil pessoas presas em SP fazem o Enem"},"content":{"rendered":"\n<p>A Secretaria da Administra\u00e7\u00e3o Penitenciaria (SAP) inscreveu, neste ano, 19.597 presos no Exame Nacional do Ensino M\u00e9dio para Privados de Liberdade (Enem PPL) ante 17.380 do \u00faltimo exame, um aumento de 12,75% no Estado. Nas unidades prisionais da regi\u00e3o,\u00a0<strong>o aumento foi cerca de 25%, saltando de 1.591 participantes para 1986, de um ano para o outro<\/strong>.\u00a0\u00a0As provas est\u00e3o sendo aplicadas nesta ter\u00e7a-feira (10) e quarta-feira (11) nas unidades penais do Estado de S\u00e3o Paulo.\u00a0<\/p>\n\n\n\n<p>O Enem PPL avalia o desempenho do reeducando que terminou o Ensino M\u00e9dio e, a partir de crit\u00e9rios utilizados pelo Minist\u00e9rio da Educa\u00e7\u00e3o (MEC), permite que ele tenha acesso ao Ensino Superior com programas como Sistema de Sele\u00e7\u00e3o Unificada (SISU) e Programa Universidade para Todos (ProUni) e Financiamento Estudantil (Fies). &nbsp;&nbsp;<\/p>\n\n\n\n<p>A avalia\u00e7\u00e3o \u00e9 realizada pelo Instituto Nacional de Estudos e Pesquisas Educacionais An\u00edsio Teixeira (Inep). Segundo o \u00f3rg\u00e3o, as provas t\u00eam o mesmo grau de dificuldade do Enem regular, realizado em novembro de 2022.&nbsp;<strong>Os dados regionais referem-se \u00e0s unidades de Andradina, Lav\u00ednia, Mirand\u00f3polis, Riol\u00e2ndia, Valpara\u00edso, Ic\u00e9m, Nova Independ\u00eancia, Paulo de Faria, S\u00e3o Jos\u00e9 do Rio Preto, Ara\u00e7atuba e Birigui.<\/strong>&nbsp;&nbsp;<\/p>\n\n\n\n<p>O exame anual \u00e9 um instrumento valioso no processo educacional desenvolvido nas unidades prisionais. Principalmente por possibilitar acesso ao Ensino Superior, contribuindo com&nbsp;o&nbsp;trabalho di\u00e1rio de reintegra\u00e7\u00e3o social da SAP.&nbsp;Os presos que participam da avalia\u00e7\u00e3o refor\u00e7aram os estudos nos \u00faltimos meses para garantir um bom desempenho no Enem PPL.&nbsp;<\/p>\n","protected":false},"excerpt":{"rendered":"<p>A Secretaria da Administra\u00e7\u00e3o Penitenciaria (SAP) inscreveu, neste ano, 19.597 presos no Exame Nacional do Ensino M\u00e9dio para Privados de Liberdade (Enem PPL) ante 17.380 do \u00faltimo exame, um aumento de 12,75% no Estado. Nas unidades prisionais da regi\u00e3o,\u00a0o aumento foi cerca de 25%, saltando de 1.591 participantes para 1986, de um ano para o &hellip;<\/p>\n","protected":false},"author":1,"featured_media":1664,"comment_status":"open","ping_status":"open","sticky":false,"template":"","format":"standard","meta":{"_jetpack_memberships_contains_paid_content":false,"footnotes":"","jetpack_publicize_message":"","jetpack_publicize_feature_enabled":true,"jetpack_social_post_already_shared":false,"jetpack_social_options":{"image_generator_settings":{"template":"highway","default_image_id":0,"enabled":false},"version":2}},"categories":[4],"tags":[],"class_list":["post-1663","post","type-post","status-publish","format-standard","has-post-thumbnail","hentry","category-regiao"],"jetpack_publicize_connections":[],"jetpack_featured_media_url":"https:\/\/i0.wp.com\/www.paparazzinews.com.br\/wp-content\/uploads\/2023\/01\/Foto-2-e1673457217751.jpg?fit=1000%2C750&ssl=1","views":"2882","jetpack_likes_enabled":true,"jetpack_sharing_enabled":true,"_links":{"self":[{"href":"https:\/\/www.paparazzinews.com.br\/index.php?rest_route=\/wp\/v2\/posts\/1663","targetHints":{"allow":["GET"]}}],"collection":[{"href":"https:\/\/www.paparazzinews.com.br\/index.php?rest_route=\/wp\/v2\/posts"}],"about":[{"href":"https:\/\/www.paparazzinews.com.br\/index.php?rest_route=\/wp\/v2\/types\/post"}],"author":[{"embeddable":true,"href":"https:\/\/www.paparazzinews.com.br\/index.php?rest_route=\/wp\/v2\/users\/1"}],"replies":[{"embeddable":true,"href":"https:\/\/www.paparazzinews.com.br\/index.php?rest_route=%2Fwp%2Fv2%2Fcomments&post=1663"}],"version-history":[{"count":1,"href":"https:\/\/www.paparazzinews.com.br\/index.php?rest_route=\/wp\/v2\/posts\/1663\/revisions"}],"predecessor-version":[{"id":1665,"href":"https:\/\/www.paparazzinews.com.br\/index.php?rest_route=\/wp\/v2\/posts\/1663\/revisions\/1665"}],"wp:featuredmedia":[{"embeddable":true,"href":"https:\/\/www.paparazzinews.com.br\/index.php?rest_route=\/wp\/v2\/media\/1664"}],"wp:attachment":[{"href":"https:\/\/www.paparazzinews.com.br\/index.php?rest_route=%2Fwp%2Fv2%2Fmedia&parent=1663"}],"wp:term":[{"taxonomy":"category","embeddable":true,"href":"https:\/\/www.paparazzinews.com.br\/index.php?rest_route=%2Fwp%2Fv2%2Fcategories&post=1663"},{"taxonomy":"post_tag","embeddable":true,"href":"https:\/\/www.paparazzinews.com.br\/index.php?rest_route=%2Fwp%2Fv2%2Ftags&post=1663"}],"curies":[{"name":"wp","href":"https:\/\/api.w.org\/{rel}","templated":true}]}}