{"id":1660,"date":"2023-01-11T14:03:03","date_gmt":"2023-01-11T17:03:03","guid":{"rendered":"https:\/\/www.paparazzinews.com.br\/?p=1660"},"modified":"2023-01-11T14:03:04","modified_gmt":"2023-01-11T17:03:04","slug":"andradina-disponibiliza-em-ubss-teste-do-pezinho","status":"publish","type":"post","link":"https:\/\/www.paparazzinews.com.br\/?p=1660","title":{"rendered":"Andradina disponibiliza em UBSs teste do pezinho"},"content":{"rendered":"\n<p>Todas as Unidades B\u00e1sicas de Andradina passar\u00e3o a oferecer o teste do pezinho. A Secretaria Municipal de Sa\u00fade decidiu por decentralizar a realiza\u00e7\u00e3o do teste capacitando as equipes que se encarregar\u00e3o do procedimento nos rec\u00e9m-nascidos nas unidades de sa\u00fade de Andradina.<\/p>\n\n\n\n<p>Segundo a Coordenadora de Aten\u00e7\u00e3o B\u00e1sica, Carla Back, a descentraliza\u00e7\u00e3o da triagem neonatal (teste do pezinho) nas unidades da rede de sa\u00fade \u00e9 de suma import\u00e2ncia porque amplia o acesso dos beb\u00eas a este tipo de procedimento, podendo organizar a oferta de exames no munic\u00edpio. \u201cTemos como objetivo levar o servi\u00e7o para o mais pr\u00f3ximo poss\u00edvel da popula\u00e7\u00e3o, considerando que o teste do pezinho \u00e9 um exame de triagem fundamental,\u201d destacou.<\/p>\n\n\n\n<p>O teste \u00e9 um direito da crian\u00e7a e um dever dos pais ou respons\u00e1veis. O exame \u00e9 realizado com algumas gotinhas de sangue coletadas no calcanhar do beb\u00ea, podendo assim identificar precocemente doen\u00e7as metab\u00f3licas, gen\u00e9ticas, enzim\u00e1ticas e end\u00f3crinas que podem prejudicar o desenvolvimento da crian\u00e7a, e n\u00e3o apresentam sintomas nos primeiros dias de vida.<\/p>\n\n\n\n<p>TESTE \u2013 O Minist\u00e9rio da Sa\u00fade recomenda que o per\u00edodo ideal de coleta esteja compreendido entre o 3\u00ba e o 5\u00ba dia de vida do rec\u00e9m-nascido. O per\u00edodo Sa\u00fade de Olinda define descentraliza\u00e7\u00e3o do teste do pezinho | 2 de 72 horas (3\u00ba dia de vida) antes do exame \u00e9 essencial para que o funcionamento do organismo do beb\u00ea se estabele\u00e7a e seja poss\u00edvel detectar as doen\u00e7as principalmente a Fenilceton\u00faria, que \u00e9 diagnosticada ap\u00f3s a crian\u00e7a fazer a digest\u00e3o do leite materno. <\/p>\n\n\n\n<p>Para a realiza\u00e7\u00e3o da coleta \u00e9 necess\u00e1rio que os pais ou respons\u00e1veis apresentem a certid\u00e3o de nascimento ou Declara\u00e7\u00e3o de Nascido Vivo (DNV) fornecida pela maternidade (via amarela); Cart\u00e3o SUS (n\u00e3o obrigat\u00f3rio); documento de identifica\u00e7\u00e3o com foto do respons\u00e1vel pela crian\u00e7a e o comprovante de resid\u00eancia.<\/p>\n","protected":false},"excerpt":{"rendered":"<p>Todas as Unidades B\u00e1sicas de Andradina passar\u00e3o a oferecer o teste do pezinho. A Secretaria Municipal de Sa\u00fade decidiu por decentralizar a realiza\u00e7\u00e3o do teste capacitando as equipes que se encarregar\u00e3o do procedimento nos rec\u00e9m-nascidos nas unidades de sa\u00fade de Andradina. Segundo a Coordenadora de Aten\u00e7\u00e3o B\u00e1sica, Carla Back, a descentraliza\u00e7\u00e3o da triagem neonatal (teste &hellip;<\/p>\n","protected":false},"author":1,"featured_media":1661,"comment_status":"open","ping_status":"open","sticky":false,"template":"","format":"standard","meta":{"_jetpack_memberships_contains_paid_content":false,"footnotes":"","jetpack_publicize_message":"","jetpack_publicize_feature_enabled":true,"jetpack_social_post_already_shared":false,"jetpack_social_options":{"image_generator_settings":{"template":"highway","default_image_id":0,"enabled":false},"version":2}},"categories":[4],"tags":[],"class_list":["post-1660","post","type-post","status-publish","format-standard","has-post-thumbnail","hentry","category-regiao"],"jetpack_publicize_connections":[],"jetpack_featured_media_url":"https:\/\/i0.wp.com\/www.paparazzinews.com.br\/wp-content\/uploads\/2023\/01\/8e450189-84bc-40ad-8290-92aa9283237f-e1673456574458.jpg?fit=1000%2C666&ssl=1","views":"2818","jetpack_likes_enabled":true,"jetpack_sharing_enabled":true,"_links":{"self":[{"href":"https:\/\/www.paparazzinews.com.br\/index.php?rest_route=\/wp\/v2\/posts\/1660","targetHints":{"allow":["GET"]}}],"collection":[{"href":"https:\/\/www.paparazzinews.com.br\/index.php?rest_route=\/wp\/v2\/posts"}],"about":[{"href":"https:\/\/www.paparazzinews.com.br\/index.php?rest_route=\/wp\/v2\/types\/post"}],"author":[{"embeddable":true,"href":"https:\/\/www.paparazzinews.com.br\/index.php?rest_route=\/wp\/v2\/users\/1"}],"replies":[{"embeddable":true,"href":"https:\/\/www.paparazzinews.com.br\/index.php?rest_route=%2Fwp%2Fv2%2Fcomments&post=1660"}],"version-history":[{"count":1,"href":"https:\/\/www.paparazzinews.com.br\/index.php?rest_route=\/wp\/v2\/posts\/1660\/revisions"}],"predecessor-version":[{"id":1662,"href":"https:\/\/www.paparazzinews.com.br\/index.php?rest_route=\/wp\/v2\/posts\/1660\/revisions\/1662"}],"wp:featuredmedia":[{"embeddable":true,"href":"https:\/\/www.paparazzinews.com.br\/index.php?rest_route=\/wp\/v2\/media\/1661"}],"wp:attachment":[{"href":"https:\/\/www.paparazzinews.com.br\/index.php?rest_route=%2Fwp%2Fv2%2Fmedia&parent=1660"}],"wp:term":[{"taxonomy":"category","embeddable":true,"href":"https:\/\/www.paparazzinews.com.br\/index.php?rest_route=%2Fwp%2Fv2%2Fcategories&post=1660"},{"taxonomy":"post_tag","embeddable":true,"href":"https:\/\/www.paparazzinews.com.br\/index.php?rest_route=%2Fwp%2Fv2%2Ftags&post=1660"}],"curies":[{"name":"wp","href":"https:\/\/api.w.org\/{rel}","templated":true}]}}