{"id":1645,"date":"2023-01-10T17:00:03","date_gmt":"2023-01-10T20:00:03","guid":{"rendered":"https:\/\/www.paparazzinews.com.br\/?p=1645"},"modified":"2023-01-10T17:00:04","modified_gmt":"2023-01-10T20:00:04","slug":"rapaz-sem-habilitacao-e-preso-conduzindo-moto-furtada-em-andradina","status":"publish","type":"post","link":"https:\/\/www.paparazzinews.com.br\/?p=1645","title":{"rendered":"Rapaz sem habilita\u00e7\u00e3o \u00e9 preso conduzindo moto furtada em Andradina"},"content":{"rendered":"\n<p>O Comando da Atividade Delegada da Pol\u00edcia Militar de Andradina (SP), prendeu um rapaz de 18 anos que n\u00e3o era habilitado, ele conduzia uma motocicleta com queixa de furto registrado em agosto do ano passado.<\/p>\n\n\n\n<p>O Roni Paparazzi apurou, que os policiais estavam em fiscaliza\u00e7\u00e3o de tr\u00e2nsito pela Avenida Guanabara, ao ser abordado o condutor n\u00e3o apresentou registro de CNH- Carteira Nacional de Habilita\u00e7\u00e3o,<\/p>\n\n\n\n<p>A ocorr\u00eancia de recepta\u00e7\u00e3o de produto furtado foi encaminhada para a Pol\u00edcia Civil, onde permaneceu preso \u00e0 disposi\u00e7\u00e3o da Justi\u00e7a. &nbsp;<\/p>\n","protected":false},"excerpt":{"rendered":"<p>O Comando da Atividade Delegada da Pol\u00edcia Militar de Andradina (SP), prendeu um rapaz de 18 anos que n\u00e3o era habilitado, ele conduzia uma motocicleta com queixa de furto registrado em agosto do ano passado. O Roni Paparazzi apurou, que os policiais estavam em fiscaliza\u00e7\u00e3o de tr\u00e2nsito pela Avenida Guanabara, ao ser abordado o condutor &hellip;<\/p>\n","protected":false},"author":1,"featured_media":1646,"comment_status":"open","ping_status":"open","sticky":false,"template":"","format":"standard","meta":{"_jetpack_memberships_contains_paid_content":false,"footnotes":"","jetpack_publicize_message":"","jetpack_publicize_feature_enabled":true,"jetpack_social_post_already_shared":false,"jetpack_social_options":{"image_generator_settings":{"template":"highway","default_image_id":0,"enabled":false},"version":2}},"categories":[3],"tags":[],"class_list":["post-1645","post","type-post","status-publish","format-standard","has-post-thumbnail","hentry","category-policial"],"jetpack_publicize_connections":[],"jetpack_featured_media_url":"https:\/\/i0.wp.com\/www.paparazzinews.com.br\/wp-content\/uploads\/2023\/01\/ea7aac8e-d3eb-478e-9659-f5db05d33702.jpg?fit=1024%2C741&ssl=1","views":"3572","jetpack_likes_enabled":true,"jetpack_sharing_enabled":true,"_links":{"self":[{"href":"https:\/\/www.paparazzinews.com.br\/index.php?rest_route=\/wp\/v2\/posts\/1645","targetHints":{"allow":["GET"]}}],"collection":[{"href":"https:\/\/www.paparazzinews.com.br\/index.php?rest_route=\/wp\/v2\/posts"}],"about":[{"href":"https:\/\/www.paparazzinews.com.br\/index.php?rest_route=\/wp\/v2\/types\/post"}],"author":[{"embeddable":true,"href":"https:\/\/www.paparazzinews.com.br\/index.php?rest_route=\/wp\/v2\/users\/1"}],"replies":[{"embeddable":true,"href":"https:\/\/www.paparazzinews.com.br\/index.php?rest_route=%2Fwp%2Fv2%2Fcomments&post=1645"}],"version-history":[{"count":1,"href":"https:\/\/www.paparazzinews.com.br\/index.php?rest_route=\/wp\/v2\/posts\/1645\/revisions"}],"predecessor-version":[{"id":1647,"href":"https:\/\/www.paparazzinews.com.br\/index.php?rest_route=\/wp\/v2\/posts\/1645\/revisions\/1647"}],"wp:featuredmedia":[{"embeddable":true,"href":"https:\/\/www.paparazzinews.com.br\/index.php?rest_route=\/wp\/v2\/media\/1646"}],"wp:attachment":[{"href":"https:\/\/www.paparazzinews.com.br\/index.php?rest_route=%2Fwp%2Fv2%2Fmedia&parent=1645"}],"wp:term":[{"taxonomy":"category","embeddable":true,"href":"https:\/\/www.paparazzinews.com.br\/index.php?rest_route=%2Fwp%2Fv2%2Fcategories&post=1645"},{"taxonomy":"post_tag","embeddable":true,"href":"https:\/\/www.paparazzinews.com.br\/index.php?rest_route=%2Fwp%2Fv2%2Ftags&post=1645"}],"curies":[{"name":"wp","href":"https:\/\/api.w.org\/{rel}","templated":true}]}}