{"id":1634,"date":"2023-01-10T16:03:46","date_gmt":"2023-01-10T19:03:46","guid":{"rendered":"https:\/\/www.paparazzinews.com.br\/?p=1634"},"modified":"2023-01-10T16:03:48","modified_gmt":"2023-01-10T19:03:48","slug":"rapaz-morre-em-aracatuba-para-salvar-a-mae-doou-seu-rim","status":"publish","type":"post","link":"https:\/\/www.paparazzinews.com.br\/?p=1634","title":{"rendered":"Rapaz morre em Ara\u00e7atuba para salvar a m\u00e3e, doou seu rim"},"content":{"rendered":"\n<p>O jovem Kauan Farias, de 20 anos, que teve o\u00a0<a href=\"https:\/\/g1.globo.com\/sp\/sao-jose-do-rio-preto-aracatuba\/noticia\/2023\/01\/07\/mae-recebe-orgao-de-filho-morto-em-acidente-no-interior-de-sao-paulo.ghtml\">rim doado para a pr\u00f3pria m\u00e3e\u00a0<\/a>ap\u00f3s morrer em um acidente de moto, tinha o sonho de se tornar skatista profissional para ajudar a fam\u00edlia com as contas de casa. A informa\u00e7\u00e3o \u00e9 do G1.<\/p>\n\n\n\n<p>Segundo a comerciante Nayara Furquim do Amaral, o sobrinho era participativo, presente e amigo. &#8220;Ele era tudo para minha irm\u00e3. Tamb\u00e9m falava para a m\u00e3e que um dia ia ficar muito famoso&#8221;, diz a tia do jovem. Kauan deu entrada na Santa Casa de\u00a0<a href=\"https:\/\/g1.globo.com\/sp\/sao-jose-do-rio-preto-aracatuba\/cidade\/aracatuba\/\">Ara\u00e7atuba (SP)<\/a>\u00a0no dia 1\u00ba de janeiro de 2023. Ele teve a morte encef\u00e1lica confirmada na ter\u00e7a-feira (3).<\/p>\n\n\n\n<p>Diante da confirma\u00e7\u00e3o do \u00f3bito, a fam\u00edlia do jovem autorizou a doa\u00e7\u00e3o de \u00f3rg\u00e3os.\u00a0<a href=\"https:\/\/g1.globo.com\/sp\/sao-jose-do-rio-preto-aracatuba\/noticia\/2023\/01\/04\/santa-casa-faz-primeira-captacao-multipla-de-orgaos-do-ano-em-aracatuba.ghtml\">A cirurgia de capta\u00e7\u00e3o m\u00faltipla\u00a0<\/a>foi realizada na quarta-feira (4), com apoio de cerca de 40 profissionais.<\/p>\n\n\n\n<p>Segundo a Santa Casa de Ara\u00e7atuba, Graziele Farias, de 37 anos, recebeu o rim doado pelo pr\u00f3prio filho na manh\u00e3 de quinta-feira (5), no Hospital das Cl\u00ednicas de\u00a0<a href=\"https:\/\/g1.globo.com\/sp\/bauru-marilia\/cidade\/botucatu\/\">Botucatu (SP)<\/a>.<\/p>\n\n\n\n<p>Atualmente, a mulher segue internada para se recuperar do transplante, considerado bem-sucedido e sem intercorr\u00eancias pelos profissionais respons\u00e1veis por realiz\u00e1-lo.<\/p>\n\n\n\n<h2 class=\"wp-block-heading\">Batalha<\/h2>\n\n\n\n<p>A batalha de Graziele come\u00e7ou em junho de 2018, quando passou 45 dias no hospital, devido a uma crise severa de hipertens\u00e3o. Ao final da interna\u00e7\u00e3o, a paciente descobriu que precisava fazer hemodi\u00e1lise, pois os rins tinham parado de funcionar.<\/p>\n\n\n\n<p>Com as dificuldades da m\u00e3e, Kauan assumiu a responsabilidade de ajud\u00e1-la em todas as tarefas di\u00e1rias, inclusive acompanh\u00e1-la tr\u00eas vezes por semana nas sess\u00f5es de hemodi\u00e1lise. Segundo Graziele, o filho sempre quis ajud\u00e1-la doando o rim, pois n\u00e3o aguentava v\u00ea-la sofrendo. &#8220;S\u00f3 quem faz hemodi\u00e1lise sabe como \u00e9\u201d, contou a m\u00e3e.<\/p>\n\n\n\n<p>Na \u00e9poca, Kauan era menor de idade e n\u00e3o podia fazer a doa\u00e7\u00e3o, pois a legisla\u00e7\u00e3o diz que o doador precisa ter acima de 23 anos. Ap\u00f3s descobrir que o Hospital das Cl\u00ednicas de Botucatu havia confirmado as duas etapas de compatibilidade para o transplante, Graziele aceitou receber o rim do pr\u00f3prio filho.<\/p>\n\n\n\n<p>&#8220;Ele doou para v\u00e1rias pessoas um pedacinho dele. Estou feliz. Tenho orgulho de ser m\u00e3e do Kauan.\u00a0Ele \u00e9 meu bem mais precioso. Vou guard\u00e1-lo no cora\u00e7\u00e3o, pois n\u00e3o est\u00e1 sendo f\u00e1cil, mas tenho a irm\u00e3 dele para cuidar&#8221;, disse Graziele.<\/p>\n\n\n\n<p>De acordo com a legisla\u00e7\u00e3o que normatiza os transplantes no pa\u00eds, os parentes que estejam na fila de espera t\u00eam prioridade em rela\u00e7\u00e3o aos \u00f3rg\u00e3os de um familiar que se tornou doador ap\u00f3s morte encef\u00e1lica.<\/p>\n\n\n\n<h2 class=\"wp-block-heading\">Sonho<\/h2>\n\n\n\n<p>Atleta h\u00e1 sete anos, Kauan estava em busca do sonho quando sofreu o acidente de moto. Antes da batida, o jovem havia conquistado o segundo lugar em uma competi\u00e7\u00e3o da modalidade.<\/p>\n\n\n\n<blockquote class=\"wp-block-quote is-layout-flow wp-block-quote-is-layout-flow\">\n<p>&#8220;Ele dizia que um dia iria se casar e ter uma fam\u00edlia, mas s\u00f3 faria isso com uma mo\u00e7a que aceitasse a m\u00e3e e a tratasse bem, pois ele jamais a deixaria. Agora n\u00e3o deixar\u00e1 mesmo\u201d, diz Nayara.<\/p>\n<\/blockquote>\n","protected":false},"excerpt":{"rendered":"<p>O jovem Kauan Farias, de 20 anos, que teve o\u00a0rim doado para a pr\u00f3pria m\u00e3e\u00a0ap\u00f3s morrer em um acidente de moto, tinha o sonho de se tornar skatista profissional para ajudar a fam\u00edlia com as contas de casa. A informa\u00e7\u00e3o \u00e9 do G1. Segundo a comerciante Nayara Furquim do Amaral, o sobrinho era participativo, presente &hellip;<\/p>\n","protected":false},"author":1,"featured_media":1635,"comment_status":"open","ping_status":"open","sticky":false,"template":"","format":"standard","meta":{"_jetpack_memberships_contains_paid_content":false,"footnotes":"","jetpack_publicize_message":"","jetpack_publicize_feature_enabled":true,"jetpack_social_post_already_shared":false,"jetpack_social_options":{"image_generator_settings":{"template":"highway","default_image_id":0,"enabled":false},"version":2}},"categories":[4],"tags":[],"class_list":["post-1634","post","type-post","status-publish","format-standard","has-post-thumbnail","hentry","category-regiao"],"jetpack_publicize_connections":[],"jetpack_featured_media_url":"https:\/\/i0.wp.com\/www.paparazzinews.com.br\/wp-content\/uploads\/2023\/01\/2a64186a-9f81-4180-9582-945c8347aca7.jpg?fit=600%2C378&ssl=1","views":"7207","jetpack_likes_enabled":true,"jetpack_sharing_enabled":true,"_links":{"self":[{"href":"https:\/\/www.paparazzinews.com.br\/index.php?rest_route=\/wp\/v2\/posts\/1634","targetHints":{"allow":["GET"]}}],"collection":[{"href":"https:\/\/www.paparazzinews.com.br\/index.php?rest_route=\/wp\/v2\/posts"}],"about":[{"href":"https:\/\/www.paparazzinews.com.br\/index.php?rest_route=\/wp\/v2\/types\/post"}],"author":[{"embeddable":true,"href":"https:\/\/www.paparazzinews.com.br\/index.php?rest_route=\/wp\/v2\/users\/1"}],"replies":[{"embeddable":true,"href":"https:\/\/www.paparazzinews.com.br\/index.php?rest_route=%2Fwp%2Fv2%2Fcomments&post=1634"}],"version-history":[{"count":1,"href":"https:\/\/www.paparazzinews.com.br\/index.php?rest_route=\/wp\/v2\/posts\/1634\/revisions"}],"predecessor-version":[{"id":1636,"href":"https:\/\/www.paparazzinews.com.br\/index.php?rest_route=\/wp\/v2\/posts\/1634\/revisions\/1636"}],"wp:featuredmedia":[{"embeddable":true,"href":"https:\/\/www.paparazzinews.com.br\/index.php?rest_route=\/wp\/v2\/media\/1635"}],"wp:attachment":[{"href":"https:\/\/www.paparazzinews.com.br\/index.php?rest_route=%2Fwp%2Fv2%2Fmedia&parent=1634"}],"wp:term":[{"taxonomy":"category","embeddable":true,"href":"https:\/\/www.paparazzinews.com.br\/index.php?rest_route=%2Fwp%2Fv2%2Fcategories&post=1634"},{"taxonomy":"post_tag","embeddable":true,"href":"https:\/\/www.paparazzinews.com.br\/index.php?rest_route=%2Fwp%2Fv2%2Ftags&post=1634"}],"curies":[{"name":"wp","href":"https:\/\/api.w.org\/{rel}","templated":true}]}}