{"id":1631,"date":"2023-01-10T15:44:44","date_gmt":"2023-01-10T18:44:44","guid":{"rendered":"https:\/\/www.paparazzinews.com.br\/?p=1631"},"modified":"2023-01-10T15:44:45","modified_gmt":"2023-01-10T18:44:45","slug":"comeca-a-retirada-de-calcamento-na-praca-de-andradina","status":"publish","type":"post","link":"https:\/\/www.paparazzinews.com.br\/?p=1631","title":{"rendered":"Come\u00e7a a retirada de cal\u00e7amento na Pra\u00e7a de Andradina"},"content":{"rendered":"\n<p>O Governo de Andradina iniciou o investimento de R$ 487.638,24 (quatrocentos e oitenta e sete mil, seiscentos e trinta e oito Reais e vinte e quatro centavos) na obra que vai revitalizar a pra\u00e7a Ant\u00f4nio Joaquim de Moura Andrade, a Pra\u00e7a Moura Andrade. Segundo Geraldo pila, secret\u00e1rio de Obras de Andradina, nesta etapa, todo cal\u00e7amento ser\u00e1 trocado por um novo piso, pensando na praticidade, durabilidade e com muita import\u00e2ncia a acessibilidade.<\/p>\n\n\n\n<p>O desenho original da pra\u00e7a ser\u00e1 preservado, bem como seus bancos e paisagismo. Tamb\u00e9m receber\u00e1 um novo piso os desenhos da rosa dos ventos, que infelizmente foi danificado com o tempo, mantendo o visual de seu tamanho e desenho original.<\/p>\n\n\n\n<p><strong>Hist\u00f3ria<\/strong><\/p>\n\n\n\n<p>A Moura Andrade sempre reuniu o movimento pulsante de uma sociedade que n\u00e3o parava, seja como refer\u00eancia do centro financeiro ou em suas tardes repletas de andradinenses onde se discutiam os destinos da nossa cidade ou ainda nas horas de descontra\u00e7\u00e3o movimentadas pelas atividades culturais no velho coreto e palco e pelo p\u00fablico atra\u00eddo pelos cinemas, cantinas e restaurantes. O cart\u00e3o de visitas do Centro de Andradina passar\u00e1 pela sua primeira revitaliza\u00e7\u00e3o.<br>Suas esculturas e bustos dos ilustres pioneiros tamb\u00e9m ser\u00e3o mantidos. \u201cA pra\u00e7a n\u00e3o ser\u00e1 descaracterizada e qualquer informa\u00e7\u00e3o al\u00e9m desta descrita \u00e9 apenas boato. Estamos a disposi\u00e7\u00e3o para qualquer esclarecimento\u201d, informou o Secret\u00e1rio de Governo, Ernesto J\u00fanior.<\/p>\n\n\n\n<p><strong>Estacionamento<\/strong><br>A pra\u00e7a Moura Andrade j\u00e1 possui um grande p\u00e1tio central e duas entradas centrais pela Paes Leme e outra pela Ac\u00e1cio e Silva, podendo assim ser apoio para eventualmente estacionar carros em hor\u00e1rios e dias espec\u00edficos, n\u00e3o danificando e nem destruindo seu desenho atual.<\/p>\n\n\n\n<p><strong>Tr\u00e2nsito<\/strong><br>Em decorr\u00eancia das obras de revitaliza\u00e7\u00e3o da Pra\u00e7a Ant\u00f4nio Joaquim de Moura Andrade (Pra\u00e7a Moura Andrade), motoristas devem ficar atentos a poss\u00edveis mudan\u00e7as no tr\u00e2nsito do quadril\u00e1tero principal da pra\u00e7a, principalmente na rua Orensy rodrigues da Silva, entre Paes leme e Ac\u00e1cio e Silva.<\/p>\n\n\n\n<p>Segundo o secret\u00e1rio de Obras, Geraldo Pilla, de hoje (6) at\u00e9 a pr\u00f3xima semana haver\u00e1 interrup\u00e7\u00f5es no transito, principalmente para descarga de materiais para a obra, considerada de grande porte e a primeira que promover\u00e1 uma revitaliza\u00e7\u00e3o significativa na Pra\u00e7a, um verdadeiro patrim\u00f4nio cultural da regi\u00e3o.<\/p>\n","protected":false},"excerpt":{"rendered":"<p>O Governo de Andradina iniciou o investimento de R$ 487.638,24 (quatrocentos e oitenta e sete mil, seiscentos e trinta e oito Reais e vinte e quatro centavos) na obra que vai revitalizar a pra\u00e7a Ant\u00f4nio Joaquim de Moura Andrade, a Pra\u00e7a Moura Andrade. Segundo Geraldo pila, secret\u00e1rio de Obras de Andradina, nesta etapa, todo cal\u00e7amento &hellip;<\/p>\n","protected":false},"author":1,"featured_media":1632,"comment_status":"open","ping_status":"open","sticky":false,"template":"","format":"standard","meta":{"_jetpack_memberships_contains_paid_content":false,"footnotes":"","jetpack_publicize_message":"","jetpack_publicize_feature_enabled":true,"jetpack_social_post_already_shared":false,"jetpack_social_options":{"image_generator_settings":{"template":"highway","default_image_id":0,"enabled":false},"version":2}},"categories":[4],"tags":[],"class_list":["post-1631","post","type-post","status-publish","format-standard","has-post-thumbnail","hentry","category-regiao"],"jetpack_publicize_connections":[],"jetpack_featured_media_url":"https:\/\/i0.wp.com\/www.paparazzinews.com.br\/wp-content\/uploads\/2023\/01\/a1d92a3f-b415-4619-8b6c-67ef582fab79-e1673376276951.jpg?fit=1000%2C666&ssl=1","views":"2695","jetpack_likes_enabled":true,"jetpack_sharing_enabled":true,"_links":{"self":[{"href":"https:\/\/www.paparazzinews.com.br\/index.php?rest_route=\/wp\/v2\/posts\/1631","targetHints":{"allow":["GET"]}}],"collection":[{"href":"https:\/\/www.paparazzinews.com.br\/index.php?rest_route=\/wp\/v2\/posts"}],"about":[{"href":"https:\/\/www.paparazzinews.com.br\/index.php?rest_route=\/wp\/v2\/types\/post"}],"author":[{"embeddable":true,"href":"https:\/\/www.paparazzinews.com.br\/index.php?rest_route=\/wp\/v2\/users\/1"}],"replies":[{"embeddable":true,"href":"https:\/\/www.paparazzinews.com.br\/index.php?rest_route=%2Fwp%2Fv2%2Fcomments&post=1631"}],"version-history":[{"count":1,"href":"https:\/\/www.paparazzinews.com.br\/index.php?rest_route=\/wp\/v2\/posts\/1631\/revisions"}],"predecessor-version":[{"id":1633,"href":"https:\/\/www.paparazzinews.com.br\/index.php?rest_route=\/wp\/v2\/posts\/1631\/revisions\/1633"}],"wp:featuredmedia":[{"embeddable":true,"href":"https:\/\/www.paparazzinews.com.br\/index.php?rest_route=\/wp\/v2\/media\/1632"}],"wp:attachment":[{"href":"https:\/\/www.paparazzinews.com.br\/index.php?rest_route=%2Fwp%2Fv2%2Fmedia&parent=1631"}],"wp:term":[{"taxonomy":"category","embeddable":true,"href":"https:\/\/www.paparazzinews.com.br\/index.php?rest_route=%2Fwp%2Fv2%2Fcategories&post=1631"},{"taxonomy":"post_tag","embeddable":true,"href":"https:\/\/www.paparazzinews.com.br\/index.php?rest_route=%2Fwp%2Fv2%2Ftags&post=1631"}],"curies":[{"name":"wp","href":"https:\/\/api.w.org\/{rel}","templated":true}]}}